{"id":73103,"date":"2025-09-22T14:01:00","date_gmt":"2025-09-22T18:31:00","guid":{"rendered":"https:\/\/www.elmundodelosnegocios.com.do\/v1\/micm-destaca-reconocimiento-internacional-a-la-republica-dominicana-como-uno-de-los-paises-menos-vulnerables-al-comercio-ilicito-en-america-latina\/"},"modified":"2025-09-22T18:33:55","modified_gmt":"2025-09-22T23:03:55","slug":"micm-destaca-reconocimiento-internacional-a-la-republica-dominicana-como-uno-de-los-paises-menos-vulnerables-al-comercio-ilicito-en-america-latina","status":"publish","type":"post","link":"https:\/\/elmundodelosnegocios.com.do\/v1\/micm-destaca-reconocimiento-internacional-a-la-republica-dominicana-como-uno-de-los-paises-menos-vulnerables-al-comercio-ilicito-en-america-latina\/","title":{"rendered":"MICM destaca reconocimiento internacional a la Rep\u00fablica Dominicana como uno de los pa\u00edses menos vulnerables al comercio il\u00edcito en Am\u00e9rica Latina"},"content":{"rendered":"<div>\n<p><b>Santo Domingo,\u00a0 septiembre de 2025.-<\/b> El Ministerio de Industria, Comercio y Mipymes (MICM) destac\u00f3 hoy el reconocimiento otorgado por la Transnational Alliance to Combat Illicit Trade (TRACIT) a la Rep\u00fablica Dominicana, posicionando al pa\u00eds entre los menos vulnerables al comercio il\u00edcito en Am\u00e9rica Latina y el Caribe.<\/p>\n<p>De acuerdo con el \u00cdndice de Comercio Il\u00edcito 2025, que evalu\u00f3 a 158 pa\u00edses a nivel mundial, la Rep\u00fablica Dominicana se ubic\u00f3 en la posici\u00f3n 50 con un puntaje de 54.2 sobre 100, superando a econom\u00edas como Argentina (#54), Colombia (#77), M\u00e9xico (#83) y Per\u00fa (#78). En la regi\u00f3n, el pa\u00eds comparte liderazgo con Uruguay (#22), Chile (#41) y Brasil (#42).<\/p>\n<p><b>Avances reconocidos<\/b><\/p>\n<p>Desde el MICM se ha impulsado una estrategia sostenida contra el comercio il\u00edcito, en coordinaci\u00f3n con las instituciones de la Mesa de Il\u00edcitos. El informe de TRACIT valida estos esfuerzos, que incluyen decomisos hist\u00f3ricos, sentencias firmes contra redes criminales y una reducci\u00f3n significativa en el contrabando de tabaco y alcohol adulterado.<\/p>\n<p>Asimismo, se destaca el fortalecimiento de capacidades del Cuerpo Especializado de Control de Combustibles y Comercio de Mercanc\u00edas (CECCOM) con inteligencia, tecnolog\u00eda y presencia en todo el territorio nacional. De igual manera, la colaboraci\u00f3n con el sector privado ha sido clave para blindar la econom\u00eda formal, generar confianza y proteger a la poblaci\u00f3n.<\/p>\n<p><b>Acciones desde el MICM<\/b><\/p>\n<p>El MICM ha liderado la articulaci\u00f3n de la Mesa de Il\u00edcitos, integrando a organismos p\u00fablicos, fuerzas de seguridad y representantes del sector privado. Adem\u00e1s, han impulsado iniciativas como el Dashboard de Comercio Il\u00edcito.<\/p>\n<p>Desde el 2021, ya asicenden a mas de 135 millones de mercaias ilicituas decomisadas e incineraas y desde 2022, no se registran muertes por alchol adulterado. Ademas, el pa\u00eds sali\u00f3 del la Lista de Observaci\u00f3n de Comercio 301 de los Estados Unidos.<\/p>\n<p><b>Compromiso con la legalidad<\/b><\/p>\n<p>El ministro de Industria, Comercio y Mipymes, Ito Bison\u00f3, resalt\u00f3 que \u201ceste resultado reafirma que en la Rep\u00fablica Dominicana lo ilegal se combate con determinaci\u00f3n. El fortalecimiento de nuestras instituciones y la cooperaci\u00f3n con el sector privado han permitido que hoy el pa\u00eds se posicione como un referente regional en la lucha contra el comercio il\u00edcito. Este avance es una se\u00f1al de confianza para la inversi\u00f3n y una garant\u00eda de protecci\u00f3n para nuestros ciudadanos.\u201d<\/p>\n<p>El MICM reitera su compromiso de continuar fortaleciendo la transparencia, la cooperaci\u00f3n p\u00fablico-privada y la acci\u00f3n institucional, asegurando que la Rep\u00fablica Dominicana mantenga su liderazgo regional en la lucha contra el comercio il\u00edcito.<\/p>\n<\/div>\n","protected":false},"excerpt":{"rendered":"<p>Santo Domingo,\u00a0 septiembre de 2025.- El Ministerio de Industria, Comercio y Mipymes (MICM) destac\u00f3 hoy el reconocimiento otorgado por la Transnational Alliance to Combat Illicit Trade (TRACIT) a la Rep\u00fablica&hellip; <\/p>\n","protected":false},"author":2,"featured_media":73110,"comment_status":"closed","ping_status":"closed","sticky":false,"template":"","format":"standard","meta":{"fifu_image_url":"https:\/\/micm.gob.do\/wp-content\/uploads\/2025\/09\/Edificio-MICM-con-nuevo-logo-rs-1024x494.jpeg","fifu_image_alt":"","footnotes":""},"categories":[147],"tags":[],"class_list":["post-73103","post","type-post","status-publish","format-standard","has-post-thumbnail","hentry","category-comercio"],"_links":{"self":[{"href":"https:\/\/elmundodelosnegocios.com.do\/v1\/wp-json\/wp\/v2\/posts\/73103","targetHints":{"allow":["GET"]}}],"collection":[{"href":"https:\/\/elmundodelosnegocios.com.do\/v1\/wp-json\/wp\/v2\/posts"}],"about":[{"href":"https:\/\/elmundodelosnegocios.com.do\/v1\/wp-json\/wp\/v2\/types\/post"}],"author":[{"embeddable":true,"href":"https:\/\/elmundodelosnegocios.com.do\/v1\/wp-json\/wp\/v2\/users\/2"}],"replies":[{"embeddable":true,"href":"https:\/\/elmundodelosnegocios.com.do\/v1\/wp-json\/wp\/v2\/comments?post=73103"}],"version-history":[{"count":2,"href":"https:\/\/elmundodelosnegocios.com.do\/v1\/wp-json\/wp\/v2\/posts\/73103\/revisions"}],"predecessor-version":[{"id":73111,"href":"https:\/\/elmundodelosnegocios.com.do\/v1\/wp-json\/wp\/v2\/posts\/73103\/revisions\/73111"}],"wp:featuredmedia":[{"embeddable":true,"href":"https:\/\/elmundodelosnegocios.com.do\/v1\/wp-json\/wp\/v2\/media\/73110"}],"wp:attachment":[{"href":"https:\/\/elmundodelosnegocios.com.do\/v1\/wp-json\/wp\/v2\/media?parent=73103"}],"wp:term":[{"taxonomy":"category","embeddable":true,"href":"https:\/\/elmundodelosnegocios.com.do\/v1\/wp-json\/wp\/v2\/categories?post=73103"},{"taxonomy":"post_tag","embeddable":true,"href":"https:\/\/elmundodelosnegocios.com.do\/v1\/wp-json\/wp\/v2\/tags?post=73103"}],"curies":[{"name":"wp","href":"https:\/\/api.w.org\/{rel}","templated":true}]}}