{"id":73104,"date":"2025-09-22T17:00:45","date_gmt":"2025-09-22T21:30:45","guid":{"rendered":"https:\/\/www.elmundodelosnegocios.com.do\/v1\/viceministro-noel-baez-supervisa-cumplimiento-operativo-y-ambiental-de-la-central-punta-catalina\/"},"modified":"2025-09-22T18:34:38","modified_gmt":"2025-09-22T23:04:38","slug":"viceministro-noel-baez-supervisa-cumplimiento-operativo-y-ambiental-de-la-central-punta-catalina","status":"publish","type":"post","link":"https:\/\/elmundodelosnegocios.com.do\/v1\/viceministro-noel-baez-supervisa-cumplimiento-operativo-y-ambiental-de-la-central-punta-catalina\/","title":{"rendered":"Viceministro Noel B\u00e1ez supervisa cumplimiento operativo y ambiental de la Central Punta Catalina"},"content":{"rendered":"<div class=\"pf-content\">\n<div class=\"wp-block-media-text is-stacked-on-mobile\" style=\"grid-template-columns: 35% auto;\">\n<figure class=\"wp-block-media-text__media\"><img loading=\"lazy\" decoding=\"async\" class=\"wp-image-12190 size-full\" src=\"https:\/\/mem.gob.do\/wp-content\/uploads\/2025\/09\/WhatsApp-Image-2025-09-22-at-12.17.47-PM-1-1024x684.jpeg\" sizes=\"auto, (max-width: 1024px) 100vw, 1024px\" srcset=\"https:\/\/mem.gob.do\/wp-content\/uploads\/2025\/09\/WhatsApp-Image-2025-09-22-at-12.17.47-PM-1-1024x684.jpeg 1024w, https:\/\/mem.gob.do\/wp-content\/uploads\/2025\/09\/WhatsApp-Image-2025-09-22-at-12.17.47-PM-1-300x200.jpeg 300w, https:\/\/mem.gob.do\/wp-content\/uploads\/2025\/09\/WhatsApp-Image-2025-09-22-at-12.17.47-PM-1-768x513.jpeg 768w, https:\/\/mem.gob.do\/wp-content\/uploads\/2025\/09\/WhatsApp-Image-2025-09-22-at-12.17.47-PM-1-1536x1026.jpeg 1536w, https:\/\/mem.gob.do\/wp-content\/uploads\/2025\/09\/WhatsApp-Image-2025-09-22-at-12.17.47-PM-1-2048x1368.jpeg 2048w\" alt=\"Punta Catalina\" width=\"1024\" height=\"684\" \/><\/figure>\n<div class=\"wp-block-media-text__content\">\n<p><strong>SANTO DOMINGO.<\/strong>\u2013 El viceministro de Hidrocarburos del Ministerio de Energ\u00eda y Minas (MEM), Noel B\u00e1ez, realiz\u00f3 una visita de supervisi\u00f3n a la Central Termoel\u00e9ctrica Punta Catalina (CTPC), donde destac\u00f3 el cumplimiento de los procesos operativos, las garant\u00edas ambientales aplicadas y el impacto que genera la central en el Sistema El\u00e9ctrico Nacional Interconectado (SENI).<\/p>\n<\/div>\n<\/div>\n<p>\u201cEsta visita a la Central Termoel\u00e9ctrica Punta Catalina nos ha permitido supervisar el cumplimiento del debido proceso en materia operativa, las garant\u00edas ambientales que se aplican en todo el sistema y, sobre todo, el impacto que genera esta central en el Sistema El\u00e9ctrico Nacional Interconectado\u201d, expres\u00f3.<\/p>\n<div class=\"wp-block-media-text has-media-on-the-right is-stacked-on-mobile\" style=\"grid-template-columns: auto 35%;\">\n<div class=\"wp-block-media-text__content\">\n<p>Durante el recorrido, B\u00e1ez conoci\u00f3 de primera mano las caracter\u00edsticas de las dos unidades que conforman el complejo, con capacidad instalada de 752 MW a base de carb\u00f3n mineral, y recibi\u00f3 explicaciones t\u00e9cnicas sobre los par\u00e1metros de generaci\u00f3n y la infraestructura de la planta.<\/p>\n<\/div>\n<figure class=\"wp-block-media-text__media\"><img loading=\"lazy\" decoding=\"async\" class=\"wp-image-12189 size-full\" src=\"https:\/\/mem.gob.do\/wp-content\/uploads\/2025\/09\/WhatsApp-Image-2025-09-22-at-12.17.47-PM-1024x614.jpeg\" sizes=\"auto, (max-width: 1024px) 100vw, 1024px\" srcset=\"https:\/\/mem.gob.do\/wp-content\/uploads\/2025\/09\/WhatsApp-Image-2025-09-22-at-12.17.47-PM-1024x614.jpeg 1024w, https:\/\/mem.gob.do\/wp-content\/uploads\/2025\/09\/WhatsApp-Image-2025-09-22-at-12.17.47-PM-300x180.jpeg 300w, https:\/\/mem.gob.do\/wp-content\/uploads\/2025\/09\/WhatsApp-Image-2025-09-22-at-12.17.47-PM-768x461.jpeg 768w, https:\/\/mem.gob.do\/wp-content\/uploads\/2025\/09\/WhatsApp-Image-2025-09-22-at-12.17.47-PM-1536x921.jpeg 1536w, https:\/\/mem.gob.do\/wp-content\/uploads\/2025\/09\/WhatsApp-Image-2025-09-22-at-12.17.47-PM-2048x1229.jpeg 2048w\" alt=\"Parte del recorrido guiado por las instalaciones de Punta Catalina.\" width=\"1024\" height=\"614\" \/><\/figure>\n<\/div>\n<p>La presentaci\u00f3n estuvo a cargo del superintendente de Operaciones de la CTPC, Carlos \u00c1lvarez, quien detall\u00f3 los sistemas de control medioambiental y de calidad implementados, orientados a garantizar una producci\u00f3n energ\u00e9tica eficiente, segura y confiable.<\/p>\n<p>Explic\u00f3 que las operaciones de la central son monitoreadas de forma constante por organismos nacionales e internacionales, cuyos informes confirman que la planta opera dentro de los par\u00e1metros establecidos y con un manejo adecuado de los protocolos ambientales y de seguridad.<\/p>\n<p>B\u00e1ez estuvo acompa\u00f1ado por una delegaci\u00f3n del Viceministerio de Hidrocarburos, integrada por Wandy Tejada, director de Regulaci\u00f3n, Importaci\u00f3n y Usos de Hidrocarburos; y Daniel Galv\u00e1n, encargado de Importaci\u00f3n de Hidrocarburos.<\/p>\n<p>Por parte de la CTPC participaron Francisco N\u00fa\u00f1ez, director de Ingenier\u00eda; Nathanael Carpio, gerente de Medio Ambiente; y Bol\u00edvar Vargas, coordinador de Seguridad, quienes explicaron los procesos t\u00e9cnicos y operativos del complejo energ\u00e9tico.<\/p>\n<p>La visita permiti\u00f3 a las autoridades del MEM intercambiar impresiones con el equipo t\u00e9cnico de la central y comprobar la importancia de Punta Catalina en el suministro estable de energ\u00eda al pa\u00eds y en el cumplimiento de est\u00e1ndares ambientales y de seguridad industrial.<\/p>\n<\/div>\n<p>The post <a href=\"https:\/\/mem.gob.do\/viceministro-noel-baez-supervisa-cumplimiento-operativo-y-ambiental-de-la-central-punta-catalina\/\">Viceministro Noel B\u00e1ez supervisa cumplimiento operativo y ambiental de la Central Punta Catalina<\/a> first appeared on <a href=\"https:\/\/mem.gob.do\/\">Ministerio de Energ\u00eda y Minas<\/a>.<\/p>\n","protected":false},"excerpt":{"rendered":"<p>SANTO DOMINGO.\u2013 El viceministro de Hidrocarburos del Ministerio de Energ\u00eda y Minas (MEM), Noel B\u00e1ez, realiz\u00f3 una visita de supervisi\u00f3n a la Central Termoel\u00e9ctrica Punta Catalina (CTPC), donde destac\u00f3 el&hellip; <\/p>\n","protected":false},"author":1,"featured_media":73113,"comment_status":"closed","ping_status":"closed","sticky":false,"template":"","format":"standard","meta":{"fifu_image_url":"https:\/\/mem.gob.do\/wp-content\/uploads\/2025\/09\/WhatsApp-Image-2025-09-22-at-12.17.47-PM-1-1024x684.jpeg","fifu_image_alt":"","footnotes":""},"categories":[182],"tags":[],"class_list":["post-73104","post","type-post","status-publish","format-standard","has-post-thumbnail","hentry","category-energia"],"_links":{"self":[{"href":"https:\/\/elmundodelosnegocios.com.do\/v1\/wp-json\/wp\/v2\/posts\/73104","targetHints":{"allow":["GET"]}}],"collection":[{"href":"https:\/\/elmundodelosnegocios.com.do\/v1\/wp-json\/wp\/v2\/posts"}],"about":[{"href":"https:\/\/elmundodelosnegocios.com.do\/v1\/wp-json\/wp\/v2\/types\/post"}],"author":[{"embeddable":true,"href":"https:\/\/elmundodelosnegocios.com.do\/v1\/wp-json\/wp\/v2\/users\/1"}],"replies":[{"embeddable":true,"href":"https:\/\/elmundodelosnegocios.com.do\/v1\/wp-json\/wp\/v2\/comments?post=73104"}],"version-history":[{"count":2,"href":"https:\/\/elmundodelosnegocios.com.do\/v1\/wp-json\/wp\/v2\/posts\/73104\/revisions"}],"predecessor-version":[{"id":73114,"href":"https:\/\/elmundodelosnegocios.com.do\/v1\/wp-json\/wp\/v2\/posts\/73104\/revisions\/73114"}],"wp:featuredmedia":[{"embeddable":true,"href":"https:\/\/elmundodelosnegocios.com.do\/v1\/wp-json\/wp\/v2\/media\/73113"}],"wp:attachment":[{"href":"https:\/\/elmundodelosnegocios.com.do\/v1\/wp-json\/wp\/v2\/media?parent=73104"}],"wp:term":[{"taxonomy":"category","embeddable":true,"href":"https:\/\/elmundodelosnegocios.com.do\/v1\/wp-json\/wp\/v2\/categories?post=73104"},{"taxonomy":"post_tag","embeddable":true,"href":"https:\/\/elmundodelosnegocios.com.do\/v1\/wp-json\/wp\/v2\/tags?post=73104"}],"curies":[{"name":"wp","href":"https:\/\/api.w.org\/{rel}","templated":true}]}}