{"id":73217,"date":"2025-09-28T10:00:37","date_gmt":"2025-09-28T14:30:37","guid":{"rendered":"https:\/\/www.elmundodelosnegocios.com.do\/v1\/ministro-joel-santos-y-director-del-colegio-interamericano-de-defensa-evaluan-cooperacion-estrategica-en-seguridad-energetica-y-minera\/"},"modified":"2025-09-28T10:00:37","modified_gmt":"2025-09-28T14:30:37","slug":"ministro-joel-santos-y-director-del-colegio-interamericano-de-defensa-evaluan-cooperacion-estrategica-en-seguridad-energetica-y-minera","status":"publish","type":"post","link":"https:\/\/elmundodelosnegocios.com.do\/v1\/ministro-joel-santos-y-director-del-colegio-interamericano-de-defensa-evaluan-cooperacion-estrategica-en-seguridad-energetica-y-minera\/","title":{"rendered":"Ministro Joel Santos y director del Colegio Interamericano de Defensa eval\u00faan cooperaci\u00f3n estrat\u00e9gica en seguridad energ\u00e9tica y minera"},"content":{"rendered":"<div>\n<div class=\"pf-content\">\n<div class=\"printfriendly pf-button pf-button-content pf-alignright\">\n                    <a href=\"https:\/\/mem.gob.do\/ministro-joel-santos-y-director-del-colegio-interamericano-de-defensa-evaluan-cooperacion-estrategica-en-seguridad-energetica-y-minera\/?pfstyle=wp\" rel=\"nofollow\" onclick=\"\" title=\"Printer Friendly, PDF &amp; Email\"><br \/>\n                    <img decoding=\"async\" class=\"pf-button-img\" src=\"https:\/\/cdn.printfriendly.com\/buttons\/printfriendly-pdf-email-button-notext.png\" alt=\"Print Friendly, PDF &amp; Email\" style=\"width: 110px;height: 30px;\"><br \/>\n                    <\/a>\n                <\/div>\n<p><em>El funcionario destac\u00f3 que el Gobierno reafirma su compromiso con la resiliencia energ\u00e9tica y el desarrollo sostenible del sector minero<\/em><\/p>\n<p><span id=\"more-12211\"><\/span><\/p>\n<p><em>El funcionario destac\u00f3 que el Gobierno reafirma su compromiso con la resiliencia energ\u00e9tica y el desarrollo sostenible del sector minero<\/em><\/p>\n<div class=\"wp-block-post-date\"><time datetime=\"2025-09-28T18:16:44+04:00\">28 septiembre, 2025<\/time><\/div>\n<div class=\"wp-block-media-text is-stacked-on-mobile\" style=\"grid-template-columns:30% auto\">\n<figure class=\"wp-block-media-text__media\"><img fetchpriority=\"high\" decoding=\"async\" width=\"768\" height=\"1024\" src=\"https:\/\/mem.gob.do\/wp-content\/uploads\/2025\/09\/WhatsApp-Image-2025-09-28-at-9.06.54-AM-1-768x1024.jpeg\" alt=\"\" class=\"wp-image-12215 size-full\" srcset=\"https:\/\/mem.gob.do\/wp-content\/uploads\/2025\/09\/WhatsApp-Image-2025-09-28-at-9.06.54-AM-1-768x1024.jpeg 768w, https:\/\/mem.gob.do\/wp-content\/uploads\/2025\/09\/WhatsApp-Image-2025-09-28-at-9.06.54-AM-1-225x300.jpeg 225w, https:\/\/mem.gob.do\/wp-content\/uploads\/2025\/09\/WhatsApp-Image-2025-09-28-at-9.06.54-AM-1-1152x1536.jpeg 1152w, https:\/\/mem.gob.do\/wp-content\/uploads\/2025\/09\/WhatsApp-Image-2025-09-28-at-9.06.54-AM-1-1536x2048.jpeg 1536w, https:\/\/mem.gob.do\/wp-content\/uploads\/2025\/09\/WhatsApp-Image-2025-09-28-at-9.06.54-AM-1-scaled.jpeg 1920w\" sizes=\"(max-width: 768px) 100vw, 768px\"><\/figure>\n<div class=\"wp-block-media-text__content\">\n<p><strong>SANTO DOMINGO.<\/strong> El ministro de Energ\u00eda y Minas (MEM), Joel Santos, sostuvo este viernes un encuentro con el director del Colegio Interamericano de Defensa de los Estados Unidos (IADC), Richard Heitkamp, con el prop\u00f3sito de delinear una estrategia de colaboraci\u00f3n integral en los sectores energ\u00e9tico y minero, \u00e1reas vitales para el desarrollo y la seguridad Rep\u00fablica Dominicana.<\/p>\n<\/div>\n<\/div>\n<p>La reuni\u00f3n se enfoc\u00f3 en la exploraci\u00f3n de oportunidades para la cooperaci\u00f3n internacional. Los temas centrales abordados con el director Heitkamp incluyeron el intercambio de informaci\u00f3n estrat\u00e9gica, como potenciales acuerdos para compartir conocimientos y datos relevantes en materia de seguridad energ\u00e9tica, as\u00ed como la evaluaci\u00f3n de las reservas y el potencial del pa\u00eds en minerales cr\u00edticos, esenciales para las tecnolog\u00edas modernas.<\/p>\n<p>Tanto Santos como Heitkamp discutieron, adem\u00e1s, las oportunidades que tiene Rep\u00fablica Dominicana para consolidar una posici\u00f3n de liderazgo en la regi\u00f3n del Caribe y Centroam\u00e9rica, no solo en el \u00e1mbito econ\u00f3mico, sino tambi\u00e9n en el geopol\u00edtico, capitalizando su estabilidad y recursos estrat\u00e9gicos.<\/p>\n<p>El ministro Santos, quien estuvo acompa\u00f1ado por el capit\u00e1n de nav\u00edo Elvis Abreu, director de Seguridad F\u00edsica del MEM, calific\u00f3 el encuentro como \u201caltamente positivo\u201d, destacando que representa un \u201cacercamiento estrat\u00e9gico crucial\u201d entre ambas naciones, dada la trayectoria y el peso institucional de la delegaci\u00f3n estadounidense.<\/p>\n<div class=\"wp-block-media-text is-stacked-on-mobile\" style=\"grid-template-columns:29% auto\">\n<figure class=\"wp-block-media-text__media\"><img loading=\"lazy\" decoding=\"async\" width=\"768\" height=\"1024\" src=\"https:\/\/mem.gob.do\/wp-content\/uploads\/2025\/09\/WhatsApp-Image-2025-09-28-at-9.06.54-AM-2-768x1024.jpeg\" alt=\"\" class=\"wp-image-12216 size-full\" srcset=\"https:\/\/mem.gob.do\/wp-content\/uploads\/2025\/09\/WhatsApp-Image-2025-09-28-at-9.06.54-AM-2-768x1024.jpeg 768w, https:\/\/mem.gob.do\/wp-content\/uploads\/2025\/09\/WhatsApp-Image-2025-09-28-at-9.06.54-AM-2-225x300.jpeg 225w, https:\/\/mem.gob.do\/wp-content\/uploads\/2025\/09\/WhatsApp-Image-2025-09-28-at-9.06.54-AM-2.jpeg 789w\" sizes=\"auto, (max-width: 768px) 100vw, 768px\"><\/figure>\n<div class=\"wp-block-media-text__content\">\n<p>Por su parte, el capit\u00e1n de nav\u00edo Elvis Abreu subray\u00f3 la relevancia del director Heitkamp, no solo por su s\u00f3lida formaci\u00f3n y liderazgo en el sistema de altos estudios estrat\u00e9gicos del las Fuerzas Armadas de los Estados Unidos, sino tambi\u00e9n por su experiencia al ocupar el cargo Deputy Chief of Engineers &amp; Deputy Commanding General del U.S. Army Corps of Engineers (USACE).<\/p>\n<\/div>\n<\/div>\n<p>Abreu resalt\u00f3 que dicha instituci\u00f3n es reconocida como un brazo operativo clave del Ejecutivo norteamericano y, simult\u00e1neamente, como un componente cient\u00edfico fundamental dentro de sus Fuerzas Armadas, lo que garantiza un enfoque dual de seguridad y desarrollo t\u00e9cnico en la cooperaci\u00f3n.<\/p>\n<div class=\"wp-block-media-text has-media-on-the-right is-stacked-on-mobile\" style=\"grid-template-columns:auto 30%\">\n<div class=\"wp-block-media-text__content\">\n<p>El director Heitkamp, al agradecer el recibimiento, destac\u00f3 que este encuentro subraya el inter\u00e9s mutuo en fortalecer los lazos de colaboraci\u00f3n y seguridad energ\u00e9tica y minera entre la Rep\u00fablica Dominicana y los Estados Unidos. El director del IADC estuvo acompa\u00f1ado por Kathryn Phillips, de la Oficina de Protocolo.<\/p>\n<\/div>\n<figure class=\"wp-block-media-text__media\"><img loading=\"lazy\" decoding=\"async\" width=\"768\" height=\"1024\" src=\"https:\/\/mem.gob.do\/wp-content\/uploads\/2025\/09\/WhatsApp-Image-2025-09-28-at-9.06.54-AM-3-768x1024.jpeg\" alt=\" director del Colegio Interamericano de Defensa de los Estados Unidos (IADC), Richard Heitkamp.\" class=\"wp-image-12217 size-full\" srcset=\"https:\/\/mem.gob.do\/wp-content\/uploads\/2025\/09\/WhatsApp-Image-2025-09-28-at-9.06.54-AM-3-768x1024.jpeg 768w, https:\/\/mem.gob.do\/wp-content\/uploads\/2025\/09\/WhatsApp-Image-2025-09-28-at-9.06.54-AM-3-225x300.jpeg 225w, https:\/\/mem.gob.do\/wp-content\/uploads\/2025\/09\/WhatsApp-Image-2025-09-28-at-9.06.54-AM-3-1152x1536.jpeg 1152w, https:\/\/mem.gob.do\/wp-content\/uploads\/2025\/09\/WhatsApp-Image-2025-09-28-at-9.06.54-AM-3-1536x2048.jpeg 1536w, https:\/\/mem.gob.do\/wp-content\/uploads\/2025\/09\/WhatsApp-Image-2025-09-28-at-9.06.54-AM-3-scaled.jpeg 1920w\" sizes=\"auto, (max-width: 768px) 100vw, 768px\"><\/figure>\n<\/div>\n<\/div>\n<p>The post <a href=\"https:\/\/mem.gob.do\/ministro-joel-santos-y-director-del-colegio-interamericano-de-defensa-evaluan-cooperacion-estrategica-en-seguridad-energetica-y-minera\/\">Ministro Joel Santos y director del Colegio Interamericano de Defensa eval\u00faan cooperaci\u00f3n estrat\u00e9gica en seguridad energ\u00e9tica y minera<\/a> first appeared on <a href=\"https:\/\/mem.gob.do\/\">Ministerio de Energ\u00eda y Minas<\/a>.<\/p>\n<\/div>\n","protected":false},"excerpt":{"rendered":"<p>El funcionario destac\u00f3 que el Gobierno reafirma su compromiso con la resiliencia energ\u00e9tica y el desarrollo sostenible del sector minero El funcionario destac\u00f3 que el Gobierno reafirma su compromiso con&hellip; <\/p>\n","protected":false},"author":1,"featured_media":73218,"comment_status":"closed","ping_status":"closed","sticky":false,"template":"","format":"standard","meta":{"fifu_image_url":"","fifu_image_alt":"","footnotes":""},"categories":[182],"tags":[],"class_list":["post-73217","post","type-post","status-publish","format-standard","has-post-thumbnail","hentry","category-energia"],"_links":{"self":[{"href":"https:\/\/elmundodelosnegocios.com.do\/v1\/wp-json\/wp\/v2\/posts\/73217","targetHints":{"allow":["GET"]}}],"collection":[{"href":"https:\/\/elmundodelosnegocios.com.do\/v1\/wp-json\/wp\/v2\/posts"}],"about":[{"href":"https:\/\/elmundodelosnegocios.com.do\/v1\/wp-json\/wp\/v2\/types\/post"}],"author":[{"embeddable":true,"href":"https:\/\/elmundodelosnegocios.com.do\/v1\/wp-json\/wp\/v2\/users\/1"}],"replies":[{"embeddable":true,"href":"https:\/\/elmundodelosnegocios.com.do\/v1\/wp-json\/wp\/v2\/comments?post=73217"}],"version-history":[{"count":0,"href":"https:\/\/elmundodelosnegocios.com.do\/v1\/wp-json\/wp\/v2\/posts\/73217\/revisions"}],"wp:featuredmedia":[{"embeddable":true,"href":"https:\/\/elmundodelosnegocios.com.do\/v1\/wp-json\/wp\/v2\/media\/73218"}],"wp:attachment":[{"href":"https:\/\/elmundodelosnegocios.com.do\/v1\/wp-json\/wp\/v2\/media?parent=73217"}],"wp:term":[{"taxonomy":"category","embeddable":true,"href":"https:\/\/elmundodelosnegocios.com.do\/v1\/wp-json\/wp\/v2\/categories?post=73217"},{"taxonomy":"post_tag","embeddable":true,"href":"https:\/\/elmundodelosnegocios.com.do\/v1\/wp-json\/wp\/v2\/tags?post=73217"}],"curies":[{"name":"wp","href":"https:\/\/api.w.org\/{rel}","templated":true}]}}