{"id":73219,"date":"2025-09-28T11:00:30","date_gmt":"2025-09-28T15:30:30","guid":{"rendered":"https:\/\/www.elmundodelosnegocios.com.do\/v1\/micm-y-aliados-refuerzan-lucha-contra-el-ilicito-con-campana-si-vendes-cigarrillos-ilegales-puedes-buscarte-un-lio-feo\/"},"modified":"2025-09-28T11:00:30","modified_gmt":"2025-09-28T15:30:30","slug":"micm-y-aliados-refuerzan-lucha-contra-el-ilicito-con-campana-si-vendes-cigarrillos-ilegales-puedes-buscarte-un-lio-feo","status":"publish","type":"post","link":"https:\/\/elmundodelosnegocios.com.do\/v1\/micm-y-aliados-refuerzan-lucha-contra-el-ilicito-con-campana-si-vendes-cigarrillos-ilegales-puedes-buscarte-un-lio-feo\/","title":{"rendered":"MICM y aliados refuerzan lucha contra el il\u00edcito con campa\u00f1a: \u201cSi vendes cigarrillos ilegales, puedes buscarte un l\u00edo feo\u201d"},"content":{"rendered":"<div>\n<p><strong><a href=\"https:\/\/micm.gob.do\/wp-content\/uploads\/2025\/09\/MICM-y-aliados-refuerzan-lucha-contra-el-ilicito-con-campana-02.jpeg\"><img fetchpriority=\"high\" decoding=\"async\" class=\"alignright wp-image-180824 size-medium\" src=\"https:\/\/micm.gob.do\/wp-content\/uploads\/2025\/09\/MICM-y-aliados-refuerzan-lucha-contra-el-ilicito-con-campana-02-300x169.jpeg\" alt=\"\" width=\"300\" height=\"169\" srcset=\"https:\/\/micm.gob.do\/wp-content\/uploads\/2025\/09\/MICM-y-aliados-refuerzan-lucha-contra-el-ilicito-con-campana-02-300x169.jpeg 300w, https:\/\/micm.gob.do\/wp-content\/uploads\/2025\/09\/MICM-y-aliados-refuerzan-lucha-contra-el-ilicito-con-campana-02-1024x576.jpeg 1024w, https:\/\/micm.gob.do\/wp-content\/uploads\/2025\/09\/MICM-y-aliados-refuerzan-lucha-contra-el-ilicito-con-campana-02-768x432.jpeg 768w, https:\/\/micm.gob.do\/wp-content\/uploads\/2025\/09\/MICM-y-aliados-refuerzan-lucha-contra-el-ilicito-con-campana-02.jpeg 1280w\" sizes=\"(max-width: 300px) 100vw, 300px\"><\/a>Santo Domingo.-<\/strong> El Gobierno dominicano intensific\u00f3 su ofensiva contra el comercio ilegal con el lanzamiento de la campa\u00f1a nacional \u201cSi vendes cigarrillos ilegales, puedes buscarte un l\u00edo feo\u201d, una iniciativa del Ministerio de Industria, Comercio y Mipymes (MICM) junto a la Procuradur\u00eda General de la Rep\u00fablica, ProConsumidor, ASOCIGAR y el CECCOM.<\/p>\n<p>El ministro Ito Bison\u00f3 destac\u00f3 que la lucha contra el comercio il\u00edcito \u201cno solo se libra en operativos y decomisos; tambi\u00e9n se gana en los colmados, en los drinks y en la conciencia ciudadana. Esta campa\u00f1a busca que cada comerciante se convierta en un defensor de la legalidad.\u201d<\/p>\n<p>La campa\u00f1a inicia con un primer foco en cigarrillos, dado que es el producto de mayor trasiego en el pa\u00eds. Solo en la jornada de lanzamiento se incineraron 7,328,801 unidades, con lo que el total hist\u00f3rico supera los 102 millones de cigarrillos decomisados.<\/p>\n<p><strong>Alianza p\u00fablico\u2013privada contra el il\u00edcito<\/strong><\/p>\n<p>La primera etapa de la campa\u00f1a se realiza con el apoyo de ProConsumidor y ASOCIGAR, y con la donaci\u00f3n de materiales educativos por parte de la empresa Philip Morris Dominicana, que ser\u00e1n distribuidos en colmados y peque\u00f1os negocios.<\/p>\n<p>\u201cHoy Rep\u00fablica Dominicana es reconocida en la regi\u00f3n por dos pilares fundamentales: la voluntad del Estado y la alianza p\u00fablico-privada. Por eso, nos honra ser parte de esta lucha, cada vez con m\u00e1s compromiso en beneficio del pa\u00eds\u201d, expres\u00f3 Andr\u00e9s Espinal, director de Asuntos Corporativos de Philip Morris Dominicana, Centroam\u00e9rica &amp; Caribe.<\/p>\n<p>Espinal agreg\u00f3 que \u201ccon esta nueva campa\u00f1a, seguimos uniendo esfuerzos en la lucha contra el comercio il\u00edcito\u201d, al tiempo que destac\u00f3 el arduo trabajo que el Ministerio de Industria, Comercio y Mipymes ha venido desarrollando, en conjunto con otros organismos del Estado y la misma industria, con el fin de erradicar el comercio ilegal en el pa\u00eds, y sus da\u00f1os colaterales, como es la inseguridad ciudadana y la reducci\u00f3n de recaudos.<\/p>\n<p><strong><a href=\"https:\/\/micm.gob.do\/wp-content\/uploads\/2025\/09\/MICM-y-aliados-refuerzan-lucha-contra-el-ilicito-con-campana-03.jpeg\"><img loading=\"lazy\" decoding=\"async\" class=\"alignright wp-image-180825 size-medium\" src=\"https:\/\/micm.gob.do\/wp-content\/uploads\/2025\/09\/MICM-y-aliados-refuerzan-lucha-contra-el-ilicito-con-campana-03-300x169.jpeg\" alt=\"\" width=\"300\" height=\"169\" srcset=\"https:\/\/micm.gob.do\/wp-content\/uploads\/2025\/09\/MICM-y-aliados-refuerzan-lucha-contra-el-ilicito-con-campana-03-300x169.jpeg 300w, https:\/\/micm.gob.do\/wp-content\/uploads\/2025\/09\/MICM-y-aliados-refuerzan-lucha-contra-el-ilicito-con-campana-03-1024x576.jpeg 1024w, https:\/\/micm.gob.do\/wp-content\/uploads\/2025\/09\/MICM-y-aliados-refuerzan-lucha-contra-el-ilicito-con-campana-03-768x432.jpeg 768w, https:\/\/micm.gob.do\/wp-content\/uploads\/2025\/09\/MICM-y-aliados-refuerzan-lucha-contra-el-ilicito-con-campana-03.jpeg 1280w\" sizes=\"auto, (max-width: 300px) 100vw, 300px\"><\/a>Prevenci\u00f3n, sanciones y capacitaci\u00f3n<\/strong><\/p>\n<p>La Ley 17-19 establece multas severas, cierre de negocios y hasta cinco a\u00f1os de prisi\u00f3n a quienes comercialicen productos il\u00edcitos. Para prevenir este delito, el MICM y la Procuradur\u00eda General de la Rep\u00fablica realizan jornadas de capacitaci\u00f3n a due\u00f1os de colmados y peque\u00f1os negocios, ense\u00f1\u00e1ndoles a identificar productos falsificados y reforzando as\u00ed la red de protecci\u00f3n contra el il\u00edcito.<\/p>\n<p>El MICM tambi\u00e9n habilit\u00f3 un enlace en su p\u00e1gina web para que los ciudadanos denuncien productos ilegales. De esta manera, la campa\u00f1a busca involucrar a toda la poblaci\u00f3n en la defensa de la legalidad, la salud y la econom\u00eda.<\/p>\n<p><strong>Transparencia y rendici\u00f3n de cuentas<\/strong><\/p>\n<p>Como parte de su compromiso, el MICM mantiene un Dashboard p\u00fablico que se actualiza mensualmente con datos de decomisos e incineraciones, clasificados por tipo de producto. Esto permite a medios, ciudadanos y empresas dar seguimiento directo y transparente a los avances de la estrategia. <a href=\"https:\/\/comercioilicito.micm.gob.do\/\" target=\"_blank\" rel=\"noopener\">https:\/\/comercioilicito.micm.gob.do\/<\/a><\/p>\n<p>Con esta campa\u00f1a, el MICM y sus aliados reafirman que en la Rep\u00fablica Dominicana lo ilegal no tiene espacio, fortaleciendo la confianza en un comercio formal, seguro y responsable.<\/p>\n<p><strong>Sobre ASOCIGAR<\/strong><\/p>\n<p>ASOCIGAR es la Asociaci\u00f3n Dominicana de la Industria del Cigarrillo, que agrupa a las principales compa\u00f1\u00edas del sector en el pa\u00eds, entre ellas Philip Morris Dominicana, La Tabacalera y La Aurora. Su misi\u00f3n es coordinar esfuerzos entre la industria formal y las autoridades para proteger el comercio leg\u00edtimo, promover la legalidad y combatir el contrabando de cigarrillos.<\/p>\n<p><strong>Fuente:<\/strong> Direcci\u00f3n de Comunicaciones<\/p>\n<p>The post <a href=\"https:\/\/micm.gob.do\/micm-y-aliados-refuerzan-lucha-contra-el-ilicito-con-campana-si-vendes-cigarrillos-ilegales-puedes-buscarte-un-lio-feo\/\">MICM y aliados refuerzan lucha contra el il\u00edcito con campa\u00f1a: \u201cSi vendes cigarrillos ilegales, puedes buscarte un l\u00edo feo\u201d<\/a> appeared first on <a href=\"https:\/\/micm.gob.do\/\">MICM<\/a>.<\/p>\n<\/div>\n","protected":false},"excerpt":{"rendered":"<p>Santo Domingo.- El Gobierno dominicano intensific\u00f3 su ofensiva contra el comercio ilegal con el lanzamiento de la campa\u00f1a nacional \u201cSi vendes cigarrillos ilegales, puedes buscarte un l\u00edo feo\u201d, una iniciativa&hellip; <\/p>\n","protected":false},"author":2,"featured_media":73220,"comment_status":"closed","ping_status":"closed","sticky":false,"template":"","format":"standard","meta":{"fifu_image_url":"","fifu_image_alt":"","footnotes":""},"categories":[147],"tags":[],"class_list":["post-73219","post","type-post","status-publish","format-standard","has-post-thumbnail","hentry","category-comercio"],"_links":{"self":[{"href":"https:\/\/elmundodelosnegocios.com.do\/v1\/wp-json\/wp\/v2\/posts\/73219","targetHints":{"allow":["GET"]}}],"collection":[{"href":"https:\/\/elmundodelosnegocios.com.do\/v1\/wp-json\/wp\/v2\/posts"}],"about":[{"href":"https:\/\/elmundodelosnegocios.com.do\/v1\/wp-json\/wp\/v2\/types\/post"}],"author":[{"embeddable":true,"href":"https:\/\/elmundodelosnegocios.com.do\/v1\/wp-json\/wp\/v2\/users\/2"}],"replies":[{"embeddable":true,"href":"https:\/\/elmundodelosnegocios.com.do\/v1\/wp-json\/wp\/v2\/comments?post=73219"}],"version-history":[{"count":0,"href":"https:\/\/elmundodelosnegocios.com.do\/v1\/wp-json\/wp\/v2\/posts\/73219\/revisions"}],"wp:featuredmedia":[{"embeddable":true,"href":"https:\/\/elmundodelosnegocios.com.do\/v1\/wp-json\/wp\/v2\/media\/73220"}],"wp:attachment":[{"href":"https:\/\/elmundodelosnegocios.com.do\/v1\/wp-json\/wp\/v2\/media?parent=73219"}],"wp:term":[{"taxonomy":"category","embeddable":true,"href":"https:\/\/elmundodelosnegocios.com.do\/v1\/wp-json\/wp\/v2\/categories?post=73219"},{"taxonomy":"post_tag","embeddable":true,"href":"https:\/\/elmundodelosnegocios.com.do\/v1\/wp-json\/wp\/v2\/tags?post=73219"}],"curies":[{"name":"wp","href":"https:\/\/api.w.org\/{rel}","templated":true}]}}