{"id":73287,"date":"2025-10-01T17:02:49","date_gmt":"2025-10-01T21:32:49","guid":{"rendered":"https:\/\/elmundodelosnegocios.com.do\/v1\/?p=73287"},"modified":"2025-10-01T17:02:49","modified_gmt":"2025-10-01T21:32:49","slug":"exhibe-dominicana-oferta-exportable-en-feria-fruit-attraction-2025","status":"publish","type":"post","link":"https:\/\/elmundodelosnegocios.com.do\/v1\/exhibe-dominicana-oferta-exportable-en-feria-fruit-attraction-2025\/","title":{"rendered":"Exhibe Dominicana oferta exportable en feria\u00a0Fruit\u00a0Attraction\u00a02025\u00a0"},"content":{"rendered":"\n<p><strong>Madrid<\/strong>, Espa\u00f1a.- El Centro de Exportaci\u00f3n e Inversi\u00f3n de la Rep\u00fablica Dominicana (ProDominicana) anunci\u00f3 la participaci\u00f3n del pa\u00eds en la feria&nbsp;Fruit&nbsp;Attraction&nbsp;2025, que se celebrar\u00e1 en Madrid, Espa\u00f1a, del&nbsp;30 de septiembre&nbsp;al&nbsp;2 de&nbsp;octubre.&nbsp;<\/p>\n\n\n\n<figure class=\"wp-block-image size-large\"><img decoding=\"async\" src=\"https:\/\/elmundodelosnegocios.com.do\/v1\/wp-content\/uploads\/2025\/10\/Corte-de-cinta-1024x682.jpeg\" alt=\"\" class=\"wp-image-73288\"\/><\/figure>\n\n\n\n<p>Este encuentro es reconocido como uno de los m\u00e1s importantes a nivel internacional en el sector de frutas y vegetales frescos,&nbsp;y es una plataforma clave&nbsp;para fortalecer la presencia dominicana en el mercado europeo.&nbsp;<\/p>\n\n\n\n<figure class=\"wp-block-image size-large\"><img decoding=\"async\" src=\"https:\/\/elmundodelosnegocios.com.do\/v1\/wp-content\/uploads\/2025\/10\/STAND-REPUBLICA-DOMINICANA-1024x576.jpeg\" alt=\"\" class=\"wp-image-73289\"\/><\/figure>\n\n\n\n<p>La directora ejecutiva de ProDominicana, Biviana Riveiro Disla, afirm\u00f3 que la feria&nbsp;Fruit&nbsp;Attraction&nbsp;constituye una oportunidad invaluable para seguir posicionando la oferta agr\u00edcola dominicana en Europa.&nbsp;Asimismo, Riveiro destac\u00f3 el compromiso de ProDominicana con las empresas que integran la delegaci\u00f3n oficial.&nbsp;<em>\u201cEstamos acompa\u00f1ando a estas diez compa\u00f1\u00edas exportadoras que reflejan el talento, la diversidad y la competitividad de la producci\u00f3n nacional. Este esfuerzo nos permitir\u00e1 ampliar las exportaciones hacia Espa\u00f1a, afianzar alianzas estrat\u00e9gicas y garantizar que la marca pa\u00eds contin\u00fae consolid\u00e1ndose en los m\u00e1s altos est\u00e1ndares internacionales\u201d.<\/em>&nbsp;<\/p>\n\n\n\n<p>La delegaci\u00f3n nacional est\u00e1 integrada por&nbsp;diez&nbsp;destacadas empresas exportadoras que exhibir\u00e1n la diversidad y calidad de la producci\u00f3n agr\u00edcola dominicana. Entre ellas se encuentran AMR Agro, con aguacate, mango, coco y batata; Cartonera&nbsp;Hued, con empaques de cart\u00f3n corrugado; Grupo&nbsp;Banamiel, con bananos frescos;&nbsp;Tropic&nbsp;Fresh&nbsp;Dominican Produce TDPD, con mango, aguacate, zapote, quenepa y vegetales orientales. &nbsp;<\/p>\n\n\n\n<p>Adem\u00e1s, se suman a estas empresas:&nbsp;COFEX, con pitahaya, aguacate y mango;&nbsp;Fresh&nbsp;Tropical&nbsp;Fruits&nbsp;Freshtrop, con mango, aj\u00edes habaneros, yuca y batata; Viva&nbsp;Agribusiness, con mango, pi\u00f1a, coco, lechosa, lim\u00f3n y banano;&nbsp;Quality&nbsp;Agro&nbsp;Export, con aguacates, mangos, zapotes, cocos y aj\u00edes habaneros;&nbsp;Caribio&nbsp;Fresh&nbsp;Fruits, con banano, pi\u00f1a y aguacate; y Tropical&nbsp;Land&nbsp;Fruits&nbsp;and Vegetables, con aj\u00edes y aguacate.&nbsp;<\/p>\n\n\n\n<p>La participaci\u00f3n dominicana en esta feria cobra relevancia estrat\u00e9gica&nbsp;al considerar&nbsp;que las exportaciones hacia Espa\u00f1a alcanzaron US$129.9 millones en 2024, lo que represent\u00f3 un crecimiento interanual de 36.5%, con una oferta de m\u00e1s de 400 productos que reflejan la diversificaci\u00f3n del pa\u00eds en el mercado europeo.&nbsp;&nbsp;<\/p>\n\n\n\n<p>Entre los principales sectores exportados en 2024 figuran:&nbsp;<strong>bebidas y l\u00edquidos alcoh\u00f3licos con US$48.9 millones; cacao y sus preparaciones con US$31.2 millones; tabaco y suced\u00e1neos con US$15.1 millones; metales preciosos, piedras y joyer\u00eda con US$14.1 millones; frutos comestibles con US$7.6 millones; preparaciones de legumbres y hortalizas con US$1.9 millones; y manufacturas de aluminio con US$1.2 millones<\/strong>.&nbsp;<\/p>\n\n\n\n<p>En el per\u00edodo acumulado&nbsp;de&nbsp;enero\u2013agosto de 2025, las exportaciones a Espa\u00f1a alcanzaron US$78.8 millones, reafirmando su importancia como destino estrat\u00e9gico para la Rep\u00fablica Dominicana.&nbsp;Dentro de este per\u00edodo, los rubros de mayor&nbsp;exportaci\u00f3n&nbsp;fueron:&nbsp;<strong>bebidas y l\u00edquidos alcoh\u00f3licos con US$32.4 millones; cacao y sus preparaciones con US$17.6 millones; tabaco&nbsp;y suced\u00e1neos&nbsp;con US$16.1 millones; frutos comestibles con US$3.5 millones.<\/strong>&nbsp;<\/p>\n","protected":false},"excerpt":{"rendered":"<p>Madrid, Espa\u00f1a.- El Centro de Exportaci\u00f3n e Inversi\u00f3n de la Rep\u00fablica Dominicana (ProDominicana) anunci\u00f3 la participaci\u00f3n del pa\u00eds en la feria&nbsp;Fruit&nbsp;Attraction&nbsp;2025, que se celebrar\u00e1 en Madrid, Espa\u00f1a, del&nbsp;30 de septiembre&nbsp;al&nbsp;2&hellip; <\/p>\n","protected":false},"author":2,"featured_media":73291,"comment_status":"closed","ping_status":"closed","sticky":false,"template":"","format":"standard","meta":{"fifu_image_url":"https:\/\/elmundodelosnegocios.com.do\/v1\/wp-content\/uploads\/2025\/10\/Corte-de-cinta.jpeg","fifu_image_alt":"","footnotes":""},"categories":[74],"tags":[],"class_list":["post-73287","post","type-post","status-publish","format-standard","has-post-thumbnail","hentry","category-comercio-internacional"],"_links":{"self":[{"href":"https:\/\/elmundodelosnegocios.com.do\/v1\/wp-json\/wp\/v2\/posts\/73287","targetHints":{"allow":["GET"]}}],"collection":[{"href":"https:\/\/elmundodelosnegocios.com.do\/v1\/wp-json\/wp\/v2\/posts"}],"about":[{"href":"https:\/\/elmundodelosnegocios.com.do\/v1\/wp-json\/wp\/v2\/types\/post"}],"author":[{"embeddable":true,"href":"https:\/\/elmundodelosnegocios.com.do\/v1\/wp-json\/wp\/v2\/users\/2"}],"replies":[{"embeddable":true,"href":"https:\/\/elmundodelosnegocios.com.do\/v1\/wp-json\/wp\/v2\/comments?post=73287"}],"version-history":[{"count":0,"href":"https:\/\/elmundodelosnegocios.com.do\/v1\/wp-json\/wp\/v2\/posts\/73287\/revisions"}],"wp:featuredmedia":[{"embeddable":true,"href":"https:\/\/elmundodelosnegocios.com.do\/v1\/wp-json\/"}],"wp:attachment":[{"href":"https:\/\/elmundodelosnegocios.com.do\/v1\/wp-json\/wp\/v2\/media?parent=73287"}],"wp:term":[{"taxonomy":"category","embeddable":true,"href":"https:\/\/elmundodelosnegocios.com.do\/v1\/wp-json\/wp\/v2\/categories?post=73287"},{"taxonomy":"post_tag","embeddable":true,"href":"https:\/\/elmundodelosnegocios.com.do\/v1\/wp-json\/wp\/v2\/tags?post=73287"}],"curies":[{"name":"wp","href":"https:\/\/api.w.org\/{rel}","templated":true}]}}