{"id":73296,"date":"2025-10-01T17:10:34","date_gmt":"2025-10-01T21:40:34","guid":{"rendered":"https:\/\/elmundodelosnegocios.com.do\/v1\/?p=73296"},"modified":"2025-10-01T17:10:34","modified_gmt":"2025-10-01T21:40:34","slug":"entidades-reafirman-apoyo-a-la-alianza-por-el-bienestar-y-la-alimentacion-consciente","status":"publish","type":"post","link":"https:\/\/elmundodelosnegocios.com.do\/v1\/entidades-reafirman-apoyo-a-la-alianza-por-el-bienestar-y-la-alimentacion-consciente\/","title":{"rendered":"Entidades reafirman apoyo a la Alianza por el Bienestar y la Alimentaci\u00f3n Consciente"},"content":{"rendered":"\n<p>Santo Domingo.- El Ministerio de Industria, Comercio y Mipymes (MICM) y la Asociaci\u00f3n de Industrias de la Rep\u00fablica Dominicana (AIRD) reafirmaron su apoyo a los ejes transversales de la Alianza por el Bienestar y la Alimentaci\u00f3n Consciente, iniciativa a trav\u00e9s de la cual se promueven h\u00e1bitos saludables, consumo informado y decisiones responsables para fomentar el bienestar de la poblaci\u00f3n dominicana.<\/p>\n\n\n\n<figure class=\"wp-block-image size-large\"><img decoding=\"async\" src=\"https:\/\/elmundodelosnegocios.com.do\/v1\/wp-content\/uploads\/2025\/10\/Victor-Ito-Bisono-ministro-de-Industria-y-Comercio-y-Julio-Virgilio-Brache-presidente-de-la-AIRD-1024x686.jpg\" alt=\"\" class=\"wp-image-73297\"\/><figcaption class=\"wp-element-caption\">V\u00edctor Ito Bison\u00f3, ministro de Industria y Comercio y Julio Virgilio Brache, presidente de la AIRD.<\/figcaption><\/figure>\n\n\n\n<p>A trav\u00e9s de la firma de una Carta Compromiso, las entidades resaltan el objetivo de continuar fortaleciendo de manera articulada los ejes transversales de la Alianza, dando continuidad a las iniciativas que se han desarrollado en torno a la misma desde el a\u00f1o 2022.<\/p>\n\n\n\n<p>La Alianza por el Bienestar tiene entre sus pilares la promoci\u00f3n de una cultura de deporte y actividad f\u00edsica en el pa\u00eds a trav\u00e9s de la organizaci\u00f3n de eventos como la Caminata 5K por el Bienestar, cuya tercera edici\u00f3n correspondiente al 2025 tendr\u00e1 lugar el s\u00e1bado 25 de octubre en el Parque Mirador.<\/p>\n\n\n\n<p>A la fecha, forman parte de esta iniciativa entidades p\u00fablicas como el Instituto Nacional de Protecci\u00f3n de los Derechos del Consumidor (Pro Consumidor), as\u00ed como gremios empresariales como la Asociaci\u00f3n Dominicana de Empresas de Comunicaci\u00f3n Comercial (ADECC), la Asociaci\u00f3n Dominicana de Industrias L\u00e1cteas (ADIL), la Asociaci\u00f3n Dominicana de Radiodifusoras (ADORA) y la Asociaci\u00f3n de Industrias de Bebidas No Alcoh\u00f3licas (ASIBENAS).<\/p>\n\n\n\n<p>Con esta Alianza, el sector industrial y las entidades estatales refuerzan su compromiso con el bienestar de las familias dominicanas y motivan a dar seguimiento a sus iniciativas en su p\u00e1gina oficial: https:\/\/www.alimentacionybienestar.do as\u00ed como en sus redes sociales.<\/p>\n","protected":false},"excerpt":{"rendered":"<p>Santo Domingo.- El Ministerio de Industria, Comercio y Mipymes (MICM) y la Asociaci\u00f3n de Industrias de la Rep\u00fablica Dominicana (AIRD) reafirmaron su apoyo a los ejes transversales de la Alianza&hellip; <\/p>\n","protected":false},"author":2,"featured_media":73299,"comment_status":"closed","ping_status":"closed","sticky":false,"template":"","format":"standard","meta":{"fifu_image_url":"https:\/\/elmundodelosnegocios.com.do\/v1\/wp-content\/uploads\/2025\/10\/Victor-Ito-Bisono-ministro-de-Industria-y-Comercio-y-Julio-Virgilio-Brache-presidente-de-la-AIRD.jpg","fifu_image_alt":"","footnotes":""},"categories":[147],"tags":[],"class_list":["post-73296","post","type-post","status-publish","format-standard","has-post-thumbnail","hentry","category-comercio"],"_links":{"self":[{"href":"https:\/\/elmundodelosnegocios.com.do\/v1\/wp-json\/wp\/v2\/posts\/73296","targetHints":{"allow":["GET"]}}],"collection":[{"href":"https:\/\/elmundodelosnegocios.com.do\/v1\/wp-json\/wp\/v2\/posts"}],"about":[{"href":"https:\/\/elmundodelosnegocios.com.do\/v1\/wp-json\/wp\/v2\/types\/post"}],"author":[{"embeddable":true,"href":"https:\/\/elmundodelosnegocios.com.do\/v1\/wp-json\/wp\/v2\/users\/2"}],"replies":[{"embeddable":true,"href":"https:\/\/elmundodelosnegocios.com.do\/v1\/wp-json\/wp\/v2\/comments?post=73296"}],"version-history":[{"count":0,"href":"https:\/\/elmundodelosnegocios.com.do\/v1\/wp-json\/wp\/v2\/posts\/73296\/revisions"}],"wp:featuredmedia":[{"embeddable":true,"href":"https:\/\/elmundodelosnegocios.com.do\/v1\/wp-json\/"}],"wp:attachment":[{"href":"https:\/\/elmundodelosnegocios.com.do\/v1\/wp-json\/wp\/v2\/media?parent=73296"}],"wp:term":[{"taxonomy":"category","embeddable":true,"href":"https:\/\/elmundodelosnegocios.com.do\/v1\/wp-json\/wp\/v2\/categories?post=73296"},{"taxonomy":"post_tag","embeddable":true,"href":"https:\/\/elmundodelosnegocios.com.do\/v1\/wp-json\/wp\/v2\/tags?post=73296"}],"curies":[{"name":"wp","href":"https:\/\/api.w.org\/{rel}","templated":true}]}}