{"id":73307,"date":"2025-10-01T17:34:52","date_gmt":"2025-10-01T22:04:52","guid":{"rendered":"https:\/\/elmundodelosnegocios.com.do\/v1\/?p=73307"},"modified":"2025-10-01T17:34:52","modified_gmt":"2025-10-01T22:04:52","slug":"hodelpa-hotels-celebra-brunch-learn-con-enfoque-en-innovacion-hospitalidad-y-marca-personal","status":"publish","type":"post","link":"https:\/\/elmundodelosnegocios.com.do\/v1\/hodelpa-hotels-celebra-brunch-learn-con-enfoque-en-innovacion-hospitalidad-y-marca-personal\/","title":{"rendered":"Hodelpa Hotels celebra \u201cBrunch &amp; Learn\u201d con enfoque en innovaci\u00f3n, hospitalidad y marca personal"},"content":{"rendered":"\n<p><strong>Santiago de los Caballeros, R.D.<\/strong>&nbsp;\u2013 La cadena&nbsp;<strong>Hodelpa Hotels<\/strong>&nbsp;realiz\u00f3 el exclusivo encuentro&nbsp;<strong>\u201cBrunch &amp; Learn\u201d<\/strong>, un espacio dise\u00f1ado para fortalecer v\u00ednculos con aliados estrat\u00e9gicos, presentar las novedades de sus centros de convenciones y reafirmar su liderazgo en la industria tur\u00edstica nacional.<\/p>\n\n\n<div class=\"wp-block-image\">\n<figure class=\"aligncenter size-large\"><img decoding=\"async\" src=\"https:\/\/elmundodelosnegocios.com.do\/v1\/wp-content\/uploads\/2025\/10\/1-Manuela-Ines-compartio-claves-para-potenciar-la-marca-personal-scaled-e1759345652500-1024x693.jpg\" alt=\"\" class=\"wp-image-73308\"\/><\/figure>\n<\/div>\n\n\n<h3 class=\"wp-block-heading\">Renovaci\u00f3n y modernizaci\u00f3n de espacios<\/h3>\n\n\n\n<p>Los invitados pudieron apreciar el nuevo dise\u00f1o del&nbsp;<strong>Centro de Convenciones Hodelpa Gran Almirante<\/strong>, reafirmando el compromiso de la cadena con la modernizaci\u00f3n y la creaci\u00f3n de ambientes de vanguardia para eventos y actividades corporativas.<\/p>\n\n\n<div class=\"wp-block-image\">\n<figure class=\"aligncenter is-resized\"><a href=\"https:\/\/diariosocialrd.com\/wp-content\/uploads\/2025\/10\/5-Jessica-Aja-con-el-equipo-de-ventas-y-banquetes-de-la-cadena-hotelera.-Copy.jpg\"><img decoding=\"async\" src=\"https:\/\/diariosocialrd.com\/wp-content\/uploads\/2025\/10\/5-Jessica-Aja-con-el-equipo-de-ventas-y-banquetes-de-la-cadena-hotelera.-Copy.jpg\" alt=\"\" class=\"wp-image-238391\" style=\"width:840px;height:auto\"\/><\/a><figcaption class=\"wp-element-caption\">Jessica Aja con el equipo de ventas y banquetes de la cadena hotelera.<\/figcaption><\/figure>\n<\/div>\n\n\n<h3 class=\"wp-block-heading\">Vocaci\u00f3n de servicio y trayectoria<\/h3>\n\n\n\n<p>Durante la jornada,&nbsp;<strong>Jessica Aja<\/strong>, vicepresidenta ejecutiva de Hodelpa Hotels, destac\u00f3 la trayectoria de m\u00e1s de 35 a\u00f1os de la empresa y el sello de calidez dominicana que caracteriza a la marca.<\/p>\n\n\n\n<blockquote class=\"wp-block-quote is-layout-flow wp-block-quote-is-layout-flow\">\n<p>\u201cM\u00e1s que operadores de hoteles, somos anfitriones de historias y, sobre todo, somos familia. Cada estad\u00eda de nuestros hu\u00e9spedes se convierte en una experiencia \u00fanica, gracias a la combinaci\u00f3n de eficiencia empresarial y la hospitalidad dominicana\u201d, expres\u00f3 Aja.<\/p>\n<\/blockquote>\n\n\n\n<p>La ejecutiva tambi\u00e9n comparti\u00f3 an\u00e9cdotas personales de su ni\u00f1ez en los hoteles, resaltando la esencia familiar que define a la cadena.<\/p>\n\n\n<div class=\"wp-block-image\">\n<figure class=\"aligncenter is-resized\"><a href=\"https:\/\/diariosocialrd.com\/wp-content\/uploads\/2025\/10\/3-Esther-Perez-Milagros-Inoa-Copy.jpg\"><img decoding=\"async\" src=\"https:\/\/diariosocialrd.com\/wp-content\/uploads\/2025\/10\/3-Esther-Perez-Milagros-Inoa-Copy.jpg\" alt=\"\" class=\"wp-image-238389\" style=\"width:840px;height:auto\"\/><\/a><figcaption class=\"wp-element-caption\">Esther P\u00e9rez, Milagros Inoa<\/figcaption><\/figure>\n<\/div>\n\n\n<h3 class=\"wp-block-heading\">Reconocimientos internacionales<\/h3>\n\n\n\n<p>En el evento se subrayaron los logros de Hodelpa a nivel global, entre ellos el posicionamiento del&nbsp;<strong>Hotel Hodelpa Gran Almirante<\/strong>&nbsp;como el&nbsp;<strong>tercer mejor hotel del mundo en satisfacci\u00f3n de hu\u00e9spedes (NPS)<\/strong>&nbsp;y la obtenci\u00f3n de certificaciones internacionales como la&nbsp;<strong>AAA Three Diamond<\/strong>.<\/p>\n\n\n\n<p>Con presencia en&nbsp;<strong>Santo Domingo, Puerto Plata, Juan Dolio y Santiago<\/strong>, la cadena ofrece&nbsp;<strong>42 salones y m\u00e1s de 50,000 metros cuadrados<\/strong>&nbsp;de espacios para convenciones y eventos.<\/p>\n\n\n<div class=\"wp-block-image\">\n<figure class=\"aligncenter\"><a href=\"https:\/\/diariosocialrd.com\/wp-content\/uploads\/2025\/10\/2-Norma-Pena-Jessica-Aja-scaled-e1759345815340.jpg\"><img decoding=\"async\" src=\"https:\/\/diariosocialrd.com\/wp-content\/uploads\/2025\/10\/2-Norma-Pena-Jessica-Aja-scaled-e1759345815340-1024x861.jpg\" alt=\"\" class=\"wp-image-238388\"\/><\/a><figcaption class=\"wp-element-caption\">Norma Pe\u00f1a. y Jessica Aja<\/figcaption><\/figure>\n<\/div>\n\n\n<h3 class=\"wp-block-heading\">Marca personal en la era digital<\/h3>\n\n\n\n<p>El encuentro tambi\u00e9n incluy\u00f3 la ponencia de&nbsp;<strong>Manuela In\u00e9s<\/strong>, asesora en marca personal, quien comparti\u00f3 herramientas pr\u00e1cticas para potenciar la presencia digital de profesionales y ejecutivos. Su charla abord\u00f3 temas como t\u00e9cnicas de venta, manejo de emociones y estrategias para destacar en plataformas como&nbsp;<strong>Instagram<\/strong>&nbsp;y&nbsp;<strong>TikTok<\/strong>.<\/p>\n\n\n\n<p>\u201cMi objetivo es sembrar una semilla que germine en una marca personal fuerte. Comparto lo que he aprendido para que otras personas alcancen su verdadero potencial\u201d, afirm\u00f3 la especialista.<\/p>\n\n\n<div class=\"wp-block-image\">\n<figure class=\"aligncenter is-resized\"><a href=\"https:\/\/diariosocialrd.com\/wp-content\/uploads\/2025\/10\/6-Esmeralda-Clase-Alfonso-Hernandez-Mary-Ann-Deprat-Copy.jpg\"><img decoding=\"async\" src=\"https:\/\/diariosocialrd.com\/wp-content\/uploads\/2025\/10\/6-Esmeralda-Clase-Alfonso-Hernandez-Mary-Ann-Deprat-Copy.jpg\" alt=\"\" class=\"wp-image-238392\" style=\"width:840px;height:auto\"\/><\/a><figcaption class=\"wp-element-caption\">Esmeralda Clase, Alfonso Hern\u00e1ndez y Mary Ann Deprat<\/figcaption><\/figure>\n<\/div>\n\n\n<h3 class=\"wp-block-heading\">Reconocimiento al fundador<\/h3>\n\n\n\n<p>La actividad cerr\u00f3 con un homenaje al empresario&nbsp;<strong>Edmundo Aja<\/strong>, fundador y presidente de Hodelpa Hotels, por su visi\u00f3n, liderazgo y valioso aporte al turismo dominicano.<\/p>\n\n\n\n<p>Con esta iniciativa, Hodelpa Hotels ratifica su compromiso con la&nbsp;<strong>innovaci\u00f3n, la excelencia en el servicio y el fortalecimiento de la industria tur\u00edstica nacional<\/strong>, posicion\u00e1ndose como referente de hospitalidad en la Rep\u00fablica Dominicana.<\/p>\n","protected":false},"excerpt":{"rendered":"<p>Santiago de los Caballeros, R.D.&nbsp;\u2013 La cadena&nbsp;Hodelpa Hotels&nbsp;realiz\u00f3 el exclusivo encuentro&nbsp;\u201cBrunch &amp; Learn\u201d, un espacio dise\u00f1ado para fortalecer v\u00ednculos con aliados estrat\u00e9gicos, presentar las novedades de sus centros de convenciones&hellip; <\/p>\n","protected":false},"author":2,"featured_media":73310,"comment_status":"closed","ping_status":"closed","sticky":false,"template":"","format":"standard","meta":{"fifu_image_url":"https:\/\/elmundodelosnegocios.com.do\/v1\/wp-content\/uploads\/2025\/10\/1-Manuela-Ines-compartio-claves-para-potenciar-la-marca-personal-scaled-e1759345652500.jpg","fifu_image_alt":"","footnotes":""},"categories":[172],"tags":[],"class_list":["post-73307","post","type-post","status-publish","format-standard","has-post-thumbnail","hentry","category-turismo"],"_links":{"self":[{"href":"https:\/\/elmundodelosnegocios.com.do\/v1\/wp-json\/wp\/v2\/posts\/73307","targetHints":{"allow":["GET"]}}],"collection":[{"href":"https:\/\/elmundodelosnegocios.com.do\/v1\/wp-json\/wp\/v2\/posts"}],"about":[{"href":"https:\/\/elmundodelosnegocios.com.do\/v1\/wp-json\/wp\/v2\/types\/post"}],"author":[{"embeddable":true,"href":"https:\/\/elmundodelosnegocios.com.do\/v1\/wp-json\/wp\/v2\/users\/2"}],"replies":[{"embeddable":true,"href":"https:\/\/elmundodelosnegocios.com.do\/v1\/wp-json\/wp\/v2\/comments?post=73307"}],"version-history":[{"count":0,"href":"https:\/\/elmundodelosnegocios.com.do\/v1\/wp-json\/wp\/v2\/posts\/73307\/revisions"}],"wp:featuredmedia":[{"embeddable":true,"href":"https:\/\/elmundodelosnegocios.com.do\/v1\/wp-json\/"}],"wp:attachment":[{"href":"https:\/\/elmundodelosnegocios.com.do\/v1\/wp-json\/wp\/v2\/media?parent=73307"}],"wp:term":[{"taxonomy":"category","embeddable":true,"href":"https:\/\/elmundodelosnegocios.com.do\/v1\/wp-json\/wp\/v2\/categories?post=73307"},{"taxonomy":"post_tag","embeddable":true,"href":"https:\/\/elmundodelosnegocios.com.do\/v1\/wp-json\/wp\/v2\/tags?post=73307"}],"curies":[{"name":"wp","href":"https:\/\/api.w.org\/{rel}","templated":true}]}}