{"id":73312,"date":"2025-10-01T18:06:02","date_gmt":"2025-10-01T22:36:02","guid":{"rendered":"https:\/\/elmundodelosnegocios.com.do\/v1\/?p=73312"},"modified":"2025-10-01T18:06:02","modified_gmt":"2025-10-01T22:36:02","slug":"director-general-de-aduanas-presenta-la-transformacion-logistica-de-rd-en-la-universidad-george-washington","status":"publish","type":"post","link":"https:\/\/elmundodelosnegocios.com.do\/v1\/director-general-de-aduanas-presenta-la-transformacion-logistica-de-rd-en-la-universidad-george-washington\/","title":{"rendered":"Director General de Aduanas presenta la transformaci\u00f3n log\u00edstica de RD en la Universidad George Washington"},"content":{"rendered":"\n<p>Washington D. C.- El director general de Aduanas,&nbsp;<strong>Yayo Sanz Lovat\u00f3n<\/strong>, encabez\u00f3 un&nbsp;<strong>conversatorio<\/strong>&nbsp;con estudiantes de la&nbsp;<strong>Universidad George Washington<\/strong>, sobre los&nbsp;<strong>retos y oportunidades<\/strong>&nbsp;que enfrenta la Rep\u00fablica Dominicana para continuar su&nbsp;<strong>transformaci\u00f3n social y econ\u00f3mica<\/strong>.&nbsp;<\/p>\n\n\n<div class=\"wp-block-image\">\n<figure class=\"aligncenter size-large\"><img decoding=\"async\" src=\"https:\/\/elmundodelosnegocios.com.do\/v1\/wp-content\/uploads\/2025\/10\/Foto-4-1024x576.jpg\" alt=\"\" class=\"wp-image-73313\"\/><\/figure>\n<\/div>\n\n\n<p>Durante el evento&nbsp;<strong>\u201cEl Reto de Transformar a la Rep\u00fablica Dominicana\u201d,<\/strong>&nbsp;Sanz Lovat\u00f3n present\u00f3 la visi\u00f3n del actual gobierno para convertir la&nbsp;<strong>log\u00edstica&nbsp;<\/strong>en el<strong>&nbsp;pr\u00f3ximo gran motor de crecimiento<\/strong>&nbsp;del pa\u00eds, diversificando la econom\u00eda y haci\u00e9ndola m\u00e1s&nbsp;<strong>resiliente<\/strong>, al tiempo que destac\u00f3 las&nbsp;<strong>oportunidades<\/strong>&nbsp;que ya se han creado con este esfuerzo.&nbsp;<\/p>\n\n\n\n<p><em>\u201cNuestro objetivo es claro: establecer a la Rep\u00fablica Dominicana como el principal centro log\u00edstico de la regi\u00f3n\u201d,<\/em>&nbsp;afirm\u00f3 el funcionario, subrayando que este proceso ya est\u00e1 generando&nbsp;<strong>empleos de calidad, confianza internacional y nuevas inversiones<\/strong>.&nbsp;<\/p>\n\n\n\n<p>Sanz Lovat\u00f3n explic\u00f3 que, para lograrlo, se han impulsado desde la Direcci\u00f3n General de Aduanas&nbsp;<strong>(DGA)<\/strong>&nbsp;<strong>iniciativas clave<\/strong>&nbsp;como la promulgaci\u00f3n de la nueva&nbsp;<strong>Ley de Aduanas 168-21<\/strong>, que sustituy\u00f3 una legislaci\u00f3n obsoleta de 68 a\u00f1os de antig\u00fcedad, y la&nbsp;<strong>Ley 30-24 de Operadores y Centros Log\u00edsticos<\/strong>, reforzando la competitividad y la seguridad jur\u00eddica del sector.&nbsp;<\/p>\n\n\n\n<p>Esas&nbsp;<strong>reformas legales<\/strong>, acompa\u00f1adas de&nbsp;<strong>cambios en la infraestructura tecnol\u00f3gica<\/strong>&nbsp;de las aduanas dominicanas han permitido incrementar las recaudaciones, facilitar el comercio, mejorar los servicios y fortalecer el control y la seguridad nacional.<\/p>\n\n\n\n<p>Estos avances tambi\u00e9n est\u00e1n generando&nbsp;<strong>beneficios concretos para los Estados Unidos.<\/strong>&nbsp;Bajo la administraci\u00f3n de Sanz Lovat\u00f3n, la Rep\u00fablica Dominicana ha desarrollado la&nbsp;<strong>capacidad de entregar<\/strong>&nbsp;<strong>mercanc\u00edas<\/strong>&nbsp;a una velocidad que equivaldr\u00eda a que el 48 % de la poblaci\u00f3n estadounidense recibiese paqueter\u00eda en 48 horas, convirtiendo a la log\u00edstica dominicana en una alternativa m\u00e1s r\u00e1pida incluso que muchas entregas dom\u00e9sticas.&nbsp;<\/p>\n\n\n\n<figure class=\"wp-block-image\"><img decoding=\"async\" src=\"https:\/\/presidencia.gob.do\/sites\/default\/files\/inline-images\/Foto%202_3.jpg\" alt=\"\"\/><\/figure>\n\n\n\n<p>Adem\u00e1s, bajo la actual gesti\u00f3n, la Rep\u00fablica Dominicana ha logrado reducir el tiempo de&nbsp;<strong>tr\u00e1nsito mar\u00edtimo entre Miami y Santo Domingo en 3 a 4 d\u00edas<\/strong>, estableciendo un nuevo est\u00e1ndar de&nbsp;<strong>eficiencia log\u00edstica<\/strong>&nbsp;para la regi\u00f3n.<\/p>\n\n\n\n<p>Tambi\u00e9n present\u00f3 avances concretos como la&nbsp;<strong>Ventanilla \u00danica de Comercio Exterior<\/strong>&nbsp;(VUCE), que interconecta 44 instituciones del Estado para procesar 298 servicios en beneficio de m\u00e1s de 5,000 importadores y 1,000 exportadores.&nbsp;<\/p>\n\n\n\n<p>En materia de&nbsp;<strong>control y seguridad<\/strong>, destac\u00f3 los esfuerzos de lucha contra&nbsp;<strong>il\u00edcitos aduaneros<\/strong>, con la mejora continua del&nbsp;<strong>Motor de Riesgo<\/strong>, el cual utiliza&nbsp;<strong>188 indicadores din\u00e1micos<\/strong>&nbsp;para perfilar las cargas y el fortalecimiento del programa de&nbsp;<strong>Operadores Econ\u00f3micos Autorizados (OEA)<\/strong>, que ya certifica y otorga&nbsp;<strong>trato preferencial<\/strong>&nbsp;a las cargas de&nbsp;<strong>685 empresas<\/strong>, entre ellas 434 empresas en la&nbsp;<strong>categor\u00eda internacional<\/strong>&nbsp;y 251 en el&nbsp;<strong>estatuto simplificado,<\/strong>democratizando este \u00faltimo el acceso al comercio exterior a las peque\u00f1as y medianas empresas.&nbsp;&nbsp;<\/p>\n\n\n\n<p>Como ejemplo del impacto de estas transformaciones, se\u00f1al\u00f3 que el pa\u00eds pas\u00f3 de verificar solo el 40 % de la carga con rayos X en 2020 a&nbsp;<strong>inspeccionar hoy el 96 %<\/strong>, un salto hist\u00f3rico en materia de seguridad y eficiencia log\u00edstica.<\/p>\n\n\n\n<p>Estos avances fortalecen la&nbsp;<strong>relaci\u00f3n estrat\u00e9gica de Rep\u00fablica Dominicana con EE. UU.<\/strong>&nbsp;y dem\u00e1s aliados regionales, posicionando a RD como un actor estrat\u00e9gico clave del comercio internacional y la log\u00edstica.<\/p>\n\n\n\n<p><strong>Sobre la Semana Dominicana en EE. UU<\/strong>.<\/p>\n\n\n\n<figure class=\"wp-block-image\"><img decoding=\"async\" src=\"https:\/\/presidencia.gob.do\/sites\/default\/files\/inline-images\/Foto%203_3.jpg\" alt=\"\"\/><\/figure>\n\n\n\n<p>La Semana Dominicana en EE. UU. es una misi\u00f3n exclusiva de AMCHAMDR que tiene como prop\u00f3sito&nbsp;<strong>afianzar las relaciones comerciales bilaterales<\/strong>, estrechar lazos con la comunidad dominicana en Estados Unidos y gestionar&nbsp;<strong>intereses comunes<\/strong>&nbsp;entre ambos pa\u00edses, que se celebra del 29 de septiembre al 2 de octubre, en las ciudades de Washington D.C. y Nueva York.<\/p>\n","protected":false},"excerpt":{"rendered":"<p>Washington D. C.- El director general de Aduanas,&nbsp;Yayo Sanz Lovat\u00f3n, encabez\u00f3 un&nbsp;conversatorio&nbsp;con estudiantes de la&nbsp;Universidad George Washington, sobre los&nbsp;retos y oportunidades&nbsp;que enfrenta la Rep\u00fablica Dominicana para continuar su&nbsp;transformaci\u00f3n social y&hellip; <\/p>\n","protected":false},"author":2,"featured_media":73316,"comment_status":"closed","ping_status":"closed","sticky":false,"template":"","format":"standard","meta":{"fifu_image_url":"https:\/\/elmundodelosnegocios.com.do\/v1\/wp-content\/uploads\/2025\/10\/Foto-4.jpg","fifu_image_alt":"","footnotes":""},"categories":[178],"tags":[],"class_list":["post-73312","post","type-post","status-publish","format-standard","has-post-thumbnail","hentry","category-aduana"],"_links":{"self":[{"href":"https:\/\/elmundodelosnegocios.com.do\/v1\/wp-json\/wp\/v2\/posts\/73312","targetHints":{"allow":["GET"]}}],"collection":[{"href":"https:\/\/elmundodelosnegocios.com.do\/v1\/wp-json\/wp\/v2\/posts"}],"about":[{"href":"https:\/\/elmundodelosnegocios.com.do\/v1\/wp-json\/wp\/v2\/types\/post"}],"author":[{"embeddable":true,"href":"https:\/\/elmundodelosnegocios.com.do\/v1\/wp-json\/wp\/v2\/users\/2"}],"replies":[{"embeddable":true,"href":"https:\/\/elmundodelosnegocios.com.do\/v1\/wp-json\/wp\/v2\/comments?post=73312"}],"version-history":[{"count":0,"href":"https:\/\/elmundodelosnegocios.com.do\/v1\/wp-json\/wp\/v2\/posts\/73312\/revisions"}],"wp:featuredmedia":[{"embeddable":true,"href":"https:\/\/elmundodelosnegocios.com.do\/v1\/wp-json\/"}],"wp:attachment":[{"href":"https:\/\/elmundodelosnegocios.com.do\/v1\/wp-json\/wp\/v2\/media?parent=73312"}],"wp:term":[{"taxonomy":"category","embeddable":true,"href":"https:\/\/elmundodelosnegocios.com.do\/v1\/wp-json\/wp\/v2\/categories?post=73312"},{"taxonomy":"post_tag","embeddable":true,"href":"https:\/\/elmundodelosnegocios.com.do\/v1\/wp-json\/wp\/v2\/tags?post=73312"}],"curies":[{"name":"wp","href":"https:\/\/api.w.org\/{rel}","templated":true}]}}