{"id":73394,"date":"2025-10-07T16:14:02","date_gmt":"2025-10-07T20:44:02","guid":{"rendered":"https:\/\/elmundodelosnegocios.com.do\/v1\/?p=73394"},"modified":"2025-10-07T16:14:02","modified_gmt":"2025-10-07T20:44:02","slug":"lecheton-activo-20-30-celebra-15-anos-alimentando-sonrisas-de-miles-de-ninos-en-vulnerabilidad-en-rd","status":"publish","type":"post","link":"https:\/\/elmundodelosnegocios.com.do\/v1\/lecheton-activo-20-30-celebra-15-anos-alimentando-sonrisas-de-miles-de-ninos-en-vulnerabilidad-en-rd\/","title":{"rendered":"Lechet\u00f3n Activo 20-30 celebra 15 a\u00f1os alimentando sonrisas de miles de ni\u00f1os en vulnerabilidad en RD"},"content":{"rendered":"\n<p>La colecta de leche en envases de Tetra Pak se realizar\u00e1 los d\u00edas 11 y 12 de octubre, en el marco del D\u00eda Mundial de la Alimentaci\u00f3n.<\/p>\n\n\n<div class=\"wp-block-image\">\n<figure class=\"aligncenter size-large\"><img decoding=\"async\" src=\"https:\/\/elmundodelosnegocios.com.do\/v1\/wp-content\/uploads\/2025\/10\/0-1-1024x576.jpeg\" alt=\"\" class=\"wp-image-73395\"\/><\/figure>\n<\/div>\n\n\n<p><strong><em>Santo Domingo, 7 de octubre<\/em><\/strong><strong><em>&nbsp;2025.-<\/em><\/strong>&nbsp;En el marco de la conmemoraci\u00f3n del 15 aniversario de la Lechet\u00f3n Activo 20-30, se celebrar\u00e1 una nueva edici\u00f3n de esta iniciativa con el apoyo de Tetra Pak, con el fin de impulsar la colecta de leche para miles de ni\u00f1os, ni\u00f1as y adolescentes en situaci\u00f3n de vulnerabilidad en la Rep\u00fablica Dominicana.<br><br>Esta iniciativa que arriba a su 15 aniversario, tiene por prop\u00f3sito recolectar 46 mil litros de leche&nbsp;en envases de&nbsp;Tetra Pak, para ser distribuidos a ni\u00f1os y ni\u00f1as carenciados residentes en 16 ciudades en todo el territorio nacional.<\/p>\n\n\n\n<p>En la Rep\u00fablica Dominicana,&nbsp;desde el a\u00f1o 2011 hasta la fecha,&nbsp;se han recolectado&nbsp;un total de 566,927 litros de leche, beneficiando a 63,188 ni\u00f1os, para un promedio anual de 40,495 litros de leche que han sido distribuidos a los infantes.<\/p>\n\n\n\n<p>La encargada Nacional de la Lechet\u00f3n Activo 20-30,&nbsp;Carolin Lugo, destac\u00f3 que esta noble causa representa un acto de amor y solidaridad para miles de ni\u00f1os en situaci\u00f3n vulnerable. \u201cCon cada litro de leche donado, contribuimos a brindar un futuro m\u00e1s sano y digno para ellos\u201d, enfatiz\u00f3.<\/p>\n\n\n\n<p>Tetra Pak,&nbsp;reafirma su compromiso de respaldo a esta iniciativa que lleva 15 a\u00f1os impactando vidas en la Rep\u00fablica Dominicana y m\u00e1s de cuatro d\u00e9cadas contribuyendo a brindar una mejor alimentaci\u00f3n en la regi\u00f3n, as\u00ed lo manifest\u00f3&nbsp;Bruno Basile, jefe de comunicaciones&nbsp;de Tetra Pak para Centroam\u00e9rica y Caribe.<\/p>\n\n\n\n<p>La leche en envases de Tetra Pak garantiza que este alimento, de vital importancia en la nutrici\u00f3n de los infantes, se conserve durante su distribuci\u00f3n y almacenamiento, y que llegue apta para el consumo a los beneficiarios, explic\u00f3&nbsp;Basile.<\/p>\n\n\n\n<p>El&nbsp;apoyo de personas comprometidas que adquieran leche en envases de Tetra Pak de&nbsp;la marca de su preferencia,&nbsp;variedad y tama\u00f1o en los diferentes supermercados, representa una oportunidad para continuar mejorando vidas y construir un ma\u00f1ana lleno de esperanza y bienestar para los ni\u00f1os, ni\u00f1as y adolescentes.<\/p>\n\n\n\n<p>La colecta de leche tendr\u00e1 lugar los d\u00edas 11 y 12 de octubre en los supermercados de Grupo Ramos y CCN, ubicados en Santo Domingo, Azua, Ban\u00ed, Padre Las Casas, Bonao, Higuey, La Romana, La Vega, Mao, Moca, Nagua, San Francisco de Macor\u00eds, San Juan de la Maguana, S\u00e1nchez,&nbsp;Santiago y Villa V\u00e1squez.<\/p>\n\n\n\n<p><br>En estos centros habr\u00e1 voluntarios orientando a las personas para la recolecci\u00f3n de la leche que ser\u00e1 colocada en carritos identificados con el emblema de Lechet\u00f3n Activo 20-30. La leche recolectada ser\u00e1 entregada a decenas de albergues y hogares de acogida del pa\u00eds, con el prop\u00f3sito de suplir un vaso de leche diaria a cada ni\u00f1o, por un periodo de tres meses.<\/p>\n\n\n\n<p>Por m\u00e1s de 15 a\u00f1os, de manera ininterrumpida, Lechet\u00f3n Activo 20-30 ha logrado alimentar vidas de miles de ni\u00f1os de nuestro pa\u00eds. Es una iniciativa del Club Activo 20-30 de Santo Domingo, que cuenta con 63 a\u00f1os formando l\u00edderes al servicio de la comunidad.<\/p>\n","protected":false},"excerpt":{"rendered":"<p>La colecta de leche en envases de Tetra Pak se realizar\u00e1 los d\u00edas 11 y 12 de octubre, en el marco del D\u00eda Mundial de la Alimentaci\u00f3n. Santo Domingo, 7&hellip; <\/p>\n","protected":false},"author":2,"featured_media":73397,"comment_status":"closed","ping_status":"closed","sticky":false,"template":"","format":"standard","meta":{"fifu_image_url":"https:\/\/elmundodelosnegocios.com.do\/v1\/wp-content\/uploads\/2025\/10\/0-1.jpeg","fifu_image_alt":"","footnotes":""},"categories":[78],"tags":[],"class_list":["post-73394","post","type-post","status-publish","format-standard","has-post-thumbnail","hentry","category-con-responsabilidad"],"_links":{"self":[{"href":"https:\/\/elmundodelosnegocios.com.do\/v1\/wp-json\/wp\/v2\/posts\/73394","targetHints":{"allow":["GET"]}}],"collection":[{"href":"https:\/\/elmundodelosnegocios.com.do\/v1\/wp-json\/wp\/v2\/posts"}],"about":[{"href":"https:\/\/elmundodelosnegocios.com.do\/v1\/wp-json\/wp\/v2\/types\/post"}],"author":[{"embeddable":true,"href":"https:\/\/elmundodelosnegocios.com.do\/v1\/wp-json\/wp\/v2\/users\/2"}],"replies":[{"embeddable":true,"href":"https:\/\/elmundodelosnegocios.com.do\/v1\/wp-json\/wp\/v2\/comments?post=73394"}],"version-history":[{"count":0,"href":"https:\/\/elmundodelosnegocios.com.do\/v1\/wp-json\/wp\/v2\/posts\/73394\/revisions"}],"wp:featuredmedia":[{"embeddable":true,"href":"https:\/\/elmundodelosnegocios.com.do\/v1\/wp-json\/"}],"wp:attachment":[{"href":"https:\/\/elmundodelosnegocios.com.do\/v1\/wp-json\/wp\/v2\/media?parent=73394"}],"wp:term":[{"taxonomy":"category","embeddable":true,"href":"https:\/\/elmundodelosnegocios.com.do\/v1\/wp-json\/wp\/v2\/categories?post=73394"},{"taxonomy":"post_tag","embeddable":true,"href":"https:\/\/elmundodelosnegocios.com.do\/v1\/wp-json\/wp\/v2\/tags?post=73394"}],"curies":[{"name":"wp","href":"https:\/\/api.w.org\/{rel}","templated":true}]}}