{"id":73497,"date":"2025-10-13T17:03:05","date_gmt":"2025-10-13T21:33:05","guid":{"rendered":"https:\/\/elmundodelosnegocios.com.do\/v1\/?p=73497"},"modified":"2025-10-13T17:03:05","modified_gmt":"2025-10-13T21:33:05","slug":"anuncian-ceo-talks-innovation-santo-domingo-conectara-gestion-humana-liderazgo-e-inteligencia-artificial-en-2da-edicion","status":"publish","type":"post","link":"https:\/\/elmundodelosnegocios.com.do\/v1\/anuncian-ceo-talks-innovation-santo-domingo-conectara-gestion-humana-liderazgo-e-inteligencia-artificial-en-2da-edicion\/","title":{"rendered":"Anuncian \u00abCEO Talks Innovation Santo Domingo\u00bb conectar\u00e1 gesti\u00f3n humana, liderazgo e inteligencia artificial\u00a0en 2da edici\u00f3n."},"content":{"rendered":"\n<p>Octubre 2025.-El&nbsp;reputado encuentro de crecimiento&nbsp;<strong>CEO Talks Innovation by Indhira B\u00e1ez<\/strong>, regresar\u00e1 este 8 de noviembre en su segunda edici\u00f3n en Santo Domingo, con una experiencia de aprendizaje y networking que conectar\u00e1 la gesti\u00f3n humana, el liderazgo empresarial y la inteligencia artificial, a fin de impulsar la innovaci\u00f3n, sostenibilidad, rentabilidad, y el liderazgo estrat\u00e9gico en el ecosistema corporativo.<\/p>\n\n\n<div class=\"wp-block-image\">\n<figure class=\"aligncenter size-large\"><img decoding=\"async\" src=\"https:\/\/elmundodelosnegocios.com.do\/v1\/wp-content\/uploads\/2025\/10\/WEB-1024x552.jpg\" alt=\"\" class=\"wp-image-73498\"\/><\/figure>\n<\/div>\n\n\n<p>El hotel Catalonia ser\u00e1 el escenario de este relevante encuentro, el pr\u00f3ximo 8 de noviembre, a partir del mediod\u00eda, y en el cual dentro de los profesionales que agregar\u00e1n valor est\u00e1n: como speakers&nbsp;<strong>Biviana Riveiro<\/strong>, directora de ProDominicana;&nbsp;<strong>Armida Pe\u00f1a<\/strong>, l\u00edder de equipos;&nbsp;<strong>Isabel Figueroa de Rolo<\/strong>, CEO de la revista Factor de \u00c9xito;&nbsp;<strong>Amarilis Dur\u00e1n<\/strong>,abogada y empresaria;e&nbsp;<strong>Iza Montalvo<\/strong>; estratega de medios,&nbsp;<strong>Jenny Gonz\u00e1lez B\u00e1ez<\/strong>, presidenta de la Asociaci\u00f3n Dominicana de Administradores de Gesti\u00f3n Humana (ADOARH).<\/p>\n\n\n\n<p>Como panelistas,&nbsp;<strong>Ely Vargas<\/strong>,&nbsp;creadora de Emprende y Mujer Pro;&nbsp;<strong>Emely Garc\u00eda<\/strong>, abogada experta en protecci\u00f3n de datos, y&nbsp;<strong>C\u00e9sar Novo<\/strong>, consultor en tecnolog\u00eda y ciberseguridad, as\u00ed como&nbsp;<strong>Ver\u00f3nica N\u00fa\u00f1ez<\/strong>, presidenta de la Asociaci\u00f3n Nacional de Mujeres Empresarias y Profesionales (ANMEPRO),&nbsp;<strong>Pedro Diaz Ballester,&nbsp;<\/strong>presidente de la Dominican Federation of Chambers &amp; Organizations Abroad, y de la Dominican Intl. Business &amp; Tourism Chamber, como el&nbsp;Dr. Steven Rabassa, entre otros.&nbsp;<\/p>\n\n\n\n<p>Las moderaciones estar\u00e1n a cargo de las destacadas profesionales&nbsp;<strong>Indhira B\u00e1ez, Amarilis Dur\u00e1n&nbsp;<\/strong>y<strong>&nbsp;Rayvelis Roa<\/strong>.<\/p>\n\n\n\n<p>Este espacio, ideado y conducido por la estratega de negocios y conferencista Indhira B\u00e1ez, abordar\u00e1 temas sobre liderazgo, innovaci\u00f3n, tendencias globales, sostenibilidad y transformaci\u00f3n digital en la regi\u00f3n, entre los destacados ejecutivos, empresarios, emprendedores y l\u00edderes de alto impacto que se dar\u00e1n cita.&nbsp;<\/p>\n\n\n\n<p>Esta experiencia incluir\u00e1 conferencias magistrales, paneles con expertos y espacios interactivos dise\u00f1ados para potenciar la colaboraci\u00f3n entre sectores clave de la econom\u00eda.&nbsp;<\/p>\n\n\n\n<p>La segunda edici\u00f3n a desarrollarse en Santo Domingo promete generar conversaciones visionarias que inspiren a los participantes a liderar con prop\u00f3sito en un entorno empresarial en constante cambio, y que aprendan a dominar el arte de liderar equipos y personas en la era de la inteligencia artificial.&nbsp;<\/p>\n\n\n\n<p>\u201cM\u00e1s que un evento, CEO Talks Innovation es un movimiento que busca conectar ideas con acciones. Es una cita con el futuro del liderazgo. Buscamos que cada participante salga con ideas, conexiones y herramientas que potencien la manera en que gestionan personas y negocios en un mundo cada vez m\u00e1s inteligente y competitivo\u201d, expres\u00f3 B\u00e1ez.-.<\/p>\n\n\n<div class=\"wp-block-image\">\n<figure class=\"aligncenter size-large\"><a href=\"https:\/\/parmim.com\/ceo-talks-2025\/\"><img decoding=\"async\" src=\"https:\/\/elmundodelosnegocios.com.do\/v1\/wp-content\/uploads\/2025\/10\/Flyer-CEO-TALKS-2025-791x1024.jpg\" alt=\"\" class=\"wp-image-73499\"\/><\/a><\/figure>\n<\/div>\n\n\n<p>Para mayor informaci\u00f3n, favor contactarnos v\u00edas:\u00a0<a href=\"mailto:marketingdelosnegocios@gmail.com\" target=\"_blank\" rel=\"noreferrer noopener\">marketingdelosnegocios@gmail.com<\/a>, o WhatsApp (829) 849-4417.<\/p>\n","protected":false},"excerpt":{"rendered":"<p>Octubre 2025.-El&nbsp;reputado encuentro de crecimiento&nbsp;CEO Talks Innovation by Indhira B\u00e1ez, regresar\u00e1 este 8 de noviembre en su segunda edici\u00f3n en Santo Domingo, con una experiencia de aprendizaje y networking que&hellip; <\/p>\n","protected":false},"author":2,"featured_media":73501,"comment_status":"closed","ping_status":"closed","sticky":false,"template":"","format":"standard","meta":{"fifu_image_url":"https:\/\/elmundodelosnegocios.com.do\/v1\/wp-content\/uploads\/2025\/10\/WEB.jpg","fifu_image_alt":"","footnotes":""},"categories":[32],"tags":[],"class_list":["post-73497","post","type-post","status-publish","format-standard","has-post-thumbnail","hentry","category-eventos"],"_links":{"self":[{"href":"https:\/\/elmundodelosnegocios.com.do\/v1\/wp-json\/wp\/v2\/posts\/73497","targetHints":{"allow":["GET"]}}],"collection":[{"href":"https:\/\/elmundodelosnegocios.com.do\/v1\/wp-json\/wp\/v2\/posts"}],"about":[{"href":"https:\/\/elmundodelosnegocios.com.do\/v1\/wp-json\/wp\/v2\/types\/post"}],"author":[{"embeddable":true,"href":"https:\/\/elmundodelosnegocios.com.do\/v1\/wp-json\/wp\/v2\/users\/2"}],"replies":[{"embeddable":true,"href":"https:\/\/elmundodelosnegocios.com.do\/v1\/wp-json\/wp\/v2\/comments?post=73497"}],"version-history":[{"count":0,"href":"https:\/\/elmundodelosnegocios.com.do\/v1\/wp-json\/wp\/v2\/posts\/73497\/revisions"}],"wp:featuredmedia":[{"embeddable":true,"href":"https:\/\/elmundodelosnegocios.com.do\/v1\/wp-json\/"}],"wp:attachment":[{"href":"https:\/\/elmundodelosnegocios.com.do\/v1\/wp-json\/wp\/v2\/media?parent=73497"}],"wp:term":[{"taxonomy":"category","embeddable":true,"href":"https:\/\/elmundodelosnegocios.com.do\/v1\/wp-json\/wp\/v2\/categories?post=73497"},{"taxonomy":"post_tag","embeddable":true,"href":"https:\/\/elmundodelosnegocios.com.do\/v1\/wp-json\/wp\/v2\/tags?post=73497"}],"curies":[{"name":"wp","href":"https:\/\/api.w.org\/{rel}","templated":true}]}}