{"id":73503,"date":"2025-10-13T17:05:46","date_gmt":"2025-10-13T21:35:46","guid":{"rendered":"https:\/\/elmundodelosnegocios.com.do\/v1\/?p=73503"},"modified":"2025-10-13T17:05:46","modified_gmt":"2025-10-13T21:35:46","slug":"celebra-muebles-omar-50-aniversario-y-lanza-nueva-imagen-corporativa","status":"publish","type":"post","link":"https:\/\/elmundodelosnegocios.com.do\/v1\/celebra-muebles-omar-50-aniversario-y-lanza-nueva-imagen-corporativa\/","title":{"rendered":"Celebra Muebles Omar 50 aniversario y lanza nueva imagen corporativa"},"content":{"rendered":"\n<p>Santo Domingo, R.D.\u2013&nbsp;<em>Muebles Omar<\/em>, empresa pionera y l\u00edder en soluciones de espacio de oficina en la Rep\u00fablica Dominicana, celebr\u00f3 por todo lo alto su 50 aniversario con un emotivo evento que reuni\u00f3 a clientes, suplidores, aliados nacionales e internacionales, colaboradores y amigos de la marca.<\/p>\n\n\n<div class=\"wp-block-image\">\n<figure class=\"aligncenter size-large\"><img decoding=\"async\" src=\"https:\/\/www.almuerzodenegocios.com\/wp-content\/uploads\/2025\/10\/Familia-Omar-Muebles-scaled.jpg\" alt=\"\"\/><\/figure>\n<\/div>\n\n\n<p>Fundada en febrero de 1975 por&nbsp;<strong>Alexis Licairac<\/strong>, la compa\u00f1\u00eda ha sido durante cinco d\u00e9cadas un referente en el sector, acompa\u00f1ando el crecimiento de empresas dominicanas e internacionales con mobiliario innovador, funcional y de alta calidad. Hoy, bajo la direcci\u00f3n de la segunda generaci\u00f3n familiar, encabezada por&nbsp;<strong>Vladimir Licairac, presidente ejecutivo<\/strong>, y&nbsp;<strong>Omar Licairac, vicepresidente ejecutivo<\/strong>, Muebles Omar reafirma su liderazgo en el mercado, apostando por la innovaci\u00f3n y la modernizaci\u00f3n.<\/p>\n\n\n\n<p>En el marco de la celebraci\u00f3n, la empresa present\u00f3 su nueva identidad corporativa:&nbsp;<strong>Omar Oficina &amp; Contract<\/strong>. Este cambio incluye un logo renovado y una imagen visual m\u00e1s moderna, que refleja el esp\u00edritu innovador de la marca, su visi\u00f3n de futuro y su compromiso de seguir ofreciendo soluciones confiables, de calidad y alineadas a los retos de la era digital.<\/p>\n\n\n\n<p>Durante el evento, los asistentes pudieron conocer de primera mano las dos grandes \u00e1reas que conforman esta nueva etapa:<\/p>\n\n\n\n<p>\u25cf&nbsp;&nbsp;&nbsp;&nbsp;&nbsp;&nbsp;&nbsp;<strong>Omar Oficina<\/strong>, con escritorios ejecutivos, estaciones de trabajo y mobiliario especializado en espacios corporativos.<\/p>\n\n\n\n<p>\u25cf&nbsp;&nbsp;&nbsp;&nbsp;&nbsp;&nbsp;&nbsp;<strong>Omar Contract<\/strong>, dirigido al sector hotelero y comercial, con propuestas que incluyen mesas, sillas, tumbonas (<em>chaise longue<\/em>) y otras soluciones de dise\u00f1o adaptadas a las necesidades del mercado.<\/p>\n\n\n\n<p>\u201cEste 50 aniversario es motivo de orgullo y de agradecimiento. Orgullo por lo que hemos construido durante cinco d\u00e9cadas y agradecimiento a cada cliente, suplidor, aliado y colaborador que ha formado parte de esta historia. Hoy presentamos una nueva imagen que simboliza evoluci\u00f3n, pero con el mismo compromiso de siempre: servir con calidad y responsabilidad\u201d, expres\u00f3&nbsp;<strong>Vladimir Licairac, presidente ejecutivo de Muebles Omar<\/strong>.<\/p>\n\n\n\n<p>Con 50 a\u00f1os de trayectoria y una visi\u00f3n clara hacia el futuro,&nbsp;<em>Muebles Omar<\/em>&nbsp;reafirma su posici\u00f3n como la empresa dominicana l\u00edder en soluciones de mobiliario para oficinas y proyectos contract, abriendo una nueva etapa que consolida su legado y proyecta su crecimiento hacia las pr\u00f3ximas generaciones.<\/p>\n","protected":false},"excerpt":{"rendered":"<p>Santo Domingo, R.D.\u2013&nbsp;Muebles Omar, empresa pionera y l\u00edder en soluciones de espacio de oficina en la Rep\u00fablica Dominicana, celebr\u00f3 por todo lo alto su 50 aniversario con un emotivo evento&hellip; <\/p>\n","protected":false},"author":2,"featured_media":73505,"comment_status":"closed","ping_status":"closed","sticky":false,"template":"","format":"standard","meta":{"fifu_image_url":"https:\/\/www.almuerzodenegocios.com\/wp-content\/uploads\/2025\/10\/Familia-Omar-Muebles-scaled.jpg","fifu_image_alt":"","footnotes":""},"categories":[83],"tags":[],"class_list":["post-73503","post","type-post","status-publish","format-standard","has-post-thumbnail","hentry","category-empresariales-empresariales"],"_links":{"self":[{"href":"https:\/\/elmundodelosnegocios.com.do\/v1\/wp-json\/wp\/v2\/posts\/73503","targetHints":{"allow":["GET"]}}],"collection":[{"href":"https:\/\/elmundodelosnegocios.com.do\/v1\/wp-json\/wp\/v2\/posts"}],"about":[{"href":"https:\/\/elmundodelosnegocios.com.do\/v1\/wp-json\/wp\/v2\/types\/post"}],"author":[{"embeddable":true,"href":"https:\/\/elmundodelosnegocios.com.do\/v1\/wp-json\/wp\/v2\/users\/2"}],"replies":[{"embeddable":true,"href":"https:\/\/elmundodelosnegocios.com.do\/v1\/wp-json\/wp\/v2\/comments?post=73503"}],"version-history":[{"count":0,"href":"https:\/\/elmundodelosnegocios.com.do\/v1\/wp-json\/wp\/v2\/posts\/73503\/revisions"}],"wp:featuredmedia":[{"embeddable":true,"href":"https:\/\/elmundodelosnegocios.com.do\/v1\/wp-json\/"}],"wp:attachment":[{"href":"https:\/\/elmundodelosnegocios.com.do\/v1\/wp-json\/wp\/v2\/media?parent=73503"}],"wp:term":[{"taxonomy":"category","embeddable":true,"href":"https:\/\/elmundodelosnegocios.com.do\/v1\/wp-json\/wp\/v2\/categories?post=73503"},{"taxonomy":"post_tag","embeddable":true,"href":"https:\/\/elmundodelosnegocios.com.do\/v1\/wp-json\/wp\/v2\/tags?post=73503"}],"curies":[{"name":"wp","href":"https:\/\/api.w.org\/{rel}","templated":true}]}}