{"id":73509,"date":"2025-10-14T08:39:10","date_gmt":"2025-10-14T13:09:10","guid":{"rendered":"https:\/\/elmundodelosnegocios.com.do\/v1\/?p=73509"},"modified":"2025-10-14T08:39:10","modified_gmt":"2025-10-14T13:09:10","slug":"reconoce-bancentral-colaboradores-por-tiempo-servicio-institucion","status":"publish","type":"post","link":"https:\/\/elmundodelosnegocios.com.do\/v1\/reconoce-bancentral-colaboradores-por-tiempo-servicio-institucion\/","title":{"rendered":"Reconoce Bancentral colaboradores por tiempo servicio instituci\u00f3n."},"content":{"rendered":"\n<p><em>El acto de reconocimiento se engloba en las actividades conmemorativas de su LXXVIII aniversario<\/em><\/p>\n\n\n\n<p><strong>Santo Domingo, Rep\u00fablica Dominicana.<\/strong> El gobernador del Banco Central de la Rep\u00fablica Dominicana (BCRD), H\u00e9ctor Valdez Albizu, presidi\u00f3 la ceremonia de reconocimiento a 169 funcionarios y empleados por su tiempo de servicio a la instituci\u00f3n, los cuales estuvieron encabezados por los 45 a\u00f1os cumplidos de Manuel Fernando G\u00f3mez Copello, que en la actualidad desempe\u00f1a el cargo de subgerente de Recursos Humanos.<\/p>\n\n\n<div class=\"wp-block-image\">\n<figure class=\"aligncenter size-full is-resized\"><img decoding=\"async\" src=\"https:\/\/elmundodelosnegocios.com.do\/v1\/wp-content\/uploads\/2025\/10\/0.jpg\" alt=\"\" class=\"wp-image-73510\" style=\"width:840px;height:auto\"\/><figcaption class=\"wp-element-caption\">H\u00e9ctor Valdez Albizu, durante sus palabras en la ceremonia de reconocimiento a<br>funcionarios y empleados por su tiempo de servicio a la instituci\u00f3n.<\/figcaption><\/figure>\n<\/div>\n\n\n<p>Valdez Albizu expres\u00f3 en sus palabras de introducci\u00f3n a la ceremonia que \u201ceste reconocimiento nos invita a mirar hacia adelante, y tanto sea en una u otra direcci\u00f3n en el tiempo, pueden estar seguros, deben hacerlo con la misma gratitud con la cual han servido a su instituci\u00f3n y al pa\u00eds\u201d.<\/p>\n\n\n\n<p>Asimismo, manifest\u00f3 su deseo de \u201chacerles llegar a los homenajeados mi m\u00e1s sincera estima y reconocimiento por la celebraci\u00f3n de sus aniversarios, record\u00e1ndoles que miren hacia el futuro pensando en que la gratitud no tiene fecha de caducidad\u201d.<\/p>\n\n\n\n<p>Durante la actividad conmemorativa fueron reconocidos, adem\u00e1s de G\u00f3mez Copello, la consultora jur\u00eddica Olga Altagracia Morel; la directora de la ARS Plan de Salud, Ingrid Josefina Gonz\u00e1lez; y la directora del Comit\u00e9 de Pol\u00edticas para la Realizaci\u00f3n de Activos (COPRA), Nacyra Mar\u00eda Cury; las tres con 35 a\u00f1os de servicio al BCRD.<\/p>\n\n\n\n<p>A su vez, fueron homenajeados en la ceremonia por sus 30 a\u00f1os en la instituci\u00f3n 14 funcionarios, junto a 38 bancentralianos que cumplieron 25 y 113 que arribaron a 20 a\u00f1os desde su llegada al BCRD. Los que cumplieron 15, 10 y 5 a\u00f1os recibieron un pergamino en sus respectivas \u00e1reas.&nbsp;<\/p>\n\n\n\n<p>El acto cont\u00f3 con la presencia, adem\u00e1s del gobernador, de la vicegobernadora, Clarissa de la Rocha de Torres; el gerente, Ervin Novas; el contralor, Jose M. Taveras Lay; el subgerente general, Frank Monta\u00f1o; as\u00ed como dem\u00e1s subgerentes, directores, asesores, consultores y dem\u00e1s colaboradores del BCRD.<\/p>\n","protected":false},"excerpt":{"rendered":"<p>El acto de reconocimiento se engloba en las actividades conmemorativas de su LXXVIII aniversario Santo Domingo, Rep\u00fablica Dominicana. El gobernador del Banco Central de la Rep\u00fablica Dominicana (BCRD), H\u00e9ctor Valdez&hellip; <\/p>\n","protected":false},"author":2,"featured_media":73512,"comment_status":"closed","ping_status":"closed","sticky":false,"template":"","format":"standard","meta":{"fifu_image_url":"https:\/\/elmundodelosnegocios.com.do\/v1\/wp-content\/uploads\/2025\/10\/0.jpg","fifu_image_alt":"","footnotes":""},"categories":[180],"tags":[],"class_list":["post-73509","post","type-post","status-publish","format-standard","has-post-thumbnail","hentry","category-banca"],"_links":{"self":[{"href":"https:\/\/elmundodelosnegocios.com.do\/v1\/wp-json\/wp\/v2\/posts\/73509","targetHints":{"allow":["GET"]}}],"collection":[{"href":"https:\/\/elmundodelosnegocios.com.do\/v1\/wp-json\/wp\/v2\/posts"}],"about":[{"href":"https:\/\/elmundodelosnegocios.com.do\/v1\/wp-json\/wp\/v2\/types\/post"}],"author":[{"embeddable":true,"href":"https:\/\/elmundodelosnegocios.com.do\/v1\/wp-json\/wp\/v2\/users\/2"}],"replies":[{"embeddable":true,"href":"https:\/\/elmundodelosnegocios.com.do\/v1\/wp-json\/wp\/v2\/comments?post=73509"}],"version-history":[{"count":0,"href":"https:\/\/elmundodelosnegocios.com.do\/v1\/wp-json\/wp\/v2\/posts\/73509\/revisions"}],"wp:featuredmedia":[{"embeddable":true,"href":"https:\/\/elmundodelosnegocios.com.do\/v1\/wp-json\/"}],"wp:attachment":[{"href":"https:\/\/elmundodelosnegocios.com.do\/v1\/wp-json\/wp\/v2\/media?parent=73509"}],"wp:term":[{"taxonomy":"category","embeddable":true,"href":"https:\/\/elmundodelosnegocios.com.do\/v1\/wp-json\/wp\/v2\/categories?post=73509"},{"taxonomy":"post_tag","embeddable":true,"href":"https:\/\/elmundodelosnegocios.com.do\/v1\/wp-json\/wp\/v2\/tags?post=73509"}],"curies":[{"name":"wp","href":"https:\/\/api.w.org\/{rel}","templated":true}]}}