{"id":7352,"date":"2021-06-25T10:51:23","date_gmt":"2021-06-25T15:21:23","guid":{"rendered":"http:\/\/elmundodelosnegocios.com.do\/v1\/?p=7352"},"modified":"2021-06-25T10:51:23","modified_gmt":"2021-06-25T15:21:23","slug":"anuncia-expo-feria-madre-feliz-bonos-100-mil-pesos-apoyar-productividad-y-emprendimientos","status":"publish","type":"post","link":"https:\/\/elmundodelosnegocios.com.do\/v1\/anuncia-expo-feria-madre-feliz-bonos-100-mil-pesos-apoyar-productividad-y-emprendimientos\/","title":{"rendered":"Anuncia Expo Feria Madre Feliz bonos 100 mil pesos apoyar productividad y emprendimientos"},"content":{"rendered":"<p>LA VEGA, R.D. Junio 24, 2021.- La Cooperativa Vega Real present\u00f3 la versi\u00f3n vig\u00e9sima primera Expo Feria Madre Feliz de forma virtual, que en este 2021  llega doble porque va dirigida a homenajear a mam\u00e1 y a pap\u00e1. Se desarrollar\u00e1 desde el primero hasta el 31 de julio pr\u00f3ximo, con la intenci\u00f3n de auspiciar la adquisici\u00f3n de viviendas y los emprendimientos, producci\u00f3n agr\u00edcola,  adem\u00e1s de impulsar la movilidad sostenible.<\/p>\n<p>El licenciado Yanio Concepci\u00f3n, presidente del Consejo de Administraci\u00f3n de Vega Real, al anunciar la Feria, en una conferencia virtual transmitida  por las redes sociales y la p\u00e1gina web de Vega Real, inform\u00f3 que el evento ofrecer\u00e1 una amplia gama de productos y servicios a precios especiales con el apoyo de un grupo de empresas comerciales del pa\u00eds.<br \/>\n<img loading=\"lazy\" decoding=\"async\" src=\"http:\/\/elmundodelosnegocios.com.do\/v1\/wp-content\/uploads\/2021\/06\/3-3.png\" alt=\"\" width=\"639\" height=\"337\" class=\"aligncenter size-full wp-image-7353\" srcset=\"https:\/\/elmundodelosnegocios.com.do\/v1\/wp-content\/uploads\/2021\/06\/3-3.png 639w, https:\/\/elmundodelosnegocios.com.do\/v1\/wp-content\/uploads\/2021\/06\/3-3-300x158.png 300w\" sizes=\"auto, (max-width: 639px) 100vw, 639px\" \/><\/p>\n<p>En esta ocasi\u00f3n que la Cooperativa ha estructurado una importante iniciativa creando un programa de bonos de 100 mil pesos en pr\u00e9stamos destinados para   Construcci\u00f3n de primera vivienda, emprendimientos  como negocio, compra de un veh\u00edculo el\u00e9ctrico, proyectos agropecuarios de ciclo corto e instalaci\u00f3n de paneles solares<\/p>\n<p>Concepci\u00f3n dijo que el sector cooperativo debe apoyar a los socios y contribuir a la reactivaci\u00f3n econ\u00f3mica del pa\u00eds, destacando que esos bonos est\u00e1n dirigidos a fomentar la producci\u00f3n, las inversiones familiares saludables, y al respeto del ambiente mediante con energ\u00eda sostenible.<\/p>\n<p>\u201cLa acci\u00f3n empresarial social de las cooperativas debe orientarse a inversiones sostenibles y emprendimientos productivos\u201d dijo Yanio Concepci\u00f3n.<\/p>\n<p>El presidente ejecutivo de Vega Real, destac\u00f3 el trabajo que realiza la gerente general, Mar\u00eda Eugenia Acosta, quien al frente de un gran equipo de colaboradores accionan d\u00eda tras d\u00eda para impulsar la organizaci\u00f3n de las comunidades a trav\u00e9s de los Distritos y Grupos Cooperativos, considerando los valores cooperativos, del ahorro, el servicio y la responsabilidad social.<\/p>\n<p>El anuncio de la Expo Feria 2021 se produjo en el sal\u00f3n de actos de la sede principal de Cooperativa Vega Real, con una asistencia de funcionarios y periodistas, regida por los protocolos de distanciamiento social y normas sanitarias.<\/p>\n<p>Concepci\u00f3n anunci\u00f3 que la reina de la Expo Feria Madre Feliz 2021 es  Aspacia Jim\u00e9nez,  quien ser\u00e1 coronada el primer de julio en la apertura del evento.<\/p>\n<p>La historia del evento<\/p>\n<p>La Expo Feria Madre Feliz surgi\u00f3 en el a\u00f1o 2001, ideada por Yanio Concepci\u00f3n y Mar\u00eda Eugenia Acosta  como feria agropecuaria pero, se concluy\u00f3 que ser\u00eda m\u00e1s impactante una feria de electrodom\u00e9sticos con la finalidad de que los hijos e hijas de los asociados de Vega Real tuvieran la oportunidad de adquirir el regalo con motivo del D\u00eda   de las Madres.<\/p>\n<p>El Consejo de Administraci\u00f3n y el Lic. Concepci\u00f3n, presidente ejecutivo establecieron el Reglamento de la Expo Feria Madre Feliz y aprobaron el nombre oficial de este evento socio comercial. Las instalaciones del proyecto eco tur\u00edstico, la  Casa Club de Vega Real, en Bayacanes, un proyecto eco tur\u00edstico modelo, que ha servido para crear el clima festivo, alegre y familiar en torno a la actividad anual.<\/p>\n<p>Desde  2008 se incorpor\u00f3 una novedad a la Feria: se decidi\u00f3 elegir una reina-madre a quien dedicarle la festividad y    que fuera el rostro p\u00fablico de la campa\u00f1a de Feria elegida  entre las madres asociadas, definida por la que mejor se adapte al perfil descrito en la Pol\u00edtica de Feria, por lo que debe ser socia activa de Vega Real  por m\u00e1s de 20 a\u00f1os, ser una mujer en su comunidad y haber realizado aportes significativos a favor de su distrito. En 2010 se  le  incorpor\u00f3 dentro el  \u201cDesfile de Apertura de la Feria\u201d,  que resultar\u00eda respaldado  por  el pueblo vegano y de las provincias donde incide la Cooperativa Vega Real.<\/p>\n","protected":false},"excerpt":{"rendered":"<p>LA VEGA, R.D. Junio 24, 2021.- La Cooperativa Vega Real present\u00f3 la versi\u00f3n vig\u00e9sima primera Expo Feria Madre Feliz de forma virtual, que en este 2021 llega doble porque va&hellip; <\/p>\n","protected":false},"author":2,"featured_media":7354,"comment_status":"open","ping_status":"open","sticky":false,"template":"","format":"standard","meta":{"fifu_image_url":"","fifu_image_alt":"","footnotes":""},"categories":[157],"tags":[],"class_list":["post-7352","post","type-post","status-publish","format-standard","has-post-thumbnail","hentry","category-marketing"],"_links":{"self":[{"href":"https:\/\/elmundodelosnegocios.com.do\/v1\/wp-json\/wp\/v2\/posts\/7352","targetHints":{"allow":["GET"]}}],"collection":[{"href":"https:\/\/elmundodelosnegocios.com.do\/v1\/wp-json\/wp\/v2\/posts"}],"about":[{"href":"https:\/\/elmundodelosnegocios.com.do\/v1\/wp-json\/wp\/v2\/types\/post"}],"author":[{"embeddable":true,"href":"https:\/\/elmundodelosnegocios.com.do\/v1\/wp-json\/wp\/v2\/users\/2"}],"replies":[{"embeddable":true,"href":"https:\/\/elmundodelosnegocios.com.do\/v1\/wp-json\/wp\/v2\/comments?post=7352"}],"version-history":[{"count":0,"href":"https:\/\/elmundodelosnegocios.com.do\/v1\/wp-json\/wp\/v2\/posts\/7352\/revisions"}],"wp:featuredmedia":[{"embeddable":true,"href":"https:\/\/elmundodelosnegocios.com.do\/v1\/wp-json\/wp\/v2\/media\/7354"}],"wp:attachment":[{"href":"https:\/\/elmundodelosnegocios.com.do\/v1\/wp-json\/wp\/v2\/media?parent=7352"}],"wp:term":[{"taxonomy":"category","embeddable":true,"href":"https:\/\/elmundodelosnegocios.com.do\/v1\/wp-json\/wp\/v2\/categories?post=7352"},{"taxonomy":"post_tag","embeddable":true,"href":"https:\/\/elmundodelosnegocios.com.do\/v1\/wp-json\/wp\/v2\/tags?post=7352"}],"curies":[{"name":"wp","href":"https:\/\/api.w.org\/{rel}","templated":true}]}}