{"id":7357,"date":"2021-06-25T11:02:42","date_gmt":"2021-06-25T15:32:42","guid":{"rendered":"http:\/\/elmundodelosnegocios.com.do\/v1\/?p=7357"},"modified":"2021-06-25T11:02:42","modified_gmt":"2021-06-25T15:32:42","slug":"mas-cerca-bandex-convertirse-banco-desarrollo","status":"publish","type":"post","link":"https:\/\/elmundodelosnegocios.com.do\/v1\/mas-cerca-bandex-convertirse-banco-desarrollo\/","title":{"rendered":"Mas cerca BANDEX convertirse banco desarrollo"},"content":{"rendered":"<p>SANTO DOMINGO, R.D. Junio 25, 2021.- La C\u00e1mara de Diputados aprob\u00f3 en segunda lectura el proyecto de ley que convierte al BANDEX (Banco Nacional de las Exportaciones) en el Banco de Desarrollo y Exportaciones, pieza que fue aprobada en el Senado el pasado 06 de abril y pasa ahora al Poder Ejecutivo que debe observarlo o promulgarlo en un plazo de 30 d\u00edas.<\/p>\n<p>La transformaci\u00f3n en Banco de Desarrollo y Exportaciones posibilita a BANDEX a ampliar su espectro de acci\u00f3n para facilitar el acceso a financiamiento a todos los sectores productivos, no solo las exportaciones, as\u00ed como gestionar fondos para proyectos de gran impacto social.<\/p>\n<p>En un comunicado de prensa, Juan Mustaf\u00e1 Michel, Gerente General de BANDEX, ponder\u00f3 positivamente la aprobaci\u00f3n del Congreso al proyecto de ley. \u201cLa Ley que transforma el BANDEX es el punto de partida para crear una regulaci\u00f3n especializada que posibilite operar como banco de desarrollo, y contribuir de manera efectiva en el desarrollo econ\u00f3mico al impactar a micro, peque\u00f1as y medianas empresas, y financiar proyectos en \u00e1reas prioritarias para el pa\u00eds\u201d sostuvo.<\/p>\n<p>\u201cComo eje importante del plan de reactivaci\u00f3n econ\u00f3mica del Presidente Abinader, el BANDEX se convertir\u00eda en el motor para el desarrollo de sectores estrat\u00e9gicos de inter\u00e9s nacional, con la posibilidad de generar productos financieros con mejores condiciones para acompa\u00f1ar proyectos de gran impacto social que requieren per\u00edodos de tiempo largos para su establecimiento\u201d detall\u00f3 Mustaf\u00e1.<\/p>\n<p>El BANDEX es una entidad de intermediaci\u00f3n financiera propiedad del Estado dominicano, de capital mixto y administraci\u00f3n aut\u00f3noma, que hasta el momento se desempe\u00f1a como instituci\u00f3n especializada en el fomento del sector exportador. \/\/\/<\/p>\n","protected":false},"excerpt":{"rendered":"<p>SANTO DOMINGO, R.D. Junio 25, 2021.- La C\u00e1mara de Diputados aprob\u00f3 en segunda lectura el proyecto de ley que convierte al BANDEX (Banco Nacional de las Exportaciones) en el Banco&hellip; <\/p>\n","protected":false},"author":2,"featured_media":7359,"comment_status":"open","ping_status":"open","sticky":false,"template":"","format":"standard","meta":{"fifu_image_url":"","fifu_image_alt":"","footnotes":""},"categories":[180],"tags":[],"class_list":["post-7357","post","type-post","status-publish","format-standard","has-post-thumbnail","hentry","category-banca"],"_links":{"self":[{"href":"https:\/\/elmundodelosnegocios.com.do\/v1\/wp-json\/wp\/v2\/posts\/7357","targetHints":{"allow":["GET"]}}],"collection":[{"href":"https:\/\/elmundodelosnegocios.com.do\/v1\/wp-json\/wp\/v2\/posts"}],"about":[{"href":"https:\/\/elmundodelosnegocios.com.do\/v1\/wp-json\/wp\/v2\/types\/post"}],"author":[{"embeddable":true,"href":"https:\/\/elmundodelosnegocios.com.do\/v1\/wp-json\/wp\/v2\/users\/2"}],"replies":[{"embeddable":true,"href":"https:\/\/elmundodelosnegocios.com.do\/v1\/wp-json\/wp\/v2\/comments?post=7357"}],"version-history":[{"count":0,"href":"https:\/\/elmundodelosnegocios.com.do\/v1\/wp-json\/wp\/v2\/posts\/7357\/revisions"}],"wp:featuredmedia":[{"embeddable":true,"href":"https:\/\/elmundodelosnegocios.com.do\/v1\/wp-json\/wp\/v2\/media\/7359"}],"wp:attachment":[{"href":"https:\/\/elmundodelosnegocios.com.do\/v1\/wp-json\/wp\/v2\/media?parent=7357"}],"wp:term":[{"taxonomy":"category","embeddable":true,"href":"https:\/\/elmundodelosnegocios.com.do\/v1\/wp-json\/wp\/v2\/categories?post=7357"},{"taxonomy":"post_tag","embeddable":true,"href":"https:\/\/elmundodelosnegocios.com.do\/v1\/wp-json\/wp\/v2\/tags?post=7357"}],"curies":[{"name":"wp","href":"https:\/\/api.w.org\/{rel}","templated":true}]}}