{"id":73807,"date":"2025-10-23T14:23:01","date_gmt":"2025-10-23T18:53:01","guid":{"rendered":"https:\/\/elmundodelosnegocios.com.do\/v1\/?p=73807"},"modified":"2025-10-23T14:23:01","modified_gmt":"2025-10-23T18:53:01","slug":"destacan-relanzamiento-turistico-de-puerto-plata-con-desarrollo-inmobiliario-pujante-y-turismo-de-cruceros-lider-en-el-pais","status":"publish","type":"post","link":"https:\/\/elmundodelosnegocios.com.do\/v1\/destacan-relanzamiento-turistico-de-puerto-plata-con-desarrollo-inmobiliario-pujante-y-turismo-de-cruceros-lider-en-el-pais\/","title":{"rendered":"Destacan relanzamiento tur\u00edstico de Puerto Plata con desarrollo inmobiliario pujante y turismo de cruceros l\u00edder en el pa\u00eds"},"content":{"rendered":"\n<p>Villa Montellano, Puerto Plata.\u2013&nbsp;<strong>El presidente Luis Abinader<\/strong>&nbsp;dej\u00f3 iniciados los trabajos de construcci\u00f3n del&nbsp;<strong>Hotel Meli\u00e1 Bergant\u00edn Beach,<\/strong>&nbsp;un proyecto del Grupo Puntacana y Meli\u00e1 Hotels International que marca el comienzo de una&nbsp;<strong>nueva etapa del turismo dominicano<\/strong>, orientada a posicionar a&nbsp;<strong>Puerto Plata<\/strong>&nbsp;como un destino de&nbsp;<strong>clase mundial,<\/strong>&nbsp;bajo el modelo de desarrollo sostenible de&nbsp;<strong>Punta Bergant\u00edn.<\/strong><\/p>\n\n\n\n<figure class=\"wp-block-image size-large\"><img decoding=\"async\" src=\"https:\/\/presidencia.gob.do\/sites\/default\/files\/styles\/large\/public\/news\/2025-10\/Foto%20web_38.jpg?itok=vODiavTc\" alt=\"\"\/><\/figure>\n\n\n\n<p>Durante el acto, el mandatario manifest\u00f3 que Punta Bergant\u00edn es un proyecto que marcar\u00e1 el&nbsp;<strong>relanzamiento del turismo hotelero<\/strong>&nbsp;en Puerto Plata, al se\u00f1alar que la regi\u00f3n tiene un&nbsp;<strong>desarrollo inmobiliario<\/strong>&nbsp;pujante y un&nbsp;<strong>turismo de cruceros<\/strong>&nbsp;l\u00edder en el pa\u00eds.<\/p>\n\n\n\n<p>Explic\u00f3 que el proyecto une la experiencia de la&nbsp;<strong>principal cadena hotelera espa\u00f1ola Meli\u00e1<\/strong>&nbsp;con el liderazgo local de la&nbsp;<strong>familia Rainieri,<\/strong>&nbsp;garantizando su \u00e9xito. Adem\u00e1s, destac\u00f3 que otras marcas internacionales, como&nbsp;<strong>Westin y Hyatt,<\/strong>&nbsp;comenzar\u00e1n pr\u00f3ximamente nuevas construcciones, consolidando el&nbsp;<strong>renacer tur\u00edstico de la regi\u00f3n.<\/strong><\/p>\n\n\n\n<p>El gobernante se\u00f1al\u00f3 que el proyecto se desarrolla mediante un&nbsp;<strong>modelo p\u00fablico-privado<\/strong>, sin costo para el Gobierno, que permitir\u00e1 dinamizar la&nbsp;<strong>econom\u00eda local<\/strong>&nbsp;y crear&nbsp;<strong>oportunidades de inversi\u00f3n.&nbsp;<\/strong>Record\u00f3 que este tipo de colaboraci\u00f3n fue clave en el desarrollo de&nbsp;<strong>Playa Dorada<\/strong>&nbsp;y que ahora se aplicar\u00e1 con igual \u00e9xito en Bergant\u00edn.<\/p>\n\n\n\n<p>El jefe de Estado anunci\u00f3 la construcci\u00f3n de la&nbsp;<strong>carretera del \u00c1mbar<\/strong>, que conectar\u00e1&nbsp;<strong>Santiago, Moca y Puerto Plata,<\/strong>&nbsp;facilitando el acceso a los aeropuertos y mejorando la movilidad de&nbsp;<strong>turistas e inversionistas<\/strong>. Tambi\u00e9n mencion\u00f3 la revitalizaci\u00f3n de otras \u00e1reas tur\u00edsticas, como&nbsp;<strong>Sos\u00faa<\/strong>, donde se busca recuperar su&nbsp;<strong>valor hist\u00f3rico<\/strong>&nbsp;y eliminar vicios para fortalecer la regi\u00f3n.<\/p>\n\n\n\n<p>Finalmente, el presidente Abinader asegur\u00f3 que Puerto Plata tiene todas las condiciones para un renacer hotelero y tur\u00edstico, apoyado por&nbsp;<strong>marcas internacionales de prestigio<\/strong>&nbsp;y una&nbsp;<strong>infraestructura moderna.&nbsp;<\/strong><\/p>\n\n\n\n<figure class=\"wp-block-image\"><img decoding=\"async\" src=\"https:\/\/presidencia.gob.do\/sites\/default\/files\/inline-images\/WhatsApp%20Image%202025-10-21%20at%202.22.51%20PM.jpeg\" alt=\"\"\/><\/figure>\n\n\n\n<p><strong>Hotel cinco estrellas con 400 habitaciones<\/strong><\/p>\n\n\n\n<p>El&nbsp;<strong>Grupo Puntacana<\/strong>&nbsp;y la cadena hotelera espa\u00f1ola&nbsp;<strong>Meli\u00e1 Hotels International<\/strong>&nbsp;reafirmaron su compromiso con esta iniciativa que busca devolver a la costa norte su protagonismo dentro del turismo caribe\u00f1o.&nbsp;<\/p>\n\n\n\n<p>De su lado, el presidente ejecutivo de Meli\u00e1 Hotels International,&nbsp;<strong>Gabriel Escarrer,&nbsp;<\/strong>expres\u00f3 que se sienten orgullosos de formar parte de esta nueva etapa que busca posicionar a Puerto Plata como un destino tur\u00edstico de clase mundial y explic\u00f3 que el Grupo Puntacana y Meli\u00e1 Hotels International desarrollar\u00e1n un&nbsp;<strong>hotel cinco estrellas<\/strong>&nbsp;con&nbsp;<strong>400 habitaciones,<\/strong>&nbsp;que formar\u00e1 parte del plan maestro de Punta Bergant\u00edn.<\/p>\n\n\n\n<p>Agreg\u00f3 que Meli\u00e1 Hotels International act\u00faa<em>&nbsp;\u201ccomo una compa\u00f1\u00eda cercana y comprometida con las comunidades locales y su progreso, como lo hemos demostrado durante d\u00e9cadas en la Rep\u00fablica Dominicana\u201d.<\/em><\/p>\n\n\n\n<p>En tanto, el CEO del Grupo Puntacana,&nbsp;<strong>Frank El\u00edas Rainieri,<\/strong>&nbsp;afirm\u00f3 que cada nueva marca hotelera refuerza la&nbsp;<strong>credibilidad internacional<\/strong>&nbsp;de Puerto Plata y env\u00eda un mensaje claro de que la costa norte vuelve a ser protagonista del turismo caribe\u00f1o. Destac\u00f3 que, para quienes han dedicado su vida al desarrollo tur\u00edstico del pa\u00eds, regresar a esta tierra es un acto de&nbsp;<strong>gratitud y esperanza<\/strong>, pues Puerto Plata recuerda las ra\u00edces del turismo dominicano e inspira a mirar hacia el futuro.<\/p>\n\n\n\n<p>Rainieri se\u00f1al\u00f3 que Punta Bergant\u00edn<em>&nbsp;\u201cno ser\u00e1 un conjunto de hoteles frente al mar, sino un espacio de encuentro entre la naturaleza, la cultura y la innovaci\u00f3n; el modelo del nuevo turismo dominicano: un turismo que combina lujo con autenticidad, inversi\u00f3n con impacto y crecimiento con sostenibilidad\u201d.<\/em><\/p>\n\n\n\n<p>Indic\u00f3 que Punta Bergant\u00edn representa el punto donde el desarrollo tur\u00edstico, la sostenibilidad ambiental y las oportunidades humanas se encuentran y se\u00f1al\u00f3 que el componente hotelero es el coraz\u00f3n del proyecto y que cada hotel, no solo aportar\u00e1 habitaciones, sino tambi\u00e9n&nbsp;<strong>empleos, confianza, infraestructura y esperanza.<\/strong><\/p>\n\n\n\n<p>Escarrer y Rainieri agradecieron el apoyo del Banco Popular Dominicano y del Banco de Reservas, entidades que financian el proyecto hotelero que une a la cadena Meli\u00e1 Hotels International y al Grupo Puntacana.<\/p>\n\n\n\n<figure class=\"wp-block-image\"><img decoding=\"async\" src=\"https:\/\/presidencia.gob.do\/sites\/default\/files\/inline-images\/WhatsApp%20Image%202025-10-21%20at%202.22.50%20PM_0.jpeg\" alt=\"\"\/><\/figure>\n\n\n\n<p><strong>Punta Bergant\u00edn: Motor del \u201cnuevo norte\u201d dominicano<\/strong><\/p>\n\n\n\n<p>Adem\u00e1s, el director general del proyecto tur\u00edstico Punta Bergant\u00edn,&nbsp;<strong>Andr\u00e9s Marranzini Grull\u00f3n<\/strong>, destac\u00f3 que la incorporaci\u00f3n del hotel Meli\u00e1 Bergant\u00edn Beach, con una inversi\u00f3n que supera los&nbsp;<strong>USD 100 millones<\/strong>, representa un impulso decisivo para el desarrollo de la costa norte. En ese sentido, explic\u00f3 que solo esta obra generar\u00e1 alrededor de&nbsp;<strong>RD 500 millones<\/strong>&nbsp;en n\u00f3mina, adem\u00e1s de una importante demanda de&nbsp;<strong>bienes, servicios y talento humano local,<\/strong>&nbsp;fortaleciendo el encadenamiento productivo en toda la regi\u00f3n.<\/p>\n\n\n\n<p>Marranzini resalt\u00f3 que la primera etapa de Punta Bergant\u00edn, con unas&nbsp;<strong>1,500 habitaciones,<\/strong>&nbsp;aportar\u00e1&nbsp;<strong>30,000 turistas adicionales<\/strong>&nbsp;al a\u00f1o, lo que permitir\u00e1 que la participaci\u00f3n de Puerto Plata en la llegada de visitantes internacionales pase&nbsp;<strong>del 3% al 9 %<\/strong>&nbsp;del total nacional. Este crecimiento, a\u00f1adi\u00f3, implicar\u00e1 tambi\u00e9n la&nbsp;<strong>duplicaci\u00f3n de los asientos de avi\u00f3n<\/strong>&nbsp;hacia la zona, reactivando su hist\u00f3rica vocaci\u00f3n hotelera y devolviendo el esplendor tur\u00edstico a la costa norte.&nbsp;<\/p>\n\n\n\n<p>El ejecutivo se\u00f1al\u00f3 que Punta Bergant\u00edn no es solo un proyecto tur\u00edstico, sino una&nbsp;<strong>visi\u00f3n integral de desarrollo<\/strong>&nbsp;que combina&nbsp;<strong>inversi\u00f3n, sostenibilidad y oportunidades<\/strong>&nbsp;para la comunidad. Agradeci\u00f3 al&nbsp;<strong>presidente Abinader<\/strong>&nbsp;y al&nbsp;<strong>ministro David Collado<\/strong>&nbsp;por impulsar pol\u00edticas que devuelven equilibrio y dinamismo al turismo de la regi\u00f3n Norte. Con m\u00e1s de&nbsp;<strong>RD 4,000 millones<\/strong>&nbsp;en ventas cerradas y un creciente n\u00famero de inversionistas fundadores, Punta Bergant\u00edn se consolida como el motor del&nbsp;<strong>\u201cnuevo norte\u201d dominicano.<\/strong><\/p>\n\n\n\n<figure class=\"wp-block-image\"><img decoding=\"async\" src=\"https:\/\/presidencia.gob.do\/sites\/default\/files\/inline-images\/WhatsApp%20Image%202025-10-21%20at%202.22.52%20PM%20%281%29.jpeg\" alt=\"\"\/><\/figure>\n\n\n\n<p><strong>Compromiso del Banreservas con el turismo<\/strong><\/p>\n\n\n\n<p>Mientras que, el presidente ejecutivo del Banreservas,&nbsp;<strong>Leonardo Aguilera<\/strong>, resalt\u00f3 el compromiso de la entidad bancaria con el turismo dominicano, con una cartera de cr\u00e9dito que creci\u00f3 de RD&nbsp;<strong>22,000 millones<\/strong>&nbsp;a m\u00e1s de&nbsp;<strong>RD 50,000 millones<\/strong>, financiando actualmente&nbsp;<strong>m\u00e1s de 7,000<\/strong>&nbsp;habitaciones hoteleras.<\/p>\n\n\n\n<p>Aguilera destac\u00f3 el proyecto Punta Bergant\u00edn, una iniciativa conjunta entre Banreservas y el Gobierno, que busca&nbsp;<strong>fortalecer Puerto Plata<\/strong>&nbsp;como destino tur\u00edstico. El complejo ocupar\u00e1 9.5 millones de metros cuadrados e incluir\u00e1 4,000 habitaciones hoteleras,&nbsp;<strong>4,000<\/strong>&nbsp;unidades residenciales, campo de golf, clubes de playa, centros comerciales y zonas recreativas, con inversiones de marcas internacionales como Westin y Meli\u00e1 por&nbsp;<strong>m\u00e1s de 220 millones de d\u00f3lares.<\/strong><\/p>\n\n\n\n<p>Adem\u00e1s, Banreservas eval\u00faa 22 nuevos proyectos por&nbsp;<strong>RD 115,000 millones<\/strong>, que sumar\u00e1n&nbsp;<strong>m\u00e1s de 10,000 habitaciones<\/strong>, dos centros de convenciones, puertos de cruceros y un parque tem\u00e1tico, distribuidos en destinos como&nbsp;<strong>Punta Cana, La Romana, Santo Domingo, Miches, Pedernales y Montecristi.<\/strong><\/p>\n\n\n\n<figure class=\"wp-block-image\"><img decoding=\"async\" src=\"https:\/\/presidencia.gob.do\/sites\/default\/files\/inline-images\/WhatsApp%20Image%202025-10-21%20at%202.22.52%20PM.jpeg\" alt=\"\"\/><\/figure>\n\n\n\n<p><strong>Collado resalta el liderazgo del presidente Abinader en recuperaci\u00f3n del turismo<\/strong><\/p>\n\n\n\n<p>Asimismo, el ministro de Turismo, David Collado, destac\u00f3 que la recuperaci\u00f3n del turismo dominicano fue posible gracias al&nbsp;<strong>liderazgo y la determinaci\u00f3n del presidente Abinader,<\/strong>&nbsp;quien decidi\u00f3 abrir las fronteras en plena pandemia, impulsando proyectos como Punta Bergant\u00edn en Puerto Plata y&nbsp;<strong>promoviendo inversiones&nbsp;<\/strong>junto con el sector privado.<\/p>\n\n\n\n<p>Collado se\u00f1al\u00f3 que&nbsp;<strong>entre 2022 y 2024<\/strong>, m\u00e1s del&nbsp;<strong>40 %<\/strong>&nbsp;del crecimiento econ\u00f3mico del pa\u00eds provino del turismo, alcanzando cifras r\u00e9cord con&nbsp;<strong>m\u00e1s de 11 millones<\/strong>&nbsp;de visitantes en 2024. Resalt\u00f3 adem\u00e1s que el&nbsp;<strong>70 %<\/strong>&nbsp;de la inversi\u00f3n hotelera ya es&nbsp;<strong>de capital dominicano<\/strong>&nbsp;y que el Ministerio ha destinado&nbsp;<strong>m\u00e1s de 1,800 millones<\/strong>&nbsp;<strong>de pesos<\/strong>&nbsp;a obras tur\u00edsticas en Puerto Plata, donde se proyecta la llegada de&nbsp;<strong>454,000 visitantes en 2025.<\/strong><\/p>\n\n\n\n<figure class=\"wp-block-image\"><img decoding=\"async\" src=\"https:\/\/presidencia.gob.do\/sites\/default\/files\/inline-images\/WhatsApp%20Image%202025-10-21%20at%202.22.51%20PM%20%281%29.jpeg\" alt=\"\"\/><\/figure>\n\n\n\n<p><strong>Turismo, uno de los principales pilares econ\u00f3micos<\/strong><\/p>\n\n\n\n<p>De igual manera, el vicepresidente Ejecutivo Senior de Negocios Nacionales e Internacionales del Banco Popular,&nbsp;<strong>Luis Esp\u00ednola,&nbsp;<\/strong>resalt\u00f3 que el turismo se ha consolidado como uno de los&nbsp;<strong>principales pilares econ\u00f3micos&nbsp;<\/strong>del pa\u00eds, generando empleos y divisas gracias a la confianza de los inversionistas, y dijo que, en el \u00faltimo a\u00f1o,&nbsp;<strong>m\u00e1s de 11 millones de turistas<\/strong>&nbsp;visitaron la Rep\u00fablica Dominicana, resultado de una&nbsp;<strong>estrategia integral<\/strong>&nbsp;respaldada por el Banco de Reservas y el Banco Popular como aliados hist\u00f3ricos del sector.<\/p>\n\n\n\n<p>Estuvieron presentes, los ministros de la Presidencia,&nbsp;<strong>Jos\u00e9 Ignacio Paliza<\/strong>; la gobernadora&nbsp;<strong>Claritza Rochtte;&nbsp;<\/strong>la senadora&nbsp;<strong>Ginnette Bournigal;<\/strong>&nbsp;el vicepresidente del Banco de Reservas,&nbsp;<strong>Isidro Garc\u00eda,<\/strong>&nbsp;y el director del IDAC,&nbsp;<strong>Igor Rodr\u00edguez,<\/strong>&nbsp;entre otras personalidades.<\/p>\n","protected":false},"excerpt":{"rendered":"<p>Villa Montellano, Puerto Plata.\u2013&nbsp;El presidente Luis Abinader&nbsp;dej\u00f3 iniciados los trabajos de construcci\u00f3n del&nbsp;Hotel Meli\u00e1 Bergant\u00edn Beach,&nbsp;un proyecto del Grupo Puntacana y Meli\u00e1 Hotels International que marca el comienzo de una&nbsp;nueva&hellip; <\/p>\n","protected":false},"author":2,"featured_media":73809,"comment_status":"closed","ping_status":"closed","sticky":false,"template":"","format":"standard","meta":{"fifu_image_url":"https:\/\/presidencia.gob.do\/sites\/default\/files\/styles\/large\/public\/news\/2025-10\/Foto%20web_38.jpg?itok=vODiavTc","fifu_image_alt":"","footnotes":""},"categories":[172],"tags":[],"class_list":["post-73807","post","type-post","status-publish","format-standard","has-post-thumbnail","hentry","category-turismo"],"_links":{"self":[{"href":"https:\/\/elmundodelosnegocios.com.do\/v1\/wp-json\/wp\/v2\/posts\/73807","targetHints":{"allow":["GET"]}}],"collection":[{"href":"https:\/\/elmundodelosnegocios.com.do\/v1\/wp-json\/wp\/v2\/posts"}],"about":[{"href":"https:\/\/elmundodelosnegocios.com.do\/v1\/wp-json\/wp\/v2\/types\/post"}],"author":[{"embeddable":true,"href":"https:\/\/elmundodelosnegocios.com.do\/v1\/wp-json\/wp\/v2\/users\/2"}],"replies":[{"embeddable":true,"href":"https:\/\/elmundodelosnegocios.com.do\/v1\/wp-json\/wp\/v2\/comments?post=73807"}],"version-history":[{"count":0,"href":"https:\/\/elmundodelosnegocios.com.do\/v1\/wp-json\/wp\/v2\/posts\/73807\/revisions"}],"wp:featuredmedia":[{"embeddable":true,"href":"https:\/\/elmundodelosnegocios.com.do\/v1\/wp-json\/"}],"wp:attachment":[{"href":"https:\/\/elmundodelosnegocios.com.do\/v1\/wp-json\/wp\/v2\/media?parent=73807"}],"wp:term":[{"taxonomy":"category","embeddable":true,"href":"https:\/\/elmundodelosnegocios.com.do\/v1\/wp-json\/wp\/v2\/categories?post=73807"},{"taxonomy":"post_tag","embeddable":true,"href":"https:\/\/elmundodelosnegocios.com.do\/v1\/wp-json\/wp\/v2\/tags?post=73807"}],"curies":[{"name":"wp","href":"https:\/\/api.w.org\/{rel}","templated":true}]}}