{"id":73822,"date":"2025-10-23T18:48:52","date_gmt":"2025-10-23T23:18:52","guid":{"rendered":"https:\/\/elmundodelosnegocios.com.do\/v1\/?p=73822"},"modified":"2025-10-23T18:48:52","modified_gmt":"2025-10-23T23:18:52","slug":"fundacion-puntacana-y-gamma-asset-management-sellan-alianza-estrategica-por-la-sostenibilidad-y-el-desarrollo-comunitario","status":"publish","type":"post","link":"https:\/\/elmundodelosnegocios.com.do\/v1\/fundacion-puntacana-y-gamma-asset-management-sellan-alianza-estrategica-por-la-sostenibilidad-y-el-desarrollo-comunitario\/","title":{"rendered":"Fundaci\u00f3n Puntacana y Gamma Asset Management sellan alianza estrat\u00e9gica por la sostenibilidad y el desarrollo comunitario"},"content":{"rendered":"\n<p><strong>Punta Cana, La Altagracia. \u2013<\/strong>&nbsp;La&nbsp;<strong>Fundaci\u00f3n Puntacana<\/strong>&nbsp;y&nbsp;<strong>Gamma Asset Management<\/strong>&nbsp;firmaron un&nbsp;<strong>acuerdo estrat\u00e9gico<\/strong>&nbsp;destinado a fortalecer la&nbsp;<strong>sostenibilidad financiera<\/strong>&nbsp;y potenciar el&nbsp;<strong>impacto social<\/strong>&nbsp;en las comunidades del&nbsp;<strong>este de la Rep\u00fablica Dominicana<\/strong>.<\/p>\n\n\n<div class=\"wp-block-image\">\n<figure class=\"aligncenter size-large\"><img decoding=\"async\" src=\"https:\/\/elmundodelosnegocios.com.do\/v1\/wp-content\/uploads\/2025\/10\/image-22-1024x682.jpg\" alt=\"\" class=\"wp-image-73823\"\/><\/figure>\n<\/div>\n\n\n<p>El convenio, rubricado por&nbsp;<strong>Jake Kheel<\/strong>, vicepresidente de la Fundaci\u00f3n Puntacana, y&nbsp;<strong>Santiago Nav\u00edo<\/strong>, presidente ejecutivo de Gamma Asset Management, busca crear&nbsp;<strong>estructuras financieras s\u00f3lidas<\/strong>&nbsp;que garanticen la continuidad de los programas sociales, educativos y ambientales de la Fundaci\u00f3n, con especial \u00e9nfasis en la&nbsp;<strong>conservaci\u00f3n marina y terrestre<\/strong>, la&nbsp;<strong>educaci\u00f3n comunitaria<\/strong>&nbsp;y el&nbsp;<strong>desarrollo sostenible<\/strong>.<\/p>\n\n\n\n<figure class=\"wp-block-image\"><a href=\"https:\/\/diariosocialrd.com\/wp-content\/uploads\/2025\/10\/Jake-Kheel-scaled.jpg\"><img decoding=\"async\" src=\"https:\/\/diariosocialrd.com\/wp-content\/uploads\/2025\/10\/Jake-Kheel-1024x683.jpg\" alt=\"\" class=\"wp-image-240510\"\/><\/a><\/figure>\n\n\n\n<p>Entre los compromisos de la alianza destacan:<\/p>\n\n\n\n<ul class=\"wp-block-list\">\n<li>La creaci\u00f3n de un\u00a0<strong>fondo patrimonial<\/strong>\u00a0para asegurar la financiaci\u00f3n de los programas de la Fundaci\u00f3n.<\/li>\n\n\n\n<li>La implementaci\u00f3n de una\u00a0<strong>estructura de inversi\u00f3n sostenible<\/strong>, con enfoque de bajo riesgo y largo plazo.<\/li>\n\n\n\n<li><strong>Gesti\u00f3n, monitoreo y presentaci\u00f3n de informes peri\u00f3dicos<\/strong>\u00a0que garanticen\u00a0<strong>transparencia<\/strong>\u00a0ante los donantes.<\/li>\n\n\n\n<li>Estrategias para atraer\u00a0<strong>nuevos fondos filantr\u00f3picos e institucionales<\/strong>, basadas en confianza y claridad financiera.<\/li>\n<\/ul>\n\n\n\n<figure class=\"wp-block-image\"><a href=\"https:\/\/diariosocialrd.com\/wp-content\/uploads\/2025\/10\/Santiago-Navio-scaled.jpg\"><img decoding=\"async\" src=\"https:\/\/diariosocialrd.com\/wp-content\/uploads\/2025\/10\/Santiago-Navio-1024x683.jpg\" alt=\"\" class=\"wp-image-240512\"\/><\/a><\/figure>\n\n\n\n<blockquote class=\"wp-block-quote is-layout-flow wp-block-quote-is-layout-flow\">\n<p>\u201cCompartimos la visi\u00f3n de la Fundaci\u00f3n Puntacana de promover un&nbsp;<strong>modelo de desarrollo integral<\/strong>&nbsp;que combine prosperidad econ\u00f3mica, bienestar social y protecci\u00f3n ambiental\u201d, afirm\u00f3 Gamma Asset Management, subrayando su rol en la planificaci\u00f3n estrat\u00e9gica y an\u00e1lisis de escenarios financieros para optimizar el fondo patrimonial.<\/p>\n<\/blockquote>\n\n\n\n<p>Esta&nbsp;<strong>alianza estrat\u00e9gica<\/strong>&nbsp;representa un paso decisivo en la&nbsp;<strong>evoluci\u00f3n institucional de la Fundaci\u00f3n Puntacana<\/strong>, buscando&nbsp;<strong>mayor autosostenibilidad<\/strong>, ampliar el alcance de sus programas y generar un&nbsp;<strong>impacto medible y duradero<\/strong>&nbsp;en la regi\u00f3n.<\/p>\n\n\n\n<figure class=\"wp-block-image\"><a href=\"https:\/\/diariosocialrd.com\/wp-content\/uploads\/2025\/10\/PELAYO3-scaled.jpg\"><img decoding=\"async\" src=\"https:\/\/diariosocialrd.com\/wp-content\/uploads\/2025\/10\/PELAYO3-1024x683.jpg\" alt=\"\" class=\"wp-image-240513\"\/><\/a><\/figure>\n\n\n\n<p><strong>Sobre Fundaci\u00f3n Puntacana:<\/strong>&nbsp;organizaci\u00f3n sin fines de lucro enfocada en&nbsp;<strong>proteger los recursos naturales<\/strong>&nbsp;y fomentar el&nbsp;<strong>desarrollo sostenible<\/strong>&nbsp;de las comunidades locales.&nbsp;<a href=\"https:\/\/www.puntacana.org\/es\/\">puntacana.org<\/a><\/p>\n\n\n\n<p><strong>Sobre Gamma Asset Management:<\/strong>&nbsp;firma boutique de asesor\u00eda financiera registrada en EE.\u202fUU., especializada en la&nbsp;<strong>preservaci\u00f3n y crecimiento de patrimonios<\/strong>&nbsp;con visi\u00f3n global y soluciones de alto est\u00e1ndar internacional.&nbsp;<a href=\"http:\/\/www.gammaam.com\/\">gammaam.com<\/a><\/p>\n","protected":false},"excerpt":{"rendered":"<p>Punta Cana, La Altagracia. \u2013&nbsp;La&nbsp;Fundaci\u00f3n Puntacana&nbsp;y&nbsp;Gamma Asset Management&nbsp;firmaron un&nbsp;acuerdo estrat\u00e9gico&nbsp;destinado a fortalecer la&nbsp;sostenibilidad financiera&nbsp;y potenciar el&nbsp;impacto social&nbsp;en las comunidades del&nbsp;este de la Rep\u00fablica Dominicana. El convenio, rubricado por&nbsp;Jake Kheel, vicepresidente&hellip; <\/p>\n","protected":false},"author":2,"featured_media":73825,"comment_status":"closed","ping_status":"closed","sticky":false,"template":"","format":"standard","meta":{"fifu_image_url":"https:\/\/elmundodelosnegocios.com.do\/v1\/wp-content\/uploads\/2025\/10\/image-22.jpg","fifu_image_alt":"","footnotes":""},"categories":[78],"tags":[],"class_list":["post-73822","post","type-post","status-publish","format-standard","has-post-thumbnail","hentry","category-con-responsabilidad"],"_links":{"self":[{"href":"https:\/\/elmundodelosnegocios.com.do\/v1\/wp-json\/wp\/v2\/posts\/73822","targetHints":{"allow":["GET"]}}],"collection":[{"href":"https:\/\/elmundodelosnegocios.com.do\/v1\/wp-json\/wp\/v2\/posts"}],"about":[{"href":"https:\/\/elmundodelosnegocios.com.do\/v1\/wp-json\/wp\/v2\/types\/post"}],"author":[{"embeddable":true,"href":"https:\/\/elmundodelosnegocios.com.do\/v1\/wp-json\/wp\/v2\/users\/2"}],"replies":[{"embeddable":true,"href":"https:\/\/elmundodelosnegocios.com.do\/v1\/wp-json\/wp\/v2\/comments?post=73822"}],"version-history":[{"count":0,"href":"https:\/\/elmundodelosnegocios.com.do\/v1\/wp-json\/wp\/v2\/posts\/73822\/revisions"}],"wp:featuredmedia":[{"embeddable":true,"href":"https:\/\/elmundodelosnegocios.com.do\/v1\/wp-json\/"}],"wp:attachment":[{"href":"https:\/\/elmundodelosnegocios.com.do\/v1\/wp-json\/wp\/v2\/media?parent=73822"}],"wp:term":[{"taxonomy":"category","embeddable":true,"href":"https:\/\/elmundodelosnegocios.com.do\/v1\/wp-json\/wp\/v2\/categories?post=73822"},{"taxonomy":"post_tag","embeddable":true,"href":"https:\/\/elmundodelosnegocios.com.do\/v1\/wp-json\/wp\/v2\/tags?post=73822"}],"curies":[{"name":"wp","href":"https:\/\/api.w.org\/{rel}","templated":true}]}}