{"id":73829,"date":"2025-10-23T19:45:43","date_gmt":"2025-10-24T00:15:43","guid":{"rendered":"https:\/\/elmundodelosnegocios.com.do\/v1\/?p=73829"},"modified":"2025-10-23T19:45:43","modified_gmt":"2025-10-24T00:15:43","slug":"autoridades-y-lideres-del-sector-inauguran-el-7mo-congreso-internacional-de-turismo-de-salud-en-republica-dominicana","status":"publish","type":"post","link":"https:\/\/elmundodelosnegocios.com.do\/v1\/autoridades-y-lideres-del-sector-inauguran-el-7mo-congreso-internacional-de-turismo-de-salud-en-republica-dominicana\/","title":{"rendered":"Autoridades y l\u00edderes del sector inauguran el 7mo Congreso Internacional de Turismo de Salud en Rep\u00fablica Dominicana"},"content":{"rendered":"\n<p><strong>La Asociaci\u00f3n Dominicana de Turismo de Salud (ADTS) y AF Comunicaci\u00f3n Estrat\u00e9gica dan apertura al evento m\u00e1s importante del turismo m\u00e9dico y bienestar en el Caribe, destacando el liderazgo de Rep\u00fablica Dominicana como destino de salud confiable y competitivo.<\/strong><\/p>\n\n\n<div class=\"wp-block-image\">\n<figure class=\"aligncenter size-large\"><img decoding=\"async\" src=\"https:\/\/elmundodelosnegocios.com.do\/v1\/wp-content\/uploads\/2025\/10\/f3b16ced-24e9-44fa-82e8-a88ca9ca5ff9-edited.jpeg\" alt=\"\" class=\"wp-image-73831\"\/><\/figure>\n<\/div>\n\n\n<p>Con una ceremonia que reuni\u00f3 a representantes del Gobierno, la diplomacia, la salud y el turismo, la&nbsp;<strong>Asociaci\u00f3n Dominicana de Turismo de Salud (ADTS)<\/strong>&nbsp;y&nbsp;<strong>AF Comunicaci\u00f3n Estrat\u00e9gica<\/strong>&nbsp;celebraron el&nbsp;<strong>c\u00f3ctel inaugural del S\u00e9ptimo Congreso Internacional de Turismo de Salud y Bienestar<\/strong>, en el Gran Sal\u00f3n del Hotel&nbsp;<strong>JW Marriott Santo Domingo<\/strong>.<\/p>\n\n\n\n<p>El acto de apertura estuvo encabezado por el&nbsp;<strong>doctor Alejandro Cambiaso<\/strong>, presidente de la ADTS, y&nbsp;<strong>Amelia Reyes Mora<\/strong>, vicepresidenta de la entidad y presidenta de AF Comunicaci\u00f3n Estrat\u00e9gica, quienes destacaron los avances del pa\u00eds en materia de turismo m\u00e9dico y bienestar, as\u00ed como su posicionamiento como referente regional y global.<\/p>\n\n\n\n<blockquote class=\"wp-block-quote is-layout-flow wp-block-quote-is-layout-flow\">\n<p>\u201cDesde la ADTS nos enorgullece ser parte del esfuerzo articulado que ha posicionado a la Rep\u00fablica Dominicana como l\u00edder del turismo de salud en el Caribe. Este logro es fruto de la colaboraci\u00f3n p\u00fablico-privada, impulsada por la calidad, la innovaci\u00f3n y las acreditaciones internacionales\u201d, afirm\u00f3 el doctor&nbsp;<strong>Alejandro Cambiaso<\/strong>.<\/p>\n<\/blockquote>\n\n\n\n<p>Por su parte,&nbsp;<strong>Amelia Reyes Mora<\/strong>&nbsp;subray\u00f3 el rol esencial de la comunicaci\u00f3n estrat\u00e9gica en el desarrollo del sector:<\/p>\n\n\n<div class=\"wp-block-image\">\n<figure class=\"aligncenter\"><a href=\"https:\/\/diariosocialrd.com\/wp-content\/uploads\/2025\/10\/IMG_8683-scaled.jpeg\"><img decoding=\"async\" src=\"https:\/\/diariosocialrd.com\/wp-content\/uploads\/2025\/10\/IMG_8683-1024x768.jpeg\" alt=\"\" class=\"wp-image-240407\"\/><\/a><\/figure>\n<\/div>\n\n\n<blockquote class=\"wp-block-quote is-layout-flow wp-block-quote-is-layout-flow\">\n<p>\u201cLa comunicaci\u00f3n especializada ha sido un pilar clave en el posicionamiento del turismo de salud. A trav\u00e9s de estrategias \u00e9ticas e integrales, hemos fortalecido la confianza y la reputaci\u00f3n del pa\u00eds como destino confiable y competitivo en salud y bienestar\u201d.<\/p>\n<\/blockquote>\n\n\n\n<h3 class=\"wp-block-heading\"><strong>Reconocimientos a la excelencia en turismo de salud<\/strong><\/h3>\n\n\n\n<p>Durante la actividad, la ADTS reconoci\u00f3 a instituciones y l\u00edderes que han contribuido al crecimiento del turismo m\u00e9dico en la regi\u00f3n.<br>El&nbsp;<strong>HOMS Health Wellness Center<\/strong>&nbsp;fue galardonado por su&nbsp;<strong>visi\u00f3n innovadora<\/strong>&nbsp;al integrar un complejo m\u00e9dico, hotelero y centro de convenciones con est\u00e1ndares internacionales.<\/p>\n\n\n\n<p>Tambi\u00e9n se distingui\u00f3 al&nbsp;<strong>doctor Henry Gallardo<\/strong>&nbsp;por su liderazgo en la&nbsp;<strong>Federaci\u00f3n Internacional de Hospitales<\/strong>, y a la&nbsp;<strong>Fundaci\u00f3n Santa Fe de Bogot\u00e1<\/strong>&nbsp;por su aporte a la cooperaci\u00f3n y transferencia de conocimiento en Latinoam\u00e9rica.<\/p>\n\n\n\n<p>El evento cont\u00f3 con la participaci\u00f3n de&nbsp;<strong>autoridades gubernamentales, inversionistas, diplom\u00e1ticos, expositores y patrocinadores nacionales e internacionales<\/strong>, consolidando un espacio de di\u00e1logo e intercambio para el fortalecimiento del ecosistema de salud dominicano.<\/p>\n\n\n\n<h3 class=\"wp-block-heading\"><strong>Un espacio clave para la inversi\u00f3n y la innovaci\u00f3n<\/strong><\/h3>\n\n\n\n<p>El&nbsp;<strong>7mo Congreso Internacional de Turismo de Salud y Bienestar<\/strong>&nbsp;cuenta con el respaldo de&nbsp;<strong>m\u00e1s de 60 marcas patrocinadoras y medios aliados<\/strong>, y una agenda que incluye&nbsp;<strong>siete paneles tem\u00e1ticos y tres conferencias magistrales<\/strong>.<\/p>\n\n\n\n<p>El&nbsp;<strong>ministro de Salud P\u00fablica, doctor V\u00edctor Atallah<\/strong>, ofrecer\u00e1 las palabras oficiales de bienvenida. Los temas a tratar abordar\u00e1n desde la innovaci\u00f3n tecnol\u00f3gica en salud hasta el turismo de retiro, inversi\u00f3n extranjera, sostenibilidad y la expansi\u00f3n de los servicios m\u00e9dicos dominicanos hacia mercados internacionales.<\/p>\n\n\n\n<p>Este congreso se consolida como una&nbsp;<strong>plataforma estrat\u00e9gica para promover a Rep\u00fablica Dominicana<\/strong>&nbsp;como un&nbsp;<strong>destino m\u00e9dico de clase mundial<\/strong>, impulsando el crecimiento del turismo de bienestar, la inversi\u00f3n extranjera y las alianzas p\u00fablico-privadas que fortalecen la&nbsp;<strong>marca pa\u00eds<\/strong>.<\/p>\n\n\n\n<h3 class=\"wp-block-heading\"><strong>Sobre la Asociaci\u00f3n Dominicana de Turismo de Salud (ADTS)<\/strong><\/h3>\n\n\n\n<p>La&nbsp;<strong>ADTS<\/strong>&nbsp;es una entidad sin fines de lucro que promueve a la&nbsp;<strong>Rep\u00fablica Dominicana como destino l\u00edder en turismo de salud y bienestar<\/strong>, fomentando certificaciones internacionales, innovaci\u00f3n y colaboraci\u00f3n p\u00fablico-privada. M\u00e1s informaci\u00f3n disponible en&nbsp;<a href=\"https:\/\/www.adtusalud.org\/\">www.adtusalud.org<\/a>.<\/p>\n\n\n\n<h3 class=\"wp-block-heading\"><strong>Sobre AF Comunicaci\u00f3n Estrat\u00e9gica<\/strong><\/h3>\n\n\n\n<p><strong>AF Comunicaci\u00f3n Estrat\u00e9gica<\/strong>&nbsp;es una agencia especializada en consultor\u00eda de comunicaci\u00f3n, relaciones p\u00fablicas y organizaci\u00f3n de eventos corporativos. Su enfoque est\u00e1 en fortalecer la reputaci\u00f3n y el posicionamiento de marcas mediante estrategias innovadoras y sostenibles. Conoce m\u00e1s en&nbsp;<a href=\"https:\/\/www.afcomunicacion.com\/\">www.afcomunicacion.com<\/a>.<\/p>\n","protected":false},"excerpt":{"rendered":"<p>La Asociaci\u00f3n Dominicana de Turismo de Salud (ADTS) y AF Comunicaci\u00f3n Estrat\u00e9gica dan apertura al evento m\u00e1s importante del turismo m\u00e9dico y bienestar en el Caribe, destacando el liderazgo de&hellip; <\/p>\n","protected":false},"author":2,"featured_media":73833,"comment_status":"closed","ping_status":"closed","sticky":false,"template":"","format":"standard","meta":{"fifu_image_url":"https:\/\/elmundodelosnegocios.com.do\/v1\/wp-content\/uploads\/2025\/10\/f3b16ced-24e9-44fa-82e8-a88ca9ca5ff9-edited.jpeg","fifu_image_alt":"","footnotes":""},"categories":[172],"tags":[],"class_list":["post-73829","post","type-post","status-publish","format-standard","has-post-thumbnail","hentry","category-turismo"],"_links":{"self":[{"href":"https:\/\/elmundodelosnegocios.com.do\/v1\/wp-json\/wp\/v2\/posts\/73829","targetHints":{"allow":["GET"]}}],"collection":[{"href":"https:\/\/elmundodelosnegocios.com.do\/v1\/wp-json\/wp\/v2\/posts"}],"about":[{"href":"https:\/\/elmundodelosnegocios.com.do\/v1\/wp-json\/wp\/v2\/types\/post"}],"author":[{"embeddable":true,"href":"https:\/\/elmundodelosnegocios.com.do\/v1\/wp-json\/wp\/v2\/users\/2"}],"replies":[{"embeddable":true,"href":"https:\/\/elmundodelosnegocios.com.do\/v1\/wp-json\/wp\/v2\/comments?post=73829"}],"version-history":[{"count":0,"href":"https:\/\/elmundodelosnegocios.com.do\/v1\/wp-json\/wp\/v2\/posts\/73829\/revisions"}],"wp:featuredmedia":[{"embeddable":true,"href":"https:\/\/elmundodelosnegocios.com.do\/v1\/wp-json\/"}],"wp:attachment":[{"href":"https:\/\/elmundodelosnegocios.com.do\/v1\/wp-json\/wp\/v2\/media?parent=73829"}],"wp:term":[{"taxonomy":"category","embeddable":true,"href":"https:\/\/elmundodelosnegocios.com.do\/v1\/wp-json\/wp\/v2\/categories?post=73829"},{"taxonomy":"post_tag","embeddable":true,"href":"https:\/\/elmundodelosnegocios.com.do\/v1\/wp-json\/wp\/v2\/tags?post=73829"}],"curies":[{"name":"wp","href":"https:\/\/api.w.org\/{rel}","templated":true}]}}