{"id":73834,"date":"2025-10-23T19:56:02","date_gmt":"2025-10-24T00:26:02","guid":{"rendered":"https:\/\/elmundodelosnegocios.com.do\/v1\/?p=73834"},"modified":"2025-10-23T19:56:02","modified_gmt":"2025-10-24T00:26:02","slug":"edwin-de-los-santos-electo-presidente-de-la-asociacion-de-camaras-de-comercio-americanas-en-america-latina-y-el-caribe-aaccla","status":"publish","type":"post","link":"https:\/\/elmundodelosnegocios.com.do\/v1\/edwin-de-los-santos-electo-presidente-de-la-asociacion-de-camaras-de-comercio-americanas-en-america-latina-y-el-caribe-aaccla\/","title":{"rendered":"Edwin De los Santos electo presidente de la Asociaci\u00f3n de C\u00e1maras de Comercio Americanas en Am\u00e9rica Latina y el Caribe (AACCLA)"},"content":{"rendered":"\n<p>Washington, D.C. \u2013 El presidente de AES Dominicana, Edwin De los Santos, fue electo como presidente de la Asociaci\u00f3n de C\u00e1maras de Comercio Americanas en Am\u00e9rica Latina y el Caribe (AACCLA) durante la asamblea general celebrada este 22 de octubre, en Washington, D.C.<\/p>\n\n\n<div class=\"wp-block-image\">\n<figure class=\"aligncenter size-large\"><img decoding=\"async\" src=\"https:\/\/elmundodelosnegocios.com.do\/v1\/wp-content\/uploads\/2025\/10\/Imagen-de-WhatsApp-2025-10-23-a-las-10.43.57_4cb488fc-edited.jpg\" alt=\"\" class=\"wp-image-73838\"\/><\/figure>\n<\/div>\n\n\n<p>La elecci\u00f3n de De los Santos representa un reconocimiento al liderazgo del empresariado dominicano y al papel de la Rep\u00fablica Dominicana como uno de los entornos m\u00e1s confiables y din\u00e1micos para la inversi\u00f3n en la regi\u00f3n.<\/p>\n\n\n<div class=\"wp-block-image\">\n<figure class=\"aligncenter size-large\"><img decoding=\"async\" src=\"https:\/\/elmundodelosnegocios.com.do\/v1\/wp-content\/uploads\/2025\/10\/Imagen-de-WhatsApp-2025-10-23-a-las-10.43.24_81d0d5e6-edited.jpg\" alt=\"\" class=\"wp-image-73837\"\/><\/figure>\n<\/div>\n\n\n<p>Hasta abril de este a\u00f1o, De los Santos se desempe\u00f1\u00f3 como presidente de AMCHAMDR y desde hace varios a\u00f1os ha ocupado posiciones de liderazgo dentro de la AACCLA, desempe\u00f1\u00e1ndose recientemente como vicepresidente antes de su elecci\u00f3n como presidente del Consejo del AACCLA.<\/p>\n\n\n\n<p>De los Santos, quien tambi\u00e9n es presidente de AES Dominicana, invi\u00f3 al empresariado a sumarse activamente a la X Cumbre de las Am\u00e9ricas, que se celebrar\u00e1 en diciembre en Punta Cana, Rep\u00fablica Dominicana, y destac\u00f3 que este encuentro representa una oportunidad \u00fanica para fortalecer alianzas estrat\u00e9gicas, impulsar el comercio y dinamizar sectores clave para el crecimiento de la Regi\u00f3n. Esta d\u00e9cima edici\u00f3n ordinaria \u2014que re\u00fane a los jefes de Estado y de Gobierno del hemisferio\u2014 congregar\u00e1, adem\u00e1s, a l\u00edderes empresariales y gubernamentales de toda Am\u00e9rica con el prop\u00f3sito de definir una agenda com\u00fan de desarrollo y cooperaci\u00f3n.<\/p>\n\n\n\n<p>\u201cEsta elecci\u00f3n para presidir el Consejo del ACCLA refleja la confianza en la Rep\u00fablica Dominicana y en el trabajo sostenido que venimos realizando para fortalecer el clima de negocios y las relaciones bilaterales. Desde la AACCLA seguiremos promoviendo pol\u00edticas que incentiven la inversi\u00f3n responsable, la integraci\u00f3n comercial y la cooperaci\u00f3n entre los pa\u00edses del hemisferio.<\/p>\n\n\n\n<p>\u201cEl empresariado regional tiene hoy un rol crucial para alcanzar metas estrat\u00e9gicas que fortalezcan la seguridad hemisf\u00e9rica en energ\u00eda, innovaci\u00f3n, salud y educaci\u00f3n\u201d, expres\u00f3 Edwin De los Santos.<\/p>\n\n\n\n<p>M\u00e1s que un reconocimiento individual, esta elecci\u00f3n consolida a la Rep\u00fablica Dominicana como una voz activa en la construcci\u00f3n de una regi\u00f3n m\u00e1s integrada, competitiva y atractiva para la inversi\u00f3n. Desde la AACCLA, De los Santos representa un liderazgo orientado al consenso y la acci\u00f3n, enfocado en fortalecer los v\u00ednculos entre las AmChams y promover una agenda com\u00fan basada en la confianza, la cooperaci\u00f3n y el desarrollo compartido.<\/p>\n\n\n\n<p>Sobre AACCLA<\/p>\n\n\n\n<p>La AACCLA, afiliada a la U.S.\u202fChamber\u202fof\u202fCommerce, agrupa a las C\u00e1maras Americanas de Comercio (AmChams) de 27 pa\u00edses de Am\u00e9rica Latina y el Caribe, representando a m\u00e1s de 20, 000 empresas y ejecutivos que impulsan gran parte de la inversi\u00f3n estadounidense en la regi\u00f3n. Su misi\u00f3n es promover el libre comercio, los mercados abiertos y la libre empresa como motores del desarrollo econ\u00f3mico y social, actuando como un puente estrat\u00e9gico entre el sector privado y el Gobierno de los Estados Unidos.<\/p>\n","protected":false},"excerpt":{"rendered":"<p>Washington, D.C. \u2013 El presidente de AES Dominicana, Edwin De los Santos, fue electo como presidente de la Asociaci\u00f3n de C\u00e1maras de Comercio Americanas en Am\u00e9rica Latina y el Caribe&hellip; <\/p>\n","protected":false},"author":2,"featured_media":73840,"comment_status":"closed","ping_status":"closed","sticky":false,"template":"","format":"standard","meta":{"fifu_image_url":"https:\/\/elmundodelosnegocios.com.do\/v1\/wp-content\/uploads\/2025\/10\/Imagen-de-WhatsApp-2025-10-23-a-las-10.43.57_4cb488fc-edited.jpg","fifu_image_alt":"","footnotes":""},"categories":[83],"tags":[],"class_list":["post-73834","post","type-post","status-publish","format-standard","has-post-thumbnail","hentry","category-empresariales-empresariales"],"_links":{"self":[{"href":"https:\/\/elmundodelosnegocios.com.do\/v1\/wp-json\/wp\/v2\/posts\/73834","targetHints":{"allow":["GET"]}}],"collection":[{"href":"https:\/\/elmundodelosnegocios.com.do\/v1\/wp-json\/wp\/v2\/posts"}],"about":[{"href":"https:\/\/elmundodelosnegocios.com.do\/v1\/wp-json\/wp\/v2\/types\/post"}],"author":[{"embeddable":true,"href":"https:\/\/elmundodelosnegocios.com.do\/v1\/wp-json\/wp\/v2\/users\/2"}],"replies":[{"embeddable":true,"href":"https:\/\/elmundodelosnegocios.com.do\/v1\/wp-json\/wp\/v2\/comments?post=73834"}],"version-history":[{"count":0,"href":"https:\/\/elmundodelosnegocios.com.do\/v1\/wp-json\/wp\/v2\/posts\/73834\/revisions"}],"wp:featuredmedia":[{"embeddable":true,"href":"https:\/\/elmundodelosnegocios.com.do\/v1\/wp-json\/"}],"wp:attachment":[{"href":"https:\/\/elmundodelosnegocios.com.do\/v1\/wp-json\/wp\/v2\/media?parent=73834"}],"wp:term":[{"taxonomy":"category","embeddable":true,"href":"https:\/\/elmundodelosnegocios.com.do\/v1\/wp-json\/wp\/v2\/categories?post=73834"},{"taxonomy":"post_tag","embeddable":true,"href":"https:\/\/elmundodelosnegocios.com.do\/v1\/wp-json\/wp\/v2\/tags?post=73834"}],"curies":[{"name":"wp","href":"https:\/\/api.w.org\/{rel}","templated":true}]}}