{"id":74056,"date":"2025-11-09T10:45:05","date_gmt":"2025-11-09T15:15:05","guid":{"rendered":"https:\/\/elmundodelosnegocios.com.do\/v1\/?p=74056"},"modified":"2025-11-09T10:45:05","modified_gmt":"2025-11-09T15:15:05","slug":"centro-cultural-taino-casa-del-cordon-celebra-primer-aniversario-con-programacion-especial","status":"publish","type":"post","link":"https:\/\/elmundodelosnegocios.com.do\/v1\/centro-cultural-taino-casa-del-cordon-celebra-primer-aniversario-con-programacion-especial\/","title":{"rendered":"Centro Cultural Ta\u00edno Casa del Cord\u00f3n celebra primer aniversario con programaci\u00f3n especial"},"content":{"rendered":"\n<figure class=\"wp-block-image size-large is-resized\"><img decoding=\"async\" src=\"https:\/\/eldinero.com.do\/wp-content\/uploads\/casa-de-acordon.jpg\" alt=\"\" style=\"width:840px;height:auto\"\/><\/figure>\n\n\n\n<p>El&nbsp;<strong>Centro Cultural Ta\u00edno Casa del Cord\u00f3n<\/strong>&nbsp;celebra su primer aniversario con el registro de haber recibido en sus instalaciones en Ciudad Colonial&nbsp;<strong>58,570 visitantes<\/strong>&nbsp;desde su apertura.<\/p>\n\n\n\n<p>La programaci\u00f3n de aniversario incluye conversatorios, experiencias sensoriales, visitas guiadas y un fin de semana de&nbsp;<strong>puertas abiertas<\/strong>&nbsp;en noviembre.<\/p>\n\n\n\n<p>El conversatorio literario&nbsp;<em>Los ta\u00ednos cuentan cuentos<\/em>&nbsp;se realizar\u00e1 el&nbsp;<strong>12 de noviembre<\/strong>&nbsp;a las 7:00 p.m., con las autoras&nbsp;<strong>Luc\u00eda Amelia Cabral<\/strong>&nbsp;y&nbsp;<strong>Emelda Ramos<\/strong>&nbsp;y la moderaci\u00f3n de Jos\u00e9 Enrique Delmonte.<\/p>\n\n\n\n<p>La presentaci\u00f3n teatral&nbsp;<em>Zun Zun y el valle encantado<\/em>, basada en el libro de Yina Guerrero e ilustrada por Karla Pe\u00f1a, se estrenar\u00e1 el&nbsp;<strong>15 de noviembre<\/strong>&nbsp;a las 3:00 p.m. a cargo de&nbsp;<strong>Nuclear Brothers<\/strong>.<\/p>\n\n\n\n<p>La visita guiada&nbsp;<em>Grandes artistas de las artes visuales dominicanas<\/em>&nbsp;ser\u00e1 el&nbsp;<strong>22 de noviembre<\/strong>&nbsp;a las 11:00 a.m., conducida por la cr\u00edtica&nbsp;<strong>Marianne de Tolentino<\/strong>.<\/p>\n\n\n\n<p>El centro ofrecer\u00e1 acceso gratuito los d\u00edas&nbsp;<strong>21, 22 y 23 de noviembre<\/strong>, cuando el p\u00fablico podr\u00e1 recorrer todas las&nbsp;<strong>exposiciones<\/strong>&nbsp;y actividades sin costo.<\/p>\n\n\n\n<p>Durante su primer a\u00f1o el centro desarroll\u00f3&nbsp;<strong>26 actividades culturales<\/strong>&nbsp;que atrajeron a m\u00e1s de&nbsp;<strong>2,500<\/strong>&nbsp;personas, seg\u00fan datos institucionales.<\/p>\n\n\n\n<p>La colecci\u00f3n permanente&nbsp;<em>Nuestros primeros pobladores<\/em>&nbsp;y la exposici\u00f3n temporal&nbsp;<em>Maestros de las Artes Visuales en la Colecci\u00f3n del Banco Popular Dominicano<\/em>&nbsp;han sido los ejes de la oferta expositiva del centro.<\/p>\n\n\n\n<p>La instituci\u00f3n se integr\u00f3 a redes como la&nbsp;<strong>Red Nacional de Museos<\/strong>,&nbsp;<strong>Distrito Cultura<\/strong>&nbsp;y la&nbsp;<strong>APRECC<\/strong>, reforzando su v\u00ednculo con el ecosistema cultural nacional.<\/p>\n\n\n\n<p>Como herramienta pedag\u00f3gica, el centro public\u00f3 una&nbsp;<strong>gu\u00eda did\u00e1ctica<\/strong>&nbsp;sobre la exposici\u00f3n permanente, disponible gratuitamente en su sitio web y en el portal del&nbsp;<strong>Ministerio de Educaci\u00f3n<\/strong>.<\/p>\n\n\n\n<p>El inmueble, una de las primeras&nbsp;<strong>casas de piedra<\/strong>&nbsp;construidas en Am\u00e9rica por europeos, alberga m\u00e1s de&nbsp;<strong>350 piezas arqueol\u00f3gicas<\/strong>&nbsp;cedidas por la Fundaci\u00f3n Garc\u00eda Ar\u00e9valo.<\/p>\n","protected":false},"excerpt":{"rendered":"<p>El&nbsp;Centro Cultural Ta\u00edno Casa del Cord\u00f3n&nbsp;celebra su primer aniversario con el registro de haber recibido en sus instalaciones en Ciudad Colonial&nbsp;58,570 visitantes&nbsp;desde su apertura. La programaci\u00f3n de aniversario incluye conversatorios,&hellip; <\/p>\n","protected":false},"author":2,"featured_media":74058,"comment_status":"closed","ping_status":"closed","sticky":false,"template":"","format":"standard","meta":{"fifu_image_url":"https:\/\/eldinero.com.do\/wp-content\/uploads\/casa-de-acordon.jpg","fifu_image_alt":"","footnotes":""},"categories":[148],"tags":[],"class_list":["post-74056","post","type-post","status-publish","format-standard","has-post-thumbnail","hentry","category-cultura"],"_links":{"self":[{"href":"https:\/\/elmundodelosnegocios.com.do\/v1\/wp-json\/wp\/v2\/posts\/74056","targetHints":{"allow":["GET"]}}],"collection":[{"href":"https:\/\/elmundodelosnegocios.com.do\/v1\/wp-json\/wp\/v2\/posts"}],"about":[{"href":"https:\/\/elmundodelosnegocios.com.do\/v1\/wp-json\/wp\/v2\/types\/post"}],"author":[{"embeddable":true,"href":"https:\/\/elmundodelosnegocios.com.do\/v1\/wp-json\/wp\/v2\/users\/2"}],"replies":[{"embeddable":true,"href":"https:\/\/elmundodelosnegocios.com.do\/v1\/wp-json\/wp\/v2\/comments?post=74056"}],"version-history":[{"count":0,"href":"https:\/\/elmundodelosnegocios.com.do\/v1\/wp-json\/wp\/v2\/posts\/74056\/revisions"}],"wp:featuredmedia":[{"embeddable":true,"href":"https:\/\/elmundodelosnegocios.com.do\/v1\/wp-json\/"}],"wp:attachment":[{"href":"https:\/\/elmundodelosnegocios.com.do\/v1\/wp-json\/wp\/v2\/media?parent=74056"}],"wp:term":[{"taxonomy":"category","embeddable":true,"href":"https:\/\/elmundodelosnegocios.com.do\/v1\/wp-json\/wp\/v2\/categories?post=74056"},{"taxonomy":"post_tag","embeddable":true,"href":"https:\/\/elmundodelosnegocios.com.do\/v1\/wp-json\/wp\/v2\/tags?post=74056"}],"curies":[{"name":"wp","href":"https:\/\/api.w.org\/{rel}","templated":true}]}}