{"id":74116,"date":"2025-11-12T15:27:05","date_gmt":"2025-11-12T19:57:05","guid":{"rendered":"https:\/\/elmundodelosnegocios.com.do\/v1\/?p=74116"},"modified":"2025-11-12T15:27:05","modified_gmt":"2025-11-12T19:57:05","slug":"nadal-en-vtex-connect-europe-para-pasar-de-ser-un-campeon-mundial-a-un-emprendedor-global-solo-necesitas-la-mentalidad-correcta","status":"publish","type":"post","link":"https:\/\/elmundodelosnegocios.com.do\/v1\/nadal-en-vtex-connect-europe-para-pasar-de-ser-un-campeon-mundial-a-un-emprendedor-global-solo-necesitas-la-mentalidad-correcta\/","title":{"rendered":"Nadal en VTEX Connect Europe:\u00a0\u201cPara pasar de ser un campe\u00f3n mundial a un emprendedor global, solo necesitas la mentalidad correcta\u201d"},"content":{"rendered":"\n<p><strong>Lisboa, noviembre de 2025<\/strong>\u00a0\u2014 En el marco del VTEX Connect Europe 2025, el reconocido tenista y empresario, Rafael Nadal brinda<strong>\u00a0consejos a los empresarios sobre la importancia de la mentalidad para tener \u00e9xito<\/strong>\u00a0e inspirarlos en una profunda conversaci\u00f3n con Santiago Naranjo, Chief Revenue Officer de VTEX. Nadal y Naranjo exploraron c\u00f3mo los valores que marcaron la trayectoria del campe\u00f3n espa\u00f1ol, la disciplina, la resiliencia y la b\u00fasqueda constante de la excelencia<strong>,<\/strong>\u00a0pueden trasladarse al \u00e1mbito corporativo.<br><br>Nadal cautiv\u00f3 al p\u00fablico al compartir su profunda perspectiva y al expresarle a los l\u00edderes empresariales:\u00a0<em>\u201cPara pasar de ser un campe\u00f3n mundial a un empresario mundial solo se necesita la mentalidad correcta\u201d.\u00a0<\/em>Sus ideas ofrecieron a los l\u00edderes empresariales un poderoso marco para afrontar los retos y lograr un crecimiento sostenido en un mercado global cada vez m\u00e1s competitivo.<\/p>\n\n\n<div class=\"wp-block-image\">\n<figure class=\"aligncenter size-large\"><img decoding=\"async\" src=\"https:\/\/elmundodelosnegocios.com.do\/v1\/wp-content\/uploads\/2025\/11\/00-1024x897.jpeg\" alt=\"\" class=\"wp-image-74117\"\/><\/figure>\n<\/div>\n\n\n<p>VTEX Connect Europe, un evento emblem\u00e1tico para la industria del comercio digital, cont\u00f3 con una impresionante asistencia de 4000 tomadores de decisiones del \u00e1mbito del comercio digital, con participantes procedentes de m\u00e1s de 30 pa\u00edses. La conferencia, que se celebr\u00f3 simult\u00e1neamente con el WebSummit en Lisboa, cont\u00f3 con&nbsp;<strong>la presencia del legendario campe\u00f3n de tenis y empresario Rafa Nadal.&nbsp;<\/strong><\/p>\n\n\n\n<p>M\u00e1s all\u00e1 del protagonista, la agenda incluy\u00f3 una amplia gama de contenidos centrados en el&nbsp;<strong>futuro del comercio digital, incluido el papel transformador de la inteligencia artificial<\/strong>. Los asistentes participaron en paneles B2B y B2C en profundidad en los que participaron representantes clave de empresas influyentes como RedCloud, Macromex y Delta Caf\u00e9s. El evento atrajo a un p\u00fablico de alto nivel, incluyendo l\u00edderes empresariales de importantes corporaciones globales como Arcaplanet, Beko,&nbsp;<strong>Manchester City<\/strong>, Auchan, Etihad Arena, Ageas, KSD, Mazda, OBI y Gigatron, lo que subraya su importancia como plataforma de primer orden para el networking y el intercambio de conocimientos.<\/p>\n\n\n\n<p>El \u00e9xito de VTEX Connect Europe cont\u00f3 con el firme apoyo de su ecosistema de socios, con AWS como patrocinador principal del evento. Esta colaboraci\u00f3n puso de relieve la profunda integraci\u00f3n y el compromiso compartido de impulsar la innovaci\u00f3n en el \u00e1mbito del comercio, consolidando a\u00fan m\u00e1s el compromiso de VTEX con mercados estrat\u00e9gicos como Alemania, Francia y Estados Unidos. \u201cNuestra asociaci\u00f3n con VTEX en este evento pone de relieve nuestro compromiso de acelerar la transformaci\u00f3n digital de las pilas tecnol\u00f3gicas de comercio electr\u00f3nico empresarial en todo el mundo\u201d, afirm\u00f3 Luis Monteiro, de AWS.&nbsp;<\/p>\n\n\n\n<p>Destacando el impacto estrat\u00e9gico del evento, Santiago Naranjo, Chief Reneveu Officer de VTEX, afirm\u00f3: \u201cVTEX Connect Europe representa un momento verdaderamente transformador para VTEX en Europa. Es una clara declaraci\u00f3n de nuestro compromiso y consolida a\u00fan m\u00e1s nuestra presencia como la plataforma de comercio empresarial l\u00edder en toda la regi\u00f3n\u201d.<\/p>\n\n\n\n<p><strong>La aventura empresarial de Rafael Nadal<\/strong><\/p>\n\n\n\n<p>Considerado uno de los mejores deportistas de todos los tiempos, Rafael Nadal ha conquistado 22 t\u00edtulos de Grand Slam, incluyendo 14 Roland Garros, una cifra r\u00e9cord en la historia del torneo. Tambi\u00e9n ha ganado 2 oros ol\u00edmpicos (uno individual en 2008 y otro en dobles en 2016), 36 t\u00edtulos Masters 1000 y ha sido n\u00famero uno del mundo en cinco temporadas diferentes.<br><br>Su estilo de juego basado en la constancia y la fortaleza mental lo han llevado a expandir su influencia m\u00e1s all\u00e1 del tenis. Su incursi\u00f3n en el mundo empresarial incluye iniciativas como la Rafa Nadal Academy, un centro de alto rendimiento en Mallorca que combina formaci\u00f3n acad\u00e9mica y deportiva, y que ha expandido su modelo con sedes en M\u00e9xico, Kuwait y Hong Kong.<br><br>Asimismo, Nadal ha invertido en proyectos inmobiliarios, inversiones en tecnolog\u00eda y sostenibilidad, y colaboraciones con marcas globales, participando en proyectos como el Rafa Nadal Museum Xperience, el hotel Zel en alianza con Meli\u00e1, y la Rafa Nadal Foundation, enfocada en educaci\u00f3n y deporte para j\u00f3venes en situaci\u00f3n de vulnerabilidad.<\/p>\n\n\n\n<p>Por su parte, Santiago Naranjo lidera la estrategia global de ingresos de VTEX, plataforma l\u00edder de e-commerce y digital commerce utilizada por grandes retailers y marcas internacionales. Bajo su liderazgo, la compa\u00f1\u00eda ha impulsado la transformaci\u00f3n digital de empresas en todo el mundo, apostando por una integraci\u00f3n m\u00e1s humana entre tecnolog\u00eda, datos y experiencia de cliente.<\/p>\n\n\n\n<p><em>\u201cRafael Nadal encarna el esp\u00edritu emprendedor que inspira la esencia de VTEX CONNECT. Su trayectoria, marcada por la resiliencia, la excelencia y la reinvenci\u00f3n continua, refleja la mentalidad que impulsa la innovaci\u00f3n en el comercio global. A trav\u00e9s de VTEX CONNECT, no solo mostramos tecnolog\u00eda y estrategias de vanguardia, sino que tambi\u00e9n fomentamos la misma determinaci\u00f3n y visi\u00f3n que definen a l\u00edderes como Nadal. Este evento se ha convertido en un espacio donde convergen los negocios y la inspiraci\u00f3n, empoderando a la pr\u00f3xima generaci\u00f3n de emprendedores digitales para que superen los l\u00edmites y redefinan el futuro del comercio minorista\u201d,<\/em>&nbsp;asegur\u00f3 Naranjo.<\/p>\n","protected":false},"excerpt":{"rendered":"<p>Lisboa, noviembre de 2025\u00a0\u2014 En el marco del VTEX Connect Europe 2025, el reconocido tenista y empresario, Rafael Nadal brinda\u00a0consejos a los empresarios sobre la importancia de la mentalidad para&hellip; <\/p>\n","protected":false},"author":2,"featured_media":74119,"comment_status":"closed","ping_status":"closed","sticky":false,"template":"","format":"standard","meta":{"fifu_image_url":"https:\/\/elmundodelosnegocios.com.do\/v1\/wp-content\/uploads\/2025\/11\/00.jpeg","fifu_image_alt":"","footnotes":""},"categories":[83],"tags":[],"class_list":["post-74116","post","type-post","status-publish","format-standard","has-post-thumbnail","hentry","category-empresariales-empresariales"],"_links":{"self":[{"href":"https:\/\/elmundodelosnegocios.com.do\/v1\/wp-json\/wp\/v2\/posts\/74116","targetHints":{"allow":["GET"]}}],"collection":[{"href":"https:\/\/elmundodelosnegocios.com.do\/v1\/wp-json\/wp\/v2\/posts"}],"about":[{"href":"https:\/\/elmundodelosnegocios.com.do\/v1\/wp-json\/wp\/v2\/types\/post"}],"author":[{"embeddable":true,"href":"https:\/\/elmundodelosnegocios.com.do\/v1\/wp-json\/wp\/v2\/users\/2"}],"replies":[{"embeddable":true,"href":"https:\/\/elmundodelosnegocios.com.do\/v1\/wp-json\/wp\/v2\/comments?post=74116"}],"version-history":[{"count":0,"href":"https:\/\/elmundodelosnegocios.com.do\/v1\/wp-json\/wp\/v2\/posts\/74116\/revisions"}],"wp:featuredmedia":[{"embeddable":true,"href":"https:\/\/elmundodelosnegocios.com.do\/v1\/wp-json\/"}],"wp:attachment":[{"href":"https:\/\/elmundodelosnegocios.com.do\/v1\/wp-json\/wp\/v2\/media?parent=74116"}],"wp:term":[{"taxonomy":"category","embeddable":true,"href":"https:\/\/elmundodelosnegocios.com.do\/v1\/wp-json\/wp\/v2\/categories?post=74116"},{"taxonomy":"post_tag","embeddable":true,"href":"https:\/\/elmundodelosnegocios.com.do\/v1\/wp-json\/wp\/v2\/tags?post=74116"}],"curies":[{"name":"wp","href":"https:\/\/api.w.org\/{rel}","templated":true}]}}