{"id":74127,"date":"2025-11-12T15:51:14","date_gmt":"2025-11-12T20:21:14","guid":{"rendered":"https:\/\/elmundodelosnegocios.com.do\/v1\/?p=74127"},"modified":"2025-11-12T15:51:14","modified_gmt":"2025-11-12T20:21:14","slug":"banco-mundial-y-mived-realizan-seminario-regional-sobre-politicas-de-vivienda-y-sostenibilidad-financiera","status":"publish","type":"post","link":"https:\/\/elmundodelosnegocios.com.do\/v1\/banco-mundial-y-mived-realizan-seminario-regional-sobre-politicas-de-vivienda-y-sostenibilidad-financiera\/","title":{"rendered":"Banco Mundial y Mived realizan Seminario Regional sobre Pol\u00edticas de Vivienda y Sostenibilidad Financiera"},"content":{"rendered":"\n<p>Santo Domingo.\u2013&nbsp;<strong>El Ministerio de Vivienda y Edificaciones<\/strong>&nbsp;(Mived) y el&nbsp;<strong>Banco Mundial,<\/strong>&nbsp;con el apoyo financiero del&nbsp;<strong>Fondo para Financiaci\u00f3n de Acciones Clim\u00e1ticas en las Ciudades<\/strong>, celebraron el<strong>&nbsp;\u201cSeminario regional sobre Pol\u00edticas de Vivienda y Sostenibilidad Financiera\u201d.<\/strong><\/p>\n\n\n<div class=\"wp-block-image\">\n<figure class=\"aligncenter size-large\"><img decoding=\"async\" src=\"https:\/\/presidencia.gob.do\/sites\/default\/files\/styles\/large\/public\/news\/2025-11\/PHOTO-2025-11-11-11-54-54.jpg?itok=jySaZ61C\" alt=\"\"\/><\/figure>\n<\/div>\n\n\n<p>El evento, que cont\u00f3 con la participaci\u00f3n del ministro del Mived,&nbsp;<strong>Carlos Bonilla<\/strong>, se celebr\u00f3 en el Hotel Intercontinental, en el marco de los&nbsp;<strong>diferentes planes de viviendas<\/strong>&nbsp;que desarrolla el&nbsp;<strong>gobierno del presidente Luis Abinader.<\/strong><\/p>\n\n\n\n<p>Este seminario reuni\u00f3 a destacados representantes del&nbsp;<strong>Gobierno<\/strong>, el&nbsp;<strong>sector privado<\/strong>,&nbsp;<strong>organismos internacionales y profesionales del sector de la vivienda,<\/strong>&nbsp;con el objetivo de buscar soluciones innovadoras en financiamiento, regulaci\u00f3n e iniciativas institucionales que transformen el&nbsp;<strong>acceso a la vivienda en la Rep\u00fablica Dominicana.<\/strong><\/p>\n\n\n\n<p>Durante el evento, el ministro Bonilla dijo que espacios como este seminario son una oportunidad valiosa para continuar ese trabajo conjunto, conociendo&nbsp;<strong>experiencias exitosas de la regi\u00f3n<\/strong>, como las que presentar\u00e1 Chile en esta jornada, y reflexionar sobre c\u00f3mo adaptar&nbsp;<strong>buenas pr\u00e1cticas<\/strong>&nbsp;a la realidad de la Rep\u00fablica Dominicana.<\/p>\n\n\n\n<p><em>\u201cDesde la Rep\u00fablica Dominicana, reafirmamos nuestra disposici\u00f3n a seguir colaborando, aprendiendo e innovando para consolidar pol\u00edticas habitacionales que sean financieramente sostenibles, socialmente justas y ambientalmente responsables\u201d,<\/em>&nbsp;expres\u00f3 Bonilla.<\/p>\n\n\n\n<p>El funcionario destac\u00f3 que el&nbsp;<em>\u201ccompromiso es claro: seguir construyendo un pa\u00eds donde cada familia tenga la oportunidad de acceder a una vivienda digna, segura y sostenible. Y en ese prop\u00f3sito, el apoyo de socios como el Banco Mundial, la banca nacional y los desarrolladores privados seguir\u00e1 siendo clave para garantizar que el progreso llegue a todos los rincones del territorio nacional\u201d.<\/em><\/p>\n\n\n\n<figure class=\"wp-block-image\"><img decoding=\"async\" src=\"https:\/\/presidencia.gob.do\/sites\/default\/files\/inline-images\/PHOTO-2025-11-11-11-54-54%206.jpg\" alt=\"\"\/><\/figure>\n\n\n\n<p>El seminario se enmarca en el&nbsp;<strong>Proyecto de Apoyo al Plan Nacional de Vivienda<\/strong>, que cuenta con una asignaci\u00f3n de&nbsp;<strong>USD 100 millones del Banco Mundial<\/strong>, para incrementar el acceso a&nbsp;<strong>viviendas asequibles y resilientes.<\/strong><\/p>\n\n\n\n<p>Este programa est\u00e1 dirigido especialmente a&nbsp;<strong>hogares de bajos ingresos, priorizando aquellos liderados por mujeres<\/strong>, y busca fomentar el acceso a la vivienda mediante modelos de financiamiento inclusivos e innovadores.<\/p>\n\n\n\n<p>Solo en 5 a\u00f1os, el Mived, a trav\u00e9s del&nbsp;<strong>programa Mi Vivienda<\/strong>&nbsp;y del&nbsp;<strong>Plan Nacional de Vivienda Familia Feliz<\/strong>, ha construido y entregado&nbsp;<strong>m\u00e1s de 20,000 viviendas<\/strong>&nbsp;para igual n\u00famero de familias dominicanas.<\/p>\n\n\n\n<p>Estos programas, concebidos bajo la&nbsp;<strong>visi\u00f3n del presidente Luis Abinader<\/strong>, no solo han permitido reducir el d\u00e9ficit habitacional, sino tambi\u00e9n impulsar la econom\u00eda, generar empleo y dinamizar el&nbsp;<strong>sector de la construcci\u00f3n<\/strong>, que hoy representa&nbsp;<strong>uno de los<\/strong>&nbsp;<strong>pilares del crecimiento nacional<\/strong>.<\/p>\n\n\n\n<p>La agenda incluy\u00f3&nbsp;<strong>presentaciones t\u00e9cnicas y un panel de discusi\u00f3n<\/strong>, en donde se abordaron temas como el apoyo a la&nbsp;<strong>movilizaci\u00f3n de capital privado<\/strong>, el uso de&nbsp;<strong>garant\u00edas financieras<\/strong>, o la inclusi\u00f3n de&nbsp;<strong>certificaciones verdes<\/strong>, adem\u00e1s de que se compartir\u00e1n experiencias internacionales y casos pr\u00e1cticos del sector de la vivienda en la regi\u00f3n.<\/p>\n\n\n\n<p>Este encuentro busca generar&nbsp;<strong>compromisos concretos<\/strong>&nbsp;entre los actores clave del ecosistema de vivienda para fortalecer el Plan Nacional de Vivienda y fomentar un entorno de&nbsp;<strong>colaboraci\u00f3n p\u00fablico-privada.<\/strong><\/p>\n\n\n\n<figure class=\"wp-block-image\"><img decoding=\"async\" src=\"https:\/\/presidencia.gob.do\/sites\/default\/files\/inline-images\/PHOTO-2025-11-11-11-54-54%207.jpg\" alt=\"\"\/><\/figure>\n\n\n\n<p>Los oradores principales incluyeron a&nbsp;<strong>Federica Ranghieri<\/strong>, gerente de la Pr\u00e1ctica de Desarrollo Urbano, Riesgos y Administraci\u00f3n de Tierras del Banco Mundial para Am\u00e9rica Latina, junto con especialistas de la Corporaci\u00f3n Financiera Internacional y del Organismo Multilateral de Garant\u00eda de Inversiones del Grupo Banco Mundial, as\u00ed como&nbsp;<strong>Isabel Brain<\/strong>, jefa del Departamento de Planificaci\u00f3n del Gobierno Regional de Santiago, Chile.<\/p>\n\n\n\n<p>El evento cont\u00f3 con un panel donde particip\u00f3 participaci\u00f3n de&nbsp;<strong>Ernesto Mej\u00eda<\/strong>, viceministro de Pol\u00edtica y Planificaci\u00f3n de Vivienda del Mived;&nbsp;<strong>Christian Molina<\/strong>, presidente de Asofidom;&nbsp;<strong>Rosanna Ruiz<\/strong>, presidenta de la Asociaci\u00f3n de Bancos M\u00faltiples (ABA), y&nbsp;<strong>Andr\u00e9 Herzog<\/strong>, especialista senior en Desarrollo Urbano y gerente de Proyectos de Viviendas del Banco Mundial.<\/p>\n\n\n\n<p>Este seminario viene a ser un&nbsp;<strong>espacio estrat\u00e9gico<\/strong>&nbsp;para reafirmar el compromiso del&nbsp;<strong>Grupo Banco Mundial con la Rep\u00fablica Dominicana<\/strong>&nbsp;en construir un entorno que fomente el&nbsp;<strong>acceso a la vivienda para todos los hogares<\/strong>, con la participaci\u00f3n del&nbsp;<strong>sector privado<\/strong>, generando el entorno propicio para asegurar&nbsp;<strong>inversiones de largo plazo<\/strong>&nbsp;y fomentar un&nbsp;<strong>crecimiento econ\u00f3mico sostenible con empleos de calidad.<\/strong><\/p>\n","protected":false},"excerpt":{"rendered":"<p>Santo Domingo.\u2013&nbsp;El Ministerio de Vivienda y Edificaciones&nbsp;(Mived) y el&nbsp;Banco Mundial,&nbsp;con el apoyo financiero del&nbsp;Fondo para Financiaci\u00f3n de Acciones Clim\u00e1ticas en las Ciudades, celebraron el&nbsp;\u201cSeminario regional sobre Pol\u00edticas de Vivienda y&hellip; <\/p>\n","protected":false},"author":2,"featured_media":74129,"comment_status":"closed","ping_status":"closed","sticky":false,"template":"","format":"standard","meta":{"fifu_image_url":"https:\/\/presidencia.gob.do\/sites\/default\/files\/styles\/large\/public\/news\/2025-11\/PHOTO-2025-11-11-11-54-54.jpg?itok=jySaZ61C","fifu_image_alt":"","footnotes":""},"categories":[91],"tags":[],"class_list":["post-74127","post","type-post","status-publish","format-standard","has-post-thumbnail","hentry","category-bienes-raices"],"_links":{"self":[{"href":"https:\/\/elmundodelosnegocios.com.do\/v1\/wp-json\/wp\/v2\/posts\/74127","targetHints":{"allow":["GET"]}}],"collection":[{"href":"https:\/\/elmundodelosnegocios.com.do\/v1\/wp-json\/wp\/v2\/posts"}],"about":[{"href":"https:\/\/elmundodelosnegocios.com.do\/v1\/wp-json\/wp\/v2\/types\/post"}],"author":[{"embeddable":true,"href":"https:\/\/elmundodelosnegocios.com.do\/v1\/wp-json\/wp\/v2\/users\/2"}],"replies":[{"embeddable":true,"href":"https:\/\/elmundodelosnegocios.com.do\/v1\/wp-json\/wp\/v2\/comments?post=74127"}],"version-history":[{"count":0,"href":"https:\/\/elmundodelosnegocios.com.do\/v1\/wp-json\/wp\/v2\/posts\/74127\/revisions"}],"wp:featuredmedia":[{"embeddable":true,"href":"https:\/\/elmundodelosnegocios.com.do\/v1\/wp-json\/"}],"wp:attachment":[{"href":"https:\/\/elmundodelosnegocios.com.do\/v1\/wp-json\/wp\/v2\/media?parent=74127"}],"wp:term":[{"taxonomy":"category","embeddable":true,"href":"https:\/\/elmundodelosnegocios.com.do\/v1\/wp-json\/wp\/v2\/categories?post=74127"},{"taxonomy":"post_tag","embeddable":true,"href":"https:\/\/elmundodelosnegocios.com.do\/v1\/wp-json\/wp\/v2\/tags?post=74127"}],"curies":[{"name":"wp","href":"https:\/\/api.w.org\/{rel}","templated":true}]}}