{"id":74272,"date":"2025-11-18T07:36:19","date_gmt":"2025-11-18T12:06:19","guid":{"rendered":"https:\/\/elmundodelosnegocios.com.do\/v1\/?p=74272"},"modified":"2026-01-05T12:57:14","modified_gmt":"2026-01-05T17:27:14","slug":"unen-aduanas-y-ministerio-publico-esfuerzos-persecucion-y-sancion-contrabando-divisas","status":"publish","type":"post","link":"https:\/\/elmundodelosnegocios.com.do\/v1\/unen-aduanas-y-ministerio-publico-esfuerzos-persecucion-y-sancion-contrabando-divisas\/","title":{"rendered":"Unen\u00a0Aduanas y Ministerio P\u00fablico esfuerzos persecuci\u00f3n y sanci\u00f3n contrabando divisas"},"content":{"rendered":"\n<p><strong>Santo Domingo, R.D. &#8211; &nbsp;<\/strong>El director general de Aduanas, EduardoSanz Lovat\u00f3n, y el procurador adjunto, Wilson Camacho, coordinan esfuerzos para la persecuci\u00f3n y sanci\u00f3n efectiva en los casos de contrabando de divisas y otros delitos vinculados al fuero aduanero.<\/p>\n\n\n\n<figure class=\"wp-block-image size-large\"><img decoding=\"async\" src=\"https:\/\/elmundodelosnegocios.com.do\/v1\/wp-content\/uploads\/2025\/11\/Oscar-D-Oleo-Seiffe-Wilson-Camacho-y-Yayo-Sanz-Lovaton-1024x686.jpg\" alt=\"\" class=\"wp-image-74273\"\/><\/figure>\n\n\n\n<p>Los titulares de ambas entidades encabezaron el acto de inicio del taller te\u00f3rico-pr\u00e1ctico: \u201cRedacci\u00f3n de actas procesales en casos de contrabando de divisas\u201d, para fortalecer las competencias de los administradores de aduanas, oficiales y las diferentes \u00e1reas vinculadas a esos procedimientos aduaneros.<\/p>\n\n\n\n<p>Sanz Lovat\u00f3n destac\u00f3 que en los \u00faltimos cinco a\u00f1os la Rep\u00fablica Dominicana ha tenido importantes reformas jur\u00eddicas en materia aduanera como la Ley General de Aduanas 168-21 y sus reglamentos de aplicaci\u00f3n promulgados en el 2022, 2023 y 2024, junto a la Ley 30-24 sobre Centros Log\u00edsticos.<\/p>\n\n\n\n<p>Explic\u00f3, adem\u00e1s, que esas reformas han sido acompa\u00f1adas con la introducci\u00f3n de tecnolog\u00eda de rayos x en puertos y aeropuertos del pa\u00eds, que fortalecen la lucha contra el contrabando, la cual debe estar siempre vigilada por la parte jur\u00eddica, para lograr persecuciones y condenas efectivas.<\/p>\n\n\n\n<p>\u201cCon esta introducci\u00f3n de la tecnolog\u00eda y con el trabajo que hacen las instituciones paraduanales, los hallazgos en todos estos il\u00edcitos se han disparado incre\u00edblemente, los \u00edndices y estad\u00edsticas nos han tra\u00eddo reconocimiento de todas partes del mundo, al final esto es la continuidad del trabajo que hemos iniciado aqu\u00ed y que tenemos que seguir luchando, porque la lucha contra los il\u00edcitos nunca termina\u201d, indic\u00f3 el director de Aduanas.<\/p>\n\n\n\n<p>En tanto, que el procurador adjunto, Wilson Camacho, detall\u00f3 que esta coordinaci\u00f3n entre el Ministerio P\u00fablico y la DGA, lograr\u00e1 una mejor articulaci\u00f3n entre el trabajo que desempe\u00f1a cada entidad seg\u00fan sus responsabilidades.&nbsp;<\/p>\n\n\n\n<p>Camacho consider\u00f3, que cuando suceden delitos lo ideal es que las personas que cometen infracciones terminen en los tribunales respondiendo por sus actuaciones.<\/p>\n\n\n\n<p>\u201cEl llenado de esas actas es el insumo con el que nosotros solicitamos una medida de coerci\u00f3n y luego es parte del insumo con el que nosotros realizamos una acusaci\u00f3n y es parte del insumo con el que nosotros luego vamos a los tribunales a procurar\u201d, a\u00f1adi\u00f3.<\/p>\n\n\n\n<p>La capacitaci\u00f3n fue coordinada por la Unidad de Prevenci\u00f3n y Persecuci\u00f3n del Contrabando Il\u00edcito de Bienes y la Consultor\u00eda Jur\u00eddica de la DGA.<\/p>\n","protected":false},"excerpt":{"rendered":"<p>Santo Domingo, R.D. &#8211; &nbsp;El director general de Aduanas, EduardoSanz Lovat\u00f3n, y el procurador adjunto, Wilson Camacho, coordinan esfuerzos para la persecuci\u00f3n y sanci\u00f3n efectiva en los casos de contrabando&hellip; <\/p>\n","protected":false},"author":2,"featured_media":75272,"comment_status":"closed","ping_status":"closed","sticky":false,"template":"","format":"standard","meta":{"fifu_image_url":"https:\/\/elmundodelosnegocios.com.do\/v1\/wp-content\/uploads\/2025\/11\/Oscar-D-Oleo-Seiffe-Wilson-Camacho-y-Yayo-Sanz-Lovaton.jpg","fifu_image_alt":"","footnotes":""},"categories":[181],"tags":[],"class_list":["post-74272","post","type-post","status-publish","format-standard","has-post-thumbnail","hentry","category-carga-logistica"],"_links":{"self":[{"href":"https:\/\/elmundodelosnegocios.com.do\/v1\/wp-json\/wp\/v2\/posts\/74272","targetHints":{"allow":["GET"]}}],"collection":[{"href":"https:\/\/elmundodelosnegocios.com.do\/v1\/wp-json\/wp\/v2\/posts"}],"about":[{"href":"https:\/\/elmundodelosnegocios.com.do\/v1\/wp-json\/wp\/v2\/types\/post"}],"author":[{"embeddable":true,"href":"https:\/\/elmundodelosnegocios.com.do\/v1\/wp-json\/wp\/v2\/users\/2"}],"replies":[{"embeddable":true,"href":"https:\/\/elmundodelosnegocios.com.do\/v1\/wp-json\/wp\/v2\/comments?post=74272"}],"version-history":[{"count":1,"href":"https:\/\/elmundodelosnegocios.com.do\/v1\/wp-json\/wp\/v2\/posts\/74272\/revisions"}],"predecessor-version":[{"id":75271,"href":"https:\/\/elmundodelosnegocios.com.do\/v1\/wp-json\/wp\/v2\/posts\/74272\/revisions\/75271"}],"wp:featuredmedia":[{"embeddable":true,"href":"https:\/\/elmundodelosnegocios.com.do\/v1\/wp-json\/wp\/v2\/media\/75272"}],"wp:attachment":[{"href":"https:\/\/elmundodelosnegocios.com.do\/v1\/wp-json\/wp\/v2\/media?parent=74272"}],"wp:term":[{"taxonomy":"category","embeddable":true,"href":"https:\/\/elmundodelosnegocios.com.do\/v1\/wp-json\/wp\/v2\/categories?post=74272"},{"taxonomy":"post_tag","embeddable":true,"href":"https:\/\/elmundodelosnegocios.com.do\/v1\/wp-json\/wp\/v2\/tags?post=74272"}],"curies":[{"name":"wp","href":"https:\/\/api.w.org\/{rel}","templated":true}]}}