{"id":74276,"date":"2025-11-18T07:38:09","date_gmt":"2025-11-18T12:08:09","guid":{"rendered":"https:\/\/elmundodelosnegocios.com.do\/v1\/?p=74276"},"modified":"2025-11-18T07:38:09","modified_gmt":"2025-11-18T12:08:09","slug":"inician-semana-global-de-emprendimiento-con-amplia-agenda-formativa","status":"publish","type":"post","link":"https:\/\/elmundodelosnegocios.com.do\/v1\/inician-semana-global-de-emprendimiento-con-amplia-agenda-formativa\/","title":{"rendered":"Inician Semana Global de Emprendimiento con amplia agenda formativa\u00a0"},"content":{"rendered":"\n<p>Santo Domingo Este. -El Instituto Nacional de Formaci\u00f3n T\u00e9cnico Profesional (INFOTEP) dio inicio a la Semana Global de Emprendimiento, una jornada que se extender\u00e1 del 17 hasta el 22 noviembre y que re\u00fane decenas de actividades orientadas a fortalecer las capacidades de emprendedores y potenciar ideas de negocio en todo el pa\u00eds.<\/p>\n\n\n\n<figure class=\"wp-block-image size-large\"><img decoding=\"async\" src=\"https:\/\/elmundodelosnegocios.com.do\/v1\/wp-content\/uploads\/2025\/11\/INFOTEP-da-inicio-a-la-Semana-Global-de-Emprendimiento-con-una-amplia-agenda-formativa-en-todo-el-pais-1024x768.jpg\" alt=\"\" class=\"wp-image-74277\"\/><\/figure>\n\n\n\n<p>La iniciativa contempla paneles, charlas, conferencias, entrevistas, exposiciones y cursos virtuales, desarrollados simult\u00e1neamente en las diferentes direcciones regionales de la instituci\u00f3n, los cuales inician a las 9:00 am de cada d\u00eda.<\/p>\n\n\n\n<figure class=\"wp-block-image size-large\"><img decoding=\"async\" src=\"https:\/\/elmundodelosnegocios.com.do\/v1\/wp-content\/uploads\/2025\/11\/Exposicion-de-emprendimiento-INFOTEP-1024x768.jpg\" alt=\"\" class=\"wp-image-74278\"\/><\/figure>\n\n\n\n<p>El director general de INFOTEP, Rafael Santos Bad\u00eda, destac\u00f3 que esta agenda forma parte del compromiso institucional de promover el desarrollo econ\u00f3mico y social desde la formaci\u00f3n t\u00e9cnico profesional.<\/p>\n\n\n\n<p>\u201cEl emprendimiento es hoy una v\u00eda esencial para generar oportunidades, diversificar la econom\u00eda y fortalecer la movilidad social. Cada charla, panel y encuentro de esta semana est\u00e1 dise\u00f1ado para ofrecer herramientas reales, aplicables y orientadas al crecimiento de nuestros emprendedores. Apostar por su formaci\u00f3n es apostar por el futuro del pa\u00eds.\u201d, afirm\u00f3 Santos Bad\u00eda.<\/p>\n\n\n\n<p>De su lado, la directora de la Regional Oriental del INFOTEP, Iris Hurtado, afirm\u00f3 que esta Semana Global de Emprendimiento convierte a la regional en un espacio para aprender, conectar y fortalecer ideas que impulsan nuevos proyectos.<\/p>\n\n\n\n<p>\u201cUstedes, nuestros emprendedores, son los arquitectos del cambio. Cada idea que nace y cada colaboraci\u00f3n que surge es un ladrillo m\u00e1s en la obra de una Rep\u00fablica Dominicana m\u00e1s pr\u00f3spera, creativa y resiliente\u201d, destac\u00f3 Hurtado.<\/p>\n\n\n\n<p><strong>Programaci\u00f3n de actividades<\/strong><\/p>\n\n\n\n<p>La agenda abri\u00f3 en la Direcci\u00f3n Regional Oriental con un panel de emprendedores y la exposici\u00f3n de iniciativas desarrolladas desde los centros tecnol\u00f3gicos de INFOTEP. En el mismo d\u00eda, los emprendedores tuvieron acceso a espacios de intercambio presencial y virtual, enfocados en compartir experiencias reales de emprendimiento.<\/p>\n\n\n\n<p>La Semana Global de Emprendimiento reafirma la misi\u00f3n del INFOTEP de impulsar iniciativas innovadoras, acompa\u00f1ar a quienes deciden emprender y ofrecer capacitaci\u00f3n de alto impacto en las distintas regiones del territorio nacional.<\/p>\n\n\n\n<p>Para el d\u00eda 18 el Edificio Corporativo Institucional del INFOTEP aloja la conferencia \u201cEmprendimiento Social\u201d, mientras que la Regional Oriental mantiene una exposici\u00f3n continua de proyectos, junto a la charla \u201cRegistro de Nombre Comercial\u201d, impartida por ONAPI, y \u201cPotenciando mi Emprendimiento con IA\u201d, a cargo de especialistas de INFOTEP. Esa misma fecha, el Cibao Norte presenta un desfile virtual de emprendedoras del \u00e1rea de maquillaje.<\/p>\n\n\n\n<p>La Direcci\u00f3n Regional Metropolitana desarrolla una jornada robusta, que abarca entrevistas, sesiones sobre precios, punto de equilibrio, educaci\u00f3n financiera, inteligencia artificial aplicada a los negocios, marketing digital y cursos especializados, mientras que otras regiones contin\u00faan sumando actividades durante toda la semana.<\/p>\n\n\n\n<p>El 19 se destaca la conferencia \u201cLa tecnolog\u00eda y los negocios\u201d, dirigida por Piero G\u00f3mez Torali, acompa\u00f1ada de un panel integrado por Valerie D\u00edaz y Allen Col\u00f3n.<\/p>\n\n\n\n<p>Ese mismo d\u00eda, las regionales Metropolitana en el Distrito Nacional y Sur en Azua, despliegan actividades orientadas a registro de propiedad intelectual, neuromarketing, formalizaci\u00f3n empresarial, liderazgo emprendedor y desarrollo de planes de crecimiento.<\/p>\n\n\n\n<p>En Barahona se desarrolla el panel \u201cImpulsa tu Emprendimiento: Pilares clave para el crecimiento sostenible\u201d.<\/p>\n\n\n\n<p>Las acciones contin\u00faan el 20 de noviembre con testimonios de emprendedores, entrevistas, capacitaciones sobre ventas al Estado, experiencia del cliente, cultura tributaria y gesti\u00f3n financiera, todas desde la Direcci\u00f3n Regional Metropolitana.<\/p>\n\n\n\n<p>La clausura, el 21 de noviembre, se concentra en actividades presenciales y virtuales, incluyendo desfiles de emprendedoras de maquillaje, paneles, charlas sobre emprendimiento en la era digital, redes sociales, generaci\u00f3n de ideas rentables, as\u00ed como una feria y un festival de emprendimiento en Cibao Norte y el Nordeste.<\/p>\n","protected":false},"excerpt":{"rendered":"<p>Santo Domingo Este. -El Instituto Nacional de Formaci\u00f3n T\u00e9cnico Profesional (INFOTEP) dio inicio a la Semana Global de Emprendimiento, una jornada que se extender\u00e1 del 17 hasta el 22 noviembre&hellip; <\/p>\n","protected":false},"author":2,"featured_media":74280,"comment_status":"closed","ping_status":"closed","sticky":false,"template":"","format":"standard","meta":{"fifu_image_url":"https:\/\/elmundodelosnegocios.com.do\/v1\/wp-content\/uploads\/2025\/11\/INFOTEP-da-inicio-a-la-Semana-Global-de-Emprendimiento-con-una-amplia-agenda-formativa-en-todo-el-pais.jpg","fifu_image_alt":"","footnotes":""},"categories":[151],"tags":[],"class_list":["post-74276","post","type-post","status-publish","format-standard","has-post-thumbnail","hentry","category-gerencia"],"_links":{"self":[{"href":"https:\/\/elmundodelosnegocios.com.do\/v1\/wp-json\/wp\/v2\/posts\/74276","targetHints":{"allow":["GET"]}}],"collection":[{"href":"https:\/\/elmundodelosnegocios.com.do\/v1\/wp-json\/wp\/v2\/posts"}],"about":[{"href":"https:\/\/elmundodelosnegocios.com.do\/v1\/wp-json\/wp\/v2\/types\/post"}],"author":[{"embeddable":true,"href":"https:\/\/elmundodelosnegocios.com.do\/v1\/wp-json\/wp\/v2\/users\/2"}],"replies":[{"embeddable":true,"href":"https:\/\/elmundodelosnegocios.com.do\/v1\/wp-json\/wp\/v2\/comments?post=74276"}],"version-history":[{"count":0,"href":"https:\/\/elmundodelosnegocios.com.do\/v1\/wp-json\/wp\/v2\/posts\/74276\/revisions"}],"wp:featuredmedia":[{"embeddable":true,"href":"https:\/\/elmundodelosnegocios.com.do\/v1\/wp-json\/"}],"wp:attachment":[{"href":"https:\/\/elmundodelosnegocios.com.do\/v1\/wp-json\/wp\/v2\/media?parent=74276"}],"wp:term":[{"taxonomy":"category","embeddable":true,"href":"https:\/\/elmundodelosnegocios.com.do\/v1\/wp-json\/wp\/v2\/categories?post=74276"},{"taxonomy":"post_tag","embeddable":true,"href":"https:\/\/elmundodelosnegocios.com.do\/v1\/wp-json\/wp\/v2\/tags?post=74276"}],"curies":[{"name":"wp","href":"https:\/\/api.w.org\/{rel}","templated":true}]}}