{"id":74281,"date":"2025-11-18T07:40:32","date_gmt":"2025-11-18T12:10:32","guid":{"rendered":"https:\/\/elmundodelosnegocios.com.do\/v1\/?p=74281"},"modified":"2025-11-18T07:40:32","modified_gmt":"2025-11-18T12:10:32","slug":"reafirma-sicpa-compromiso-con-cuidado-medioambiente-con-jornada-siembra-arboles","status":"publish","type":"post","link":"https:\/\/elmundodelosnegocios.com.do\/v1\/reafirma-sicpa-compromiso-con-cuidado-medioambiente-con-jornada-siembra-arboles\/","title":{"rendered":"Reafirma SICPA compromiso con cuidado medioambiente con jornada siembra \u00e1rboles\u00a0"},"content":{"rendered":"\n<p><strong><em>Santiago de los Caballeros,&nbsp;noviembre de 2025.-<\/em><\/strong>&nbsp;En un esfuerzo colectivo por la recuperaci\u00f3n de \u00e1reas verdes&nbsp;y el fomento de&nbsp;acciones sostenibles a favor de la protecci\u00f3n del medioambiente y el manejo responsable de los&nbsp;residuos s\u00f3lidos, la&nbsp;multinacional suiza SICPA en conjunto con la empresa Cilpen, llev\u00f3 a cabo una significativa jornada de reforestaci\u00f3n en la provincia de Santiago.<\/p>\n\n\n\n<figure class=\"wp-block-image size-large\"><img decoding=\"async\" src=\"https:\/\/elmundodelosnegocios.com.do\/v1\/wp-content\/uploads\/2025\/11\/Image-17-11-25-at-12.38-PM-edited.jpg\" alt=\"\" class=\"wp-image-74283\"\/><\/figure>\n\n\n\n<p>Por segundo a\u00f1o consecutivo, SICPA realiza esta jornada de siembra de \u00e1rboles, en esta ocasi\u00f3n, junto a estudiantes del Centro Educativo Profesora Gabina De Le\u00f3n del distrito municipal Santiago Oeste del municipio cabacera Santiago de Los Caballeros, con el firme compromiso con la protecci\u00f3n del medio ambiente y el impulso de acciones sostenibles que beneficien a las generaciones presentes y futuras.<\/p>\n\n\n\n<p>Con esta labor de car\u00e1cter socio-ambiental, SICPA refuerza su&nbsp;compromiso con la mitigaci\u00f3n del cambio clim\u00e1tico y la conservaci\u00f3n de los recursos naturales, demostrando el valor del trabajo en equipo y la educaci\u00f3n ambiental en la juventud, impactando de forma positiva a la comunidad y contribuyendo as\u00ed con&nbsp;los Objetivos de Desarrollo Sostenible&nbsp;(ODS) y la Agenda 2030.<\/p>\n\n\n\n<p>Con este tipo de iniciativas, SICPA&nbsp;reafirma su visi\u00f3n de ser una empresa que no solo vela por&nbsp;proveer soluciones de seguridad&nbsp;y sistemas de autenticaci\u00f3n y trazabilidad<strong>,&nbsp;<\/strong>sino que tambi\u00e9n asume un rol activo de&nbsp;fomentar una cultura de responsabilidad y acci\u00f3n frente al cambio clim\u00e1tico, manifest\u00f3 el gerente general de SICPA Dominicana, Amaury Abreu.<\/p>\n\n\n\n<p>Personal de Ciplen orient\u00f3 a m\u00e1s de 70 estudiantes y voluntarios de SICPA, quienes con gran entusiasmo y determinaci\u00f3n, se unieron a las labores de siembra y las charlas sobre clasificaci\u00f3n y aprovechamiento de residuos junto a la empresa Katae. Dentro de las especies sembradas se encuentran Mara, Uva de Playa, Juan Primero e Hig\u00fcerito, que ayudan a fomentar la biodiversidad y el equilibrio ecol\u00f3gico de las zonas monta\u00f1osas del pa\u00eds.<\/p>\n","protected":false},"excerpt":{"rendered":"<p>Santiago de los Caballeros,&nbsp;noviembre de 2025.-&nbsp;En un esfuerzo colectivo por la recuperaci\u00f3n de \u00e1reas verdes&nbsp;y el fomento de&nbsp;acciones sostenibles a favor de la protecci\u00f3n del medioambiente y el manejo responsable&hellip; <\/p>\n","protected":false},"author":2,"featured_media":74285,"comment_status":"closed","ping_status":"closed","sticky":false,"template":"","format":"standard","meta":{"fifu_image_url":"https:\/\/elmundodelosnegocios.com.do\/v1\/wp-content\/uploads\/2025\/11\/Image-17-11-25-at-12.38-PM-edited.jpg","fifu_image_alt":"","footnotes":""},"categories":[78],"tags":[],"class_list":["post-74281","post","type-post","status-publish","format-standard","has-post-thumbnail","hentry","category-con-responsabilidad"],"_links":{"self":[{"href":"https:\/\/elmundodelosnegocios.com.do\/v1\/wp-json\/wp\/v2\/posts\/74281","targetHints":{"allow":["GET"]}}],"collection":[{"href":"https:\/\/elmundodelosnegocios.com.do\/v1\/wp-json\/wp\/v2\/posts"}],"about":[{"href":"https:\/\/elmundodelosnegocios.com.do\/v1\/wp-json\/wp\/v2\/types\/post"}],"author":[{"embeddable":true,"href":"https:\/\/elmundodelosnegocios.com.do\/v1\/wp-json\/wp\/v2\/users\/2"}],"replies":[{"embeddable":true,"href":"https:\/\/elmundodelosnegocios.com.do\/v1\/wp-json\/wp\/v2\/comments?post=74281"}],"version-history":[{"count":0,"href":"https:\/\/elmundodelosnegocios.com.do\/v1\/wp-json\/wp\/v2\/posts\/74281\/revisions"}],"wp:featuredmedia":[{"embeddable":true,"href":"https:\/\/elmundodelosnegocios.com.do\/v1\/wp-json\/"}],"wp:attachment":[{"href":"https:\/\/elmundodelosnegocios.com.do\/v1\/wp-json\/wp\/v2\/media?parent=74281"}],"wp:term":[{"taxonomy":"category","embeddable":true,"href":"https:\/\/elmundodelosnegocios.com.do\/v1\/wp-json\/wp\/v2\/categories?post=74281"},{"taxonomy":"post_tag","embeddable":true,"href":"https:\/\/elmundodelosnegocios.com.do\/v1\/wp-json\/wp\/v2\/tags?post=74281"}],"curies":[{"name":"wp","href":"https:\/\/api.w.org\/{rel}","templated":true}]}}