{"id":74308,"date":"2025-11-18T08:17:42","date_gmt":"2025-11-18T12:47:42","guid":{"rendered":"https:\/\/elmundodelosnegocios.com.do\/v1\/?p=74308"},"modified":"2025-11-18T08:17:42","modified_gmt":"2025-11-18T12:47:42","slug":"destacan-grullon-y-paniagua-entre-lideres-mejor-valorados-merco-2025","status":"publish","type":"post","link":"https:\/\/elmundodelosnegocios.com.do\/v1\/destacan-grullon-y-paniagua-entre-lideres-mejor-valorados-merco-2025\/","title":{"rendered":"Destacan Grull\u00f3n y Paniagua entre l\u00edderes mejor valorados Merco 2025"},"content":{"rendered":"\n<p>Santo Domingo, D.N. \u2013 El presidente del Consejo de Administraci\u00f3n de Grupo Popular,&nbsp;se\u00f1or Manuel A. Grull\u00f3n, y el presidente ejecutivo del Banco Popular Dominicano, se\u00f1or Christopher Paniagua, fueron reconocidos entre los cinco primeros lugares del ranking general del Monitor Empresarial de Reputaci\u00f3n Corporativa Merco 2025, ocupando respectivamente el segundo y el quinto lugar y, en ambos casos, avanzando varias posiciones con respecto a los resultados de 2024.<\/p>\n\n\n\n<figure class=\"wp-block-image size-large\"><img decoding=\"async\" src=\"https:\/\/elmundodelosnegocios.com.do\/v1\/wp-content\/uploads\/2025\/11\/IMG_003-Rosaily-Rodriguez-Luis-E.-Espinola-y-Luis-Alvarez-Soto-1024x683.jpg\" alt=\"\" class=\"wp-image-74309\"\/><\/figure>\n\n\n\n<p>Adem\u00e1s, los se\u00f1ores Grull\u00f3n y Paniagua se posicionaron en primera y segunda posici\u00f3n como los l\u00edderes bancarios de la Rep\u00fablica Dominicana con mejor reputaci\u00f3n dentro del ranking sectorial de Merco L\u00edderes 2025.<\/p>\n\n\n\n<p>El se\u00f1or Luis Esp\u00ednola, vicepresidente ejecutivo senior de Negocios Nacionales e Internacionales, recibi\u00f3 los galardones en representaci\u00f3n de los ejecutivos distinguidos.<\/p>\n\n\n\n<p>Estos reconocimientos ratifican el modelo de liderazgo que ambos profesionales ejercen en el sistema financiero nacional, caracterizado por la visi\u00f3n estrat\u00e9gica, la \u00e9tica empresarial y el compromiso con la sostenibilidad y el desarrollo del pa\u00eds.<\/p>\n\n\n\n<p><strong>Presencia destacada entre los cinco l\u00edderes del pa\u00eds<\/strong><\/p>\n\n\n\n<p>Con respecto a 2024, el se\u00f1or Manuel A. Grull\u00f3n subi\u00f3 tres posiciones hasta alcanzar el segundo lugar del ranking nacional, mientras que el se\u00f1or Christopher Paniagua avanz\u00f3 dos posiciones desde la medici\u00f3n anterior, hasta el quinto puesto actual.<\/p>\n\n\n\n<p>De manera particular, el se\u00f1or Paniagua fue tambi\u00e9n reconocido como el l\u00edder empresarial n\u00famero uno en el \u00e1mbito digital, seg\u00fan el \u00edndice Merco Digital, que eval\u00faa la visibilidad, el impacto y la coherencia de la presencia de los ejecutivos en los entornos digitales.<\/p>\n\n\n\n<figure class=\"wp-block-image size-large\"><img decoding=\"async\" src=\"https:\/\/elmundodelosnegocios.com.do\/v1\/wp-content\/uploads\/2025\/11\/IMG_004-Rosaily-Rodriguez-Luis-E.-Espinola-y-Luis-Alvarez-Soto-1024x683.jpg\" alt=\"\" class=\"wp-image-74310\"\/><\/figure>\n\n\n\n<p><strong>Cinco ejecutivos del Popular entre los l\u00edderes m\u00e1s reputados del sector financiero<\/strong><\/p>\n\n\n\n<p>Dentro del ranking sectorial de Merco L\u00edderes 2025, se incluyen tambi\u00e9n a otros tres altos ejecutivos del Banco Popular y del Grupo Popular: el se\u00f1or Ren\u00e9 Grull\u00f3n, presidente ejecutivo de Grupo Popular, con la s\u00e9ptima posici\u00f3n; el se\u00f1or Eugene Rault Grull\u00f3n, vicepresidente ejecutivo de Servicios Digitales Popular, con la octava posici\u00f3n; y el se\u00f1or Jos\u00e9 M\u00e1rmol, vicepresidente ejecutivo de Comunicaciones Corporativas, Reputaci\u00f3n y Banca Responsable, con la und\u00e9cima posici\u00f3n.<\/p>\n\n\n\n<p>Esta representaci\u00f3n m\u00faltiple en los primeros lugares del ranking sectorial refleja un liderazgo institucional coherente y profundamente valorado por los distintos grupos de inter\u00e9s.<\/p>\n\n\n\n<p>Adem\u00e1s, hace unas semanas, el Banco Popular Dominicano fue reconocido en el ranking de Merco Empresas como la empresa con mejor reputaci\u00f3n de la Rep\u00fablica Dominicana por tercer a\u00f1o consecutivo. Tambi\u00e9n fue distinguido con la mejor reputaci\u00f3n del sector bancario y mantuvo el liderazgo en el ranking ESG (ambiental, social y de gobernanza).<\/p>\n\n\n\n<p><strong>Sobre Merco<\/strong><\/p>\n\n\n\n<p>El Monitor Empresarial de Reputaci\u00f3n Corporativa (Merco) es el principal monitor reputacional de Iberoam\u00e9rica. Su metodolog\u00eda multidimensional y multistakeholder incluye encuestas a directivos, periodistas econ\u00f3micos, analistas financieros, catedr\u00e1ticos del \u00e1rea de negocios y expertos en comunicaci\u00f3n, y es auditada de forma independiente por la firma internacional KPMG, lo que garantiza su transparencia y objetividad.<\/p>\n","protected":false},"excerpt":{"rendered":"<p>Santo Domingo, D.N. \u2013 El presidente del Consejo de Administraci\u00f3n de Grupo Popular,&nbsp;se\u00f1or Manuel A. Grull\u00f3n, y el presidente ejecutivo del Banco Popular Dominicano, se\u00f1or Christopher Paniagua, fueron reconocidos entre&hellip; <\/p>\n","protected":false},"author":2,"featured_media":74312,"comment_status":"closed","ping_status":"closed","sticky":false,"template":"","format":"standard","meta":{"fifu_image_url":"https:\/\/elmundodelosnegocios.com.do\/v1\/wp-content\/uploads\/2025\/11\/IMG_003-Rosaily-Rodriguez-Luis-E.-Espinola-y-Luis-Alvarez-Soto.jpg","fifu_image_alt":"","footnotes":""},"categories":[157],"tags":[],"class_list":["post-74308","post","type-post","status-publish","format-standard","has-post-thumbnail","hentry","category-marketing"],"_links":{"self":[{"href":"https:\/\/elmundodelosnegocios.com.do\/v1\/wp-json\/wp\/v2\/posts\/74308","targetHints":{"allow":["GET"]}}],"collection":[{"href":"https:\/\/elmundodelosnegocios.com.do\/v1\/wp-json\/wp\/v2\/posts"}],"about":[{"href":"https:\/\/elmundodelosnegocios.com.do\/v1\/wp-json\/wp\/v2\/types\/post"}],"author":[{"embeddable":true,"href":"https:\/\/elmundodelosnegocios.com.do\/v1\/wp-json\/wp\/v2\/users\/2"}],"replies":[{"embeddable":true,"href":"https:\/\/elmundodelosnegocios.com.do\/v1\/wp-json\/wp\/v2\/comments?post=74308"}],"version-history":[{"count":0,"href":"https:\/\/elmundodelosnegocios.com.do\/v1\/wp-json\/wp\/v2\/posts\/74308\/revisions"}],"wp:featuredmedia":[{"embeddable":true,"href":"https:\/\/elmundodelosnegocios.com.do\/v1\/wp-json\/"}],"wp:attachment":[{"href":"https:\/\/elmundodelosnegocios.com.do\/v1\/wp-json\/wp\/v2\/media?parent=74308"}],"wp:term":[{"taxonomy":"category","embeddable":true,"href":"https:\/\/elmundodelosnegocios.com.do\/v1\/wp-json\/wp\/v2\/categories?post=74308"},{"taxonomy":"post_tag","embeddable":true,"href":"https:\/\/elmundodelosnegocios.com.do\/v1\/wp-json\/wp\/v2\/tags?post=74308"}],"curies":[{"name":"wp","href":"https:\/\/api.w.org\/{rel}","templated":true}]}}