{"id":74325,"date":"2025-11-18T08:26:06","date_gmt":"2025-11-18T12:56:06","guid":{"rendered":"https:\/\/elmundodelosnegocios.com.do\/v1\/?p=74325"},"modified":"2025-11-18T08:26:06","modified_gmt":"2025-11-18T12:56:06","slug":"promueve-ecored-vision-empresarial-basada-en-economia-del-cuidado-y-regeneracion","status":"publish","type":"post","link":"https:\/\/elmundodelosnegocios.com.do\/v1\/promueve-ecored-vision-empresarial-basada-en-economia-del-cuidado-y-regeneracion\/","title":{"rendered":"Promueve Ecored visi\u00f3n empresarial basada en econom\u00eda del cuidado y regeneraci\u00f3n"},"content":{"rendered":"\n<p><strong>Santo Domingo, R.D.-<\/strong>&nbsp;La Red Nacional de Apoyo Empresarial a la Protecci\u00f3n Ambiental (Ecored) realiz\u00f3 el desayuno-conferencia \u201cResponsabilidad ambiental y el rol del sector empresarial ante el nuevo C\u00f3digo Penal\u201d, dictada por la magistrada Rosalba Ramos, fiscal del Distrito Nacional, en el que se analizaron los alcances de la nueva normativa penal en materia ambiental y que promueve una mejor comprensi\u00f3n de las obligaciones y responsabilidades que de ella se derivan.<\/p>\n\n\n\n<figure class=\"wp-block-image size-large\"><img decoding=\"async\" src=\"https:\/\/elmundodelosnegocios.com.do\/v1\/wp-content\/uploads\/2025\/11\/Foto-1-Wenceslao-Soto-Kathia-Mejia-Rosalba-Ramos-Christy-Luciano-y-Cesar-Dargam-1024x768.jpg\" alt=\"\" class=\"wp-image-74326\"\/><\/figure>\n\n\n\n<p>Christy Luciano, presidenta interina del consejo directivo de Ecored, destac\u00f3 que el desarrollo empresarial y la protecci\u00f3n del medio ambiente no son caminos opuestos, sino rutas complementarias que deben avanzar juntas para aspirar a un futuro verdaderamente sostenible.<\/p>\n\n\n\n<p>Se\u00f1al\u00f3 que la pr\u00f3xima entrada en vigor del nuevo C\u00f3digo Penal, con sus disposiciones sobre delitos ambientales, marca un hito en la evoluci\u00f3n del marco legal dominicano. \u201cEste avance reafirma que la protecci\u00f3n ambiental es tambi\u00e9n una obligaci\u00f3n legal, y que la actuaci\u00f3n empresarial responsable debe regirse por los m\u00e1s altos est\u00e1ndares de cumplimiento y \u00e9tica\u201d, precis\u00f3 Luciano.<\/p>\n\n\n\n<p>Al intervenir en el encuentro, en el Hotel El Embajador, Luciano enfatiz\u00f3 que \u201cm\u00e1s all\u00e1 del cumplimiento, este cambio representa una oportunidad para fortalecer la gesti\u00f3n de riesgos ambientales, mejorar la gobernanza corporativa y proteger la reputaci\u00f3n de nuestras organizaciones\u201d.<\/p>\n\n\n\n<figure class=\"wp-block-image size-large\"><img decoding=\"async\" src=\"https:\/\/elmundodelosnegocios.com.do\/v1\/wp-content\/uploads\/2025\/11\/Foto-3-Rosalba-Ramos-y-Cesar-Dargam-junto-a-directivos-de-Ecored-1024x768.jpg\" alt=\"\" class=\"wp-image-74327\"\/><\/figure>\n\n\n\n<p>Luciano manifest\u00f3 que la sostenibilidad es un componente clave del valor empresarial, y que su importancia radica en que \u201choy, m\u00e1s que nunca, protege la confianza de los consumidores, inversionistas y comunidades\u201d.<\/p>\n\n\n\n<p>La presidenta de Ecored impuls\u00f3 la reflexi\u00f3n m\u00e1s all\u00e1 del cumplimiento estricto de la ley: La instituci\u00f3n promueve una visi\u00f3n empresarial basada en la \u201ceconom\u00eda del cuidado y la regeneraci\u00f3n\u201d.<\/p>\n\n\n\n<p>Dicha econom\u00eda no solo debe evitar da\u00f1ar el entorno, sino que est\u00e1 llamada a \u201crestaurar, proteger y devolver valor al entorno\u201d del que todos dependen.<\/p>\n\n\n\n<p>El \u00e9xito de los negocios debe medirse en el \u201cbienestar que generamos para las personas, las comunidades y los ecosistemas\u201d.<\/p>\n\n\n\n<p>El desayuno-conferencia, que tuvo como expositora invitada a la fiscal del Distrito Nacional, Rosalba Ramos, cont\u00f3 con la asistencia de Laura Pe\u00f1a Izquierdo, presidenta de la Confederaci\u00f3n Patronal de la Rep\u00fablica Dominicana (Copardom); C\u00e9sar Dargam, vicepresidente ejecutivo de Consejo Nacional de la Empresa Privada (Conep); y Mario Pujols, vicepresidente ejecutivo de la Asociaci\u00f3n de Industrias de la Rep\u00fablica Dominicana (AIRD).<\/p>\n\n\n\n<p>Participaron, adem\u00e1s, Aguie Lendor, vicepresidenta ejecutiva de Asociaci\u00f3n de Hoteles y Turismo de la Rep\u00fablica Dominicana (Asonahores); Patricia Abreu, directora ejecutiva de Fondo Agua Santo Domingo y Martin Valerio, director ejecutivo de C\u00e1mara Minera y Petrolera de la Rep\u00fablica Dominicana (Camipe).<\/p>\n\n\n\n<p>Asimismo, estuvieron presentes tambi\u00e9n Carlos Batista, viceministro de \u00c1reas Protegidas. Ministerio de Medio Ambiente y Recursos Naturales; Priamo Ram\u00edrez, director ejecutivo fideicomiso DO Sostenible; Francisco Dom\u00ednguez Brito, pasado ministro de Medioambiente y Recursos Naturales y pasado procurador general de la Rep\u00fablica, y el general Valerio Garc\u00eda, ex director ejecutivo Servicio Nacional de Protecci\u00f3n Ambiental (Senpa).<\/p>\n\n\n\n<p><strong>Fiscal del DN: responsabilidad ambiental empresarial pas\u00f3 del terreno administrativo al penal<\/strong><\/p>\n\n\n\n<p>Durante su conferencia sobre \u201cResponsabilidad ambiental y rol del sector empresarial ante la Ley 74-25 del C\u00f3digo Penal Dominicano\u201d, la fiscal del Distrito Nacional, Rosalba Ramos, advirti\u00f3 que las empresas que da\u00f1en el medio ambiente ya no solo se exponen a sanciones administrativas, sino a procesos penales directos, con multas millonarias, suspensi\u00f3n de operaciones e incluso clausura definitiva.<\/p>\n\n\n\n<p>La magistrada record\u00f3 que la Ley 74-25 moderniz\u00f3 el C\u00f3digo Penal y reforz\u00f3 el r\u00e9gimen de persecuci\u00f3n de las conductas que deterioran los ecosistemas, los recursos naturales y la salud de las personas.<\/p>\n\n\n\n<p>Ramos explic\u00f3 que este nuevo marco coexiste con la Ley 64-00 de Medio Ambiente y Recursos Naturales, que fija el principio de que \u201cquien contamina paga\u201d, y tipifica como delitos el vertido de sustancias t\u00f3xicas, la contaminaci\u00f3n de agua, aire y suelos, la tala ilegal, el da\u00f1o a \u00e1reas protegidas y el fraude en licencias y permisos ambientales.<\/p>\n\n\n\n<p>Detall\u00f3 que los art\u00edculos 174, 175 y 176 establecen responsabilidades tanto para personas f\u00edsicas como para personas jur\u00eddicas, con multas de hasta 20 mil salarios m\u00ednimos y sanciones penales para directivos que decidan o toleren pr\u00e1cticas contaminantes.<\/p>\n\n\n\n<p>La fiscal subray\u00f3 que, en este contexto, el empresariado estaba obligado a abandonar la visi\u00f3n de que el medio ambiente era un problema exclusivo del Estado. Insisti\u00f3 en que la responsabilidad ambiental deb\u00eda convertirse en parte intr\u00ednseca de la misi\u00f3n corporativa: prevenci\u00f3n de riesgos, manejo adecuado de residuos, control de emisiones, uso responsable del agua y del suelo, as\u00ed como reparaci\u00f3n o indemnizaci\u00f3n frente a cualquier da\u00f1o causado.<\/p>\n\n\n\n<p>Advirti\u00f3 que la falta de diligencia, la omisi\u00f3n de controles o la obtenci\u00f3n irregular de permisos pod\u00edan ser interpretadas como culpa grave y arrastrar responsabilidad solidaria y subsidiaria entre empresas, contratistas y administradores.<\/p>\n\n\n\n<p>Como pieza clave de este giro, Ramos destac\u00f3 la figura del oficial de cumplimiento (Compliance Officer) y de los programas formales de cumplimiento penal ambiental. Se\u00f1al\u00f3 que las compa\u00f1\u00edas que implementaran mapeo de riesgos, c\u00f3digos de \u00e9tica, auditor\u00edas ambientales, canales de denuncia y trazabilidad de residuos no solo reduc\u00edan la probabilidad de sanciones, sino que tambi\u00e9n pod\u00edan atenuar su responsabilidad penal al demostrar diligencia debida.<\/p>\n\n\n\n<p>Concluy\u00f3 que la adaptaci\u00f3n a este nuevo r\u00e9gimen no era un lujo regulatorio, sino una condici\u00f3n de supervivencia competitiva en un mercado que cada vez premiaba m\u00e1s las pr\u00e1cticas alineadas con criterios ESG y la sostenibilidad real, no de papel.<\/p>\n","protected":false},"excerpt":{"rendered":"<p>Santo Domingo, R.D.-&nbsp;La Red Nacional de Apoyo Empresarial a la Protecci\u00f3n Ambiental (Ecored) realiz\u00f3 el desayuno-conferencia \u201cResponsabilidad ambiental y el rol del sector empresarial ante el nuevo C\u00f3digo Penal\u201d, dictada&hellip; <\/p>\n","protected":false},"author":2,"featured_media":74329,"comment_status":"closed","ping_status":"closed","sticky":false,"template":"","format":"standard","meta":{"fifu_image_url":"https:\/\/elmundodelosnegocios.com.do\/v1\/wp-content\/uploads\/2025\/11\/Foto-1-Wenceslao-Soto-Kathia-Mejia-Rosalba-Ramos-Christy-Luciano-y-Cesar-Dargam.jpg","fifu_image_alt":"","footnotes":""},"categories":[62],"tags":[],"class_list":["post-74325","post","type-post","status-publish","format-standard","has-post-thumbnail","hentry","category-economia"],"_links":{"self":[{"href":"https:\/\/elmundodelosnegocios.com.do\/v1\/wp-json\/wp\/v2\/posts\/74325","targetHints":{"allow":["GET"]}}],"collection":[{"href":"https:\/\/elmundodelosnegocios.com.do\/v1\/wp-json\/wp\/v2\/posts"}],"about":[{"href":"https:\/\/elmundodelosnegocios.com.do\/v1\/wp-json\/wp\/v2\/types\/post"}],"author":[{"embeddable":true,"href":"https:\/\/elmundodelosnegocios.com.do\/v1\/wp-json\/wp\/v2\/users\/2"}],"replies":[{"embeddable":true,"href":"https:\/\/elmundodelosnegocios.com.do\/v1\/wp-json\/wp\/v2\/comments?post=74325"}],"version-history":[{"count":0,"href":"https:\/\/elmundodelosnegocios.com.do\/v1\/wp-json\/wp\/v2\/posts\/74325\/revisions"}],"wp:featuredmedia":[{"embeddable":true,"href":"https:\/\/elmundodelosnegocios.com.do\/v1\/wp-json\/"}],"wp:attachment":[{"href":"https:\/\/elmundodelosnegocios.com.do\/v1\/wp-json\/wp\/v2\/media?parent=74325"}],"wp:term":[{"taxonomy":"category","embeddable":true,"href":"https:\/\/elmundodelosnegocios.com.do\/v1\/wp-json\/wp\/v2\/categories?post=74325"},{"taxonomy":"post_tag","embeddable":true,"href":"https:\/\/elmundodelosnegocios.com.do\/v1\/wp-json\/wp\/v2\/tags?post=74325"}],"curies":[{"name":"wp","href":"https:\/\/api.w.org\/{rel}","templated":true}]}}