{"id":74368,"date":"2025-11-20T09:53:35","date_gmt":"2025-11-20T14:23:35","guid":{"rendered":"https:\/\/elmundodelosnegocios.com.do\/v1\/?p=74368"},"modified":"2025-11-20T09:53:35","modified_gmt":"2025-11-20T14:23:35","slug":"brinda-grupo-bid-solidaridad-y-apoyo-planes-respuesta-y-recuperacion-huracan-melissa-en-visita-jamaica","status":"publish","type":"post","link":"https:\/\/elmundodelosnegocios.com.do\/v1\/brinda-grupo-bid-solidaridad-y-apoyo-planes-respuesta-y-recuperacion-huracan-melissa-en-visita-jamaica\/","title":{"rendered":"Brinda\u00a0Grupo BID solidaridad y apoyo planes respuesta y recuperaci\u00f3n hurac\u00e1n Melissa en visita Jamaica."},"content":{"rendered":"\n<p>MONTEGO BAY, Jamaica \u2014 Tras el paso del hurac\u00e1n Melissa, el presidente del Grupo Banco Interamericano de Desarrollo (Grupo BID), Ilan Goldfajn, se uni\u00f3 a jefes de Estado del Caribe en una visita a las zonas devastadas de Jamaica para brindar solidaridad y ofrecer apoyo en los esfuerzos urgentes de respuesta y recuperaci\u00f3n del pa\u00eds.&nbsp;<\/p>\n\n\n\n<figure class=\"wp-block-image size-large\"><img decoding=\"async\" src=\"https:\/\/s.rfi.fr\/media\/display\/d012917a-b357-11f0-b07a-005056a97e36\/w:1024\/p:16x9\/2b3dae93625de062f5ea9af8a11db0a4ca769431.jpg\" alt=\"\"\/><\/figure>\n\n\n\n<p>La preparaci\u00f3n de Jamaica \u2014incluyendo el financiamiento de riesgos de desastres mediante la Facilidad de Cr\u00e9dito Contingente (CCF, seg\u00fan sus siglas en ingl\u00e9s) del BID\u2014 ayudar\u00e1 a limitar las consecuencias inmediatas.&nbsp;<\/p>\n\n\n\n<p>La planificaci\u00f3n de la recuperaci\u00f3n ya est\u00e1 en marcha, enfoc\u00e1ndose en prioridades clave y en el fortalecimiento de la resiliencia.&nbsp;<\/p>\n\n\n\n<p>El Grupo BID est\u00e1 apoyando este esfuerzo no solo con financiamiento, sino tambi\u00e9n con experiencia t\u00e9cnica para convertir la recuperaci\u00f3n en resiliencia a largo plazo. Dentro de un paquete que totaliza US$1.260 millones en financiamiento y US$4,7 millones en donaciones de cooperaci\u00f3n t\u00e9cnica, el Grupo ha puesto a disposici\u00f3n herramientas de financiamiento r\u00e1pido y apoyo t\u00e9cnico para la planificaci\u00f3n y coordinaci\u00f3n en dos fases: emergencia y reconstrucci\u00f3n.&nbsp;<\/p>\n\n\n\n<p>En la fase de emergencia, la CCF de Jamaica fue recientemente ampliada, con US$300 millones disponibles para eventos param\u00e9tricos, ayudando al pa\u00eds a movilizar ayuda de emergencia mientras protege el espacio fiscal. Adem\u00e1s, el Banco ha puesto a disposici\u00f3n US$500.000 en apoyo humanitario de emergencia, junto con US$2,15 millones en donaciones de cooperaci\u00f3n t\u00e9cnica.&nbsp;<\/p>\n\n\n\n<p><strong>Reconstruir mejor, juntos<\/strong>&nbsp;<\/p>\n\n\n\n<p>Para la fase de recuperaci\u00f3n y reconstrucci\u00f3n, el Grupo BID est\u00e1 trabajando con el Gobierno, el Banco Mundial y otros socios en \u00e1reas prioritarias donde su experiencia t\u00e9cnica y compromiso de largo plazo pueden generar un impacto sostenido.&nbsp;<\/p>\n\n\n\n<p>El paquete de apoyo incluye hasta US$960 millones en financiamiento soberano y US$2,05 millones en donaciones de cooperaci\u00f3n t\u00e9cnica.&nbsp;<\/p>\n\n\n\n<ul class=\"wp-block-list\">\n<li><strong>Salud:<\/strong>\u00a0Planificaci\u00f3n para reconstruir hospitales y centros de salud en \u00e1reas de alto impacto, incluyendo reubicaci\u00f3n, modernizaci\u00f3n y mejoras digitales.<\/li>\n\n\n\n<li><strong>Vivienda:<\/strong>\u00a0Apoyo a Jamaica en la reconstrucci\u00f3n del sector vivienda \u2014incluyendo asistencia t\u00e9cnica y financiamiento para las tres fases que el Gobierno de Jamaica est\u00e1 planificando: viviendas temporales de emergencia inmediatas, refugios a corto plazo y reconstrucci\u00f3n a largo plazo para las miles de personas que perdieron sus hogares en las parroquias occidentales afectadas por el desastre.<\/li>\n\n\n\n<li><strong>Energ\u00eda:<\/strong>\u00a0Preparaci\u00f3n de una propuesta conjunta p\u00fablico\u2013privada para la modernizaci\u00f3n de la red, aprovechando el compromiso existente de BID Invest con la empresa el\u00e9ctrica de Jamaica y en asociaci\u00f3n con la IFC del Banco Mundial.<\/li>\n\n\n\n<li><strong>Agua:<\/strong>\u00a0Coordinaci\u00f3n con la Comisi\u00f3n Nacional de Agua para restaurar servicios, evaluar da\u00f1os y desarrollar un plan de resiliencia sectorial utilizando HydroBID.\u00a0<\/li>\n<\/ul>\n\n\n\n<p>El capital privado ser\u00e1 esencial, no solo para escalar la recuperaci\u00f3n, sino tambi\u00e9n para preservar el espacio fiscal. Por eso las plataformas regionales del Grupo BID est\u00e1n dise\u00f1adas para combinar soluciones p\u00fablicas y privadas desde el inicio.&nbsp;<\/p>\n\n\n\n<p>\u201cVenir aqu\u00ed directamente desde la COP30 es un recordatorio: la resiliencia no es la agenda de ma\u00f1ana, es crucial hoy\u201d, dijo Goldfajn. \u201cEstamos apoyando a Jamaica para reconstruir m\u00e1s fuerte, evitar p\u00e9rdidas futuras y proteger vidas. Eso es lo que significa resiliencia.\u201d&nbsp;<\/p>\n\n\n\n<p><strong>Un Caribe m\u00e1s resiliente<\/strong>&nbsp;<\/p>\n\n\n\n<p>La recuperaci\u00f3n de Jamaica tambi\u00e9n forma parte de un esfuerzo regional m\u00e1s amplio. Pa\u00edses del Caribe \u2014incluidos Barbados y Guyana\u2014 han movilizado solidaridad y recursos. Mientras la respuesta inmediata mostr\u00f3 una fuerte unidad, la recuperaci\u00f3n a mediano y largo plazo requerir\u00e1 sistemas m\u00e1s profundos, infraestructura resiliente y herramientas de financiamiento que protejan los presupuestos p\u00fablicos.&nbsp;<\/p>\n\n\n\n<p>&nbsp;El Grupo BID est\u00e1 contribuyendo a esa agenda a trav\u00e9s de plataformas regionales como&nbsp;<a href=\"https:\/\/www.iadb.org\/es\/inicio\/bidimpact\/one-caribbean\">ONE Caribbean<\/a>,&nbsp;<a href=\"https:\/\/www.iadb.org\/es\/quienes-somos\/temas\/ambiente-y-desastres-naturales\/iniciativas\/preparados-y-resilientes-en-las-americas\">Preparados y Resilientes en las Am\u00e9ricas<\/a>, y con innovaciones financieras como la nueva&nbsp;<a href=\"https:\/\/www.iadb.org\/es\/noticias\/bid-caf-y-cdb-lanzan-una-iniciativa-conjunta-de-canje-de-deuda-por-resiliencia-para-el-caribe\">Iniciativa de Deuda por Resiliencia con M\u00faltiples Garantes del Caribe<\/a>, lanzada en la COP30 junto con CAF \u2013 Banco de Desarrollo de Am\u00e9rica Latina y el Caribe, y el Banco de Desarrollo del Caribe.<\/p>\n\n\n\n<p><strong>About the IDB Group<\/strong><\/p>\n\n\n\n<p>The&nbsp;<strong>Inter-American Development Bank Group (IDB Group)<\/strong>&nbsp;is the leading source of financing and &nbsp;knowledge for improving lives in Latin America and the Caribbean. It comprises the&nbsp;<a href=\"https:\/\/www.iadb.org\/en\">IDB<\/a>, which works &nbsp;with the region\u2019s public sector and enables the private sector;&nbsp;<a href=\"https:\/\/idbinvest.org\/en\">IDB Invest<\/a>, which directly supports private companies and projects; and&nbsp;<a href=\"https:\/\/bidlab.org\/en\">IDB Lab<\/a>, which spurs entrepreneurial innovation.&nbsp;<\/p>\n","protected":false},"excerpt":{"rendered":"<p>MONTEGO BAY, Jamaica \u2014 Tras el paso del hurac\u00e1n Melissa, el presidente del Grupo Banco Interamericano de Desarrollo (Grupo BID), Ilan Goldfajn, se uni\u00f3 a jefes de Estado del Caribe&hellip; <\/p>\n","protected":false},"author":2,"featured_media":74370,"comment_status":"closed","ping_status":"closed","sticky":false,"template":"","format":"standard","meta":{"fifu_image_url":"https:\/\/s.rfi.fr\/media\/display\/d012917a-b357-11f0-b07a-005056a97e36\/w:1024\/p:16x9\/2b3dae93625de062f5ea9af8a11db0a4ca769431.jpg","fifu_image_alt":"","footnotes":""},"categories":[78],"tags":[],"class_list":["post-74368","post","type-post","status-publish","format-standard","has-post-thumbnail","hentry","category-con-responsabilidad"],"_links":{"self":[{"href":"https:\/\/elmundodelosnegocios.com.do\/v1\/wp-json\/wp\/v2\/posts\/74368","targetHints":{"allow":["GET"]}}],"collection":[{"href":"https:\/\/elmundodelosnegocios.com.do\/v1\/wp-json\/wp\/v2\/posts"}],"about":[{"href":"https:\/\/elmundodelosnegocios.com.do\/v1\/wp-json\/wp\/v2\/types\/post"}],"author":[{"embeddable":true,"href":"https:\/\/elmundodelosnegocios.com.do\/v1\/wp-json\/wp\/v2\/users\/2"}],"replies":[{"embeddable":true,"href":"https:\/\/elmundodelosnegocios.com.do\/v1\/wp-json\/wp\/v2\/comments?post=74368"}],"version-history":[{"count":0,"href":"https:\/\/elmundodelosnegocios.com.do\/v1\/wp-json\/wp\/v2\/posts\/74368\/revisions"}],"wp:featuredmedia":[{"embeddable":true,"href":"https:\/\/elmundodelosnegocios.com.do\/v1\/wp-json\/"}],"wp:attachment":[{"href":"https:\/\/elmundodelosnegocios.com.do\/v1\/wp-json\/wp\/v2\/media?parent=74368"}],"wp:term":[{"taxonomy":"category","embeddable":true,"href":"https:\/\/elmundodelosnegocios.com.do\/v1\/wp-json\/wp\/v2\/categories?post=74368"},{"taxonomy":"post_tag","embeddable":true,"href":"https:\/\/elmundodelosnegocios.com.do\/v1\/wp-json\/wp\/v2\/tags?post=74368"}],"curies":[{"name":"wp","href":"https:\/\/api.w.org\/{rel}","templated":true}]}}