{"id":74380,"date":"2025-11-20T09:58:34","date_gmt":"2025-11-20T14:28:34","guid":{"rendered":"https:\/\/elmundodelosnegocios.com.do\/v1\/?p=74380"},"modified":"2025-11-20T09:58:34","modified_gmt":"2025-11-20T14:28:34","slug":"aduanas-del-caribe-se-reunen-en-la-republica-dominicana-para-fortalecer-sus-capacidades-y-competencias","status":"publish","type":"post","link":"https:\/\/elmundodelosnegocios.com.do\/v1\/aduanas-del-caribe-se-reunen-en-la-republica-dominicana-para-fortalecer-sus-capacidades-y-competencias\/","title":{"rendered":"Aduanas del Caribe se re\u00fanen en la Rep\u00fablica Dominicana para fortalecer sus capacidades y competencias"},"content":{"rendered":"\n<p>Santo Domingo.- Representantes de las&nbsp;<strong>aduanas de 12 pa\u00edses del Caribe<\/strong>&nbsp;se re\u00fanen en la Rep\u00fablica Dominicana en busca de fortalecer sus&nbsp;<strong>capacidades institucionales,<\/strong>&nbsp;sus recursos humanos, mejorar la&nbsp;<strong>seguridad fronteriza<\/strong>&nbsp;y el intercambio de informaci\u00f3n aduanera entre pa\u00edses.<\/p>\n\n\n\n<figure class=\"wp-block-image size-large\"><img decoding=\"async\" src=\"https:\/\/presidencia.gob.do\/sites\/default\/files\/styles\/large\/public\/news\/2025-11\/Foto%20web_1.jpeg?itok=KV5kn9Gk\" alt=\"\"\/><\/figure>\n\n\n\n<p>Esto en el marco de la&nbsp;<strong>Reuni\u00f3n del Comit\u00e9 Ejecutivo&nbsp;<\/strong>y grupos de trabajo del&nbsp;<strong>Consejo del Caribe para la Aplicaci\u00f3n de las Leyes Aduaneras<\/strong>&nbsp;(CCALA\/CCLEC), que agrupa a las aduanas de habla&nbsp;<strong>inglesa, francesa y neerlandesa<\/strong>, del que tambi\u00e9n son parte de este foro la Rep\u00fablica Dominicana, Cuba, entre otros.&nbsp;<\/p>\n\n\n\n<p>El director general de Aduanas,&nbsp;<strong>Yayo Sanz Lovat\u00f3n<\/strong>, destac\u00f3 que tanto el&nbsp;<strong>presidente Luis Abinader<\/strong>, como el&nbsp;<strong>canciller Roberto \u00c1lvarez<\/strong>, apoyan la ratificaci\u00f3n del acuerdo que se aprob\u00f3 en&nbsp;<strong>Cuba 2019<\/strong>, y&nbsp; que establece que esta entidad ser\u00e1 sustituida por la&nbsp;<strong>Organizaci\u00f3n de Aduanas del Caribe<\/strong>. Y que requiere el voto favorable de al menos diez pa\u00edses miembros.&nbsp;<\/p>\n\n\n\n<p><em>\u201cPodemos afirmar que la Rep\u00fablica Dominicana seguir\u00e1 impulsando este acuerdo y esperamos que todas sus administraciones aduaneras se unan a nosotros en este esfuerzo. Es algo que la regi\u00f3n del Caribe necesita con urgencia\u201d,<\/em>&nbsp;expres\u00f3 Sanz Lovat\u00f3n durante el inicio de la reuni\u00f3n.&nbsp;<\/p>\n\n\n\n<p>Signific\u00f3, adem\u00e1s, que el entorno actual del comercio mundial est\u00e1 colocando al Caribe en la primera l\u00ednea de los movimientos del&nbsp;<strong>comercio internacional.<\/strong>&nbsp;<\/p>\n\n\n\n<p>En la reuni\u00f3n se pas\u00f3 revista a las acciones realizadas de a\u00f1os anteriores y las que se har\u00e1n en el futuro relacionadas con la&nbsp;<strong>cooperaci\u00f3n regional<\/strong>, inteligencia, fortalecimiento de las capacidades, la&nbsp;<strong>ciberseguridad<\/strong>&nbsp;y el intercambio de informaci\u00f3n, que sigue siendo un pilar entre estas entidades para combatir las actividades de las organizaciones delictivas, como el contrabando, entre otros.&nbsp;<\/p>\n\n\n\n<p>El encuentro, encabezado por&nbsp;<strong>Roderick Lionel Croes,<\/strong>&nbsp;presidente del CCLEC, y&nbsp;<strong>Claude Paul<\/strong>, secretario permanente, tambi\u00e9n es clave para la&nbsp;<strong>estabilidad econ\u00f3mica y de seguridad<\/strong>&nbsp;en el Caribe, y propicia una respuesta colectiva ante las amenazas transnacionales. &nbsp;<\/p>\n\n\n\n<p>Est\u00e1n presentes las aduanas de Aruba, Antigua y Barbuda, Barbados, Bermuda, Islas V\u00edrgenes Brit\u00e1nicas, Islas Caim\u00e1n, Pa\u00edses Bajos, Hait\u00ed, Jamaica, Montserrat,&nbsp; Santa Luc\u00eda y Rep\u00fablica Dominicana.&nbsp;<\/p>\n\n\n\n<p>El&nbsp;<strong>CCLEC<\/strong>&nbsp;es un organismo establecido en la d\u00e9cada de 1970, formalizado mediante memor\u00e1ndum de entendimiento de fecha 1989, con sede en&nbsp;<strong>Santa Luc\u00eda,<\/strong>&nbsp;es una organizaci\u00f3n regional que promueve la&nbsp;<strong>cooperaci\u00f3n aduanera, la seguridad fronteriza<\/strong>&nbsp;y la facilitaci\u00f3n del comercio en el&nbsp;<strong>Caribe y las Am\u00e9ricas<\/strong>.<\/p>\n\n\n\n<p>Forman parte del&nbsp;<strong>Comit\u00e9 Ejecutivo<\/strong>&nbsp;del CCLA\/CCLEC Anguilla, Antigua y Barbuda, Aruba, Bahamas, Barbados, Bermudas, Islas V\u00edrgenes Brit\u00e1nicas, Islas Caim\u00e1n, Rep\u00fablica Dominicana, Francia, Hait\u00ed, Jamaica, Montserrat, Pa\u00edses Bajos, St Kitts &amp; Nevis, Santa Luc\u00eda y San Vicente.<\/p>\n","protected":false},"excerpt":{"rendered":"<p>Santo Domingo.- Representantes de las&nbsp;aduanas de 12 pa\u00edses del Caribe&nbsp;se re\u00fanen en la Rep\u00fablica Dominicana en busca de fortalecer sus&nbsp;capacidades institucionales,&nbsp;sus recursos humanos, mejorar la&nbsp;seguridad fronteriza&nbsp;y el intercambio de informaci\u00f3n&hellip; <\/p>\n","protected":false},"author":2,"featured_media":74382,"comment_status":"closed","ping_status":"closed","sticky":false,"template":"","format":"standard","meta":{"fifu_image_url":"https:\/\/presidencia.gob.do\/sites\/default\/files\/styles\/large\/public\/news\/2025-11\/Foto%20web_1.jpeg?itok=KV5kn9Gk","fifu_image_alt":"","footnotes":""},"categories":[178],"tags":[],"class_list":["post-74380","post","type-post","status-publish","format-standard","has-post-thumbnail","hentry","category-aduana"],"_links":{"self":[{"href":"https:\/\/elmundodelosnegocios.com.do\/v1\/wp-json\/wp\/v2\/posts\/74380","targetHints":{"allow":["GET"]}}],"collection":[{"href":"https:\/\/elmundodelosnegocios.com.do\/v1\/wp-json\/wp\/v2\/posts"}],"about":[{"href":"https:\/\/elmundodelosnegocios.com.do\/v1\/wp-json\/wp\/v2\/types\/post"}],"author":[{"embeddable":true,"href":"https:\/\/elmundodelosnegocios.com.do\/v1\/wp-json\/wp\/v2\/users\/2"}],"replies":[{"embeddable":true,"href":"https:\/\/elmundodelosnegocios.com.do\/v1\/wp-json\/wp\/v2\/comments?post=74380"}],"version-history":[{"count":0,"href":"https:\/\/elmundodelosnegocios.com.do\/v1\/wp-json\/wp\/v2\/posts\/74380\/revisions"}],"wp:featuredmedia":[{"embeddable":true,"href":"https:\/\/elmundodelosnegocios.com.do\/v1\/wp-json\/"}],"wp:attachment":[{"href":"https:\/\/elmundodelosnegocios.com.do\/v1\/wp-json\/wp\/v2\/media?parent=74380"}],"wp:term":[{"taxonomy":"category","embeddable":true,"href":"https:\/\/elmundodelosnegocios.com.do\/v1\/wp-json\/wp\/v2\/categories?post=74380"},{"taxonomy":"post_tag","embeddable":true,"href":"https:\/\/elmundodelosnegocios.com.do\/v1\/wp-json\/wp\/v2\/tags?post=74380"}],"curies":[{"name":"wp","href":"https:\/\/api.w.org\/{rel}","templated":true}]}}