{"id":74384,"date":"2025-11-21T12:05:34","date_gmt":"2025-11-21T16:35:34","guid":{"rendered":"https:\/\/elmundodelosnegocios.com.do\/v1\/ministro-ito-bisono-acompana-al-presidente-abinader-en-visita-clave-a-san-jose-california-enfocada-en-la-industria-de-semiconductores\/"},"modified":"2025-11-21T12:05:34","modified_gmt":"2025-11-21T16:35:34","slug":"ministro-ito-bisono-acompana-al-presidente-abinader-en-visita-clave-a-san-jose-california-enfocada-en-la-industria-de-semiconductores","status":"publish","type":"post","link":"https:\/\/elmundodelosnegocios.com.do\/v1\/ministro-ito-bisono-acompana-al-presidente-abinader-en-visita-clave-a-san-jose-california-enfocada-en-la-industria-de-semiconductores\/","title":{"rendered":"Ministro Ito Bison\u00f3 acompa\u00f1a al presidente Abinader en visita clave a San Jos\u00e9, California, enfocada en la industria de semiconductores"},"content":{"rendered":"<div>\n<p><em>Viernes 21 de Noviembre, 2025.<\/em><\/p>\n<p><em>Ministro Ito Bison\u00f3 acompa\u00f1a al presidente Abinader en visita clave a San Jos\u00e9, California, enfocada en la industria de semiconductores<\/em><\/p>\n<p class=\"elementToProof\"><strong>San Jos\u00e9, California.<\/strong> \u2013 El presidente Luis Abinader inici\u00f3 una visita estrat\u00e9gica de dos d\u00edas a San Jos\u00e9, California, para participar en la reuni\u00f3n anual de Semiconductores y desarrollar una agenda orientada a posicionar a la Rep\u00fablica Dominicana como un socio confiable en la diversificaci\u00f3n de las cadenas de producci\u00f3n global. El mandatario fue recibido por la embajadora dominicana en los Estados Unidos, Mar\u00eda Isabel Castillo, y el empresario Samuel Conde.<\/p>\n<p><img fetchpriority=\"high\" decoding=\"async\" class=\"alignnone  wp-image-190035\" src=\"https:\/\/micm.gob.do\/wp-content\/uploads\/2025\/11\/Presidente-Abinader-Ministro-Bisono-San-Jose-California-2-300x200.jpeg\" alt=\"Presidente-Abinader-Ministro-Bisono-San-Jose-California-Almuerzo\" width=\"1015\" height=\"677\" srcset=\"https:\/\/micm.gob.do\/wp-content\/uploads\/2025\/11\/Presidente-Abinader-Ministro-Bisono-San-Jose-California-2-300x200.jpeg 300w, https:\/\/micm.gob.do\/wp-content\/uploads\/2025\/11\/Presidente-Abinader-Ministro-Bisono-San-Jose-California-2-1024x682.jpeg 1024w, https:\/\/micm.gob.do\/wp-content\/uploads\/2025\/11\/Presidente-Abinader-Ministro-Bisono-San-Jose-California-2-768x512.jpeg 768w, https:\/\/micm.gob.do\/wp-content\/uploads\/2025\/11\/Presidente-Abinader-Ministro-Bisono-San-Jose-California-2.jpeg 1280w\" sizes=\"(max-width: 1015px) 100vw, 1015px\"><\/p>\n<p><strong>Agenda Estrat\u00e9gica con CEOs y L\u00edderes del Sector<\/strong><\/p>\n<p>El jefe de Estado viaja acompa\u00f1ado por el ministro de Industria, Comercio y Mipymes, V\u00edctor -Ito- Bison\u00f3, junto a representantes de dicha instituci\u00f3n y una comisi\u00f3n del sector privado. Durante su visita, el presidente Abinader sostendr\u00e1 encuentros exclusivos con los principales CEOs de empresas l\u00edderes de la industria global de semiconductores, y desarrollar\u00e1 reuniones bilaterales estrat\u00e9gicas. Estos encuentros buscan abrir nuevas oportunidades de cooperaci\u00f3n, impulsar proyectos de innovaci\u00f3n y afianzar la capacidad del pa\u00eds para atraer inversiones. La invitaci\u00f3n a este evento resalta los avances y acciones concretas que la Rep\u00fablica Dominicana ha impulsado, junto al sector privado, para consolidar un ecosistema s\u00f3lido y seguro para la inversi\u00f3n en el sector de semiconductores. El enfoque es la diversificaci\u00f3n y relocalizaci\u00f3n de manufactura avanzada.<\/p>\n<p><strong>Actividades clave<\/strong><\/p>\n<p>Finalizadas las reuniones bilaterales, el presidente Abinader asistir\u00e1 a la Cena Anual de la Asociaci\u00f3n de la Industria de Semiconductores (SIA). El viernes en horas de la ma\u00f1ana, el jefe de Estado sostendr\u00e1 una reuni\u00f3n de an\u00e1lisis junto al equipo de MySilicon y concluida su agenda, regresar\u00e1 al pa\u00eds junto a su comitiva.<\/p>\n<p class=\"elementToProof\"><b><\/b><strong style=\"font-size: 16px;\">Fuente:<\/strong><span style=\"font-size: 16px;\"> Direcci\u00f3n de Comunicaciones<\/span><\/p>\n<p>The post <a href=\"https:\/\/micm.gob.do\/ministro-ito-bisono-acompana-al-presidente-abinader-en-visita-clave-a-san-jose-california-enfocada-en-la-industria-de-semiconductores\/\">Ministro Ito Bison\u00f3 acompa\u00f1a al presidente Abinader en visita clave a San Jos\u00e9, California, enfocada en la industria de semiconductores<\/a> appeared first on <a href=\"https:\/\/micm.gob.do\/\">MICM<\/a>.<\/p>\n<\/div>\n","protected":false},"excerpt":{"rendered":"<p>Viernes 21 de Noviembre, 2025. Ministro Ito Bison\u00f3 acompa\u00f1a al presidente Abinader en visita clave a San Jos\u00e9, California, enfocada en la industria de semiconductores San Jos\u00e9, California. \u2013 El&hellip; <\/p>\n","protected":false},"author":2,"featured_media":74385,"comment_status":"closed","ping_status":"closed","sticky":false,"template":"","format":"standard","meta":{"fifu_image_url":"","fifu_image_alt":"","footnotes":""},"categories":[147],"tags":[],"class_list":["post-74384","post","type-post","status-publish","format-standard","has-post-thumbnail","hentry","category-comercio"],"_links":{"self":[{"href":"https:\/\/elmundodelosnegocios.com.do\/v1\/wp-json\/wp\/v2\/posts\/74384","targetHints":{"allow":["GET"]}}],"collection":[{"href":"https:\/\/elmundodelosnegocios.com.do\/v1\/wp-json\/wp\/v2\/posts"}],"about":[{"href":"https:\/\/elmundodelosnegocios.com.do\/v1\/wp-json\/wp\/v2\/types\/post"}],"author":[{"embeddable":true,"href":"https:\/\/elmundodelosnegocios.com.do\/v1\/wp-json\/wp\/v2\/users\/2"}],"replies":[{"embeddable":true,"href":"https:\/\/elmundodelosnegocios.com.do\/v1\/wp-json\/wp\/v2\/comments?post=74384"}],"version-history":[{"count":0,"href":"https:\/\/elmundodelosnegocios.com.do\/v1\/wp-json\/wp\/v2\/posts\/74384\/revisions"}],"wp:featuredmedia":[{"embeddable":true,"href":"https:\/\/elmundodelosnegocios.com.do\/v1\/wp-json\/"}],"wp:attachment":[{"href":"https:\/\/elmundodelosnegocios.com.do\/v1\/wp-json\/wp\/v2\/media?parent=74384"}],"wp:term":[{"taxonomy":"category","embeddable":true,"href":"https:\/\/elmundodelosnegocios.com.do\/v1\/wp-json\/wp\/v2\/categories?post=74384"},{"taxonomy":"post_tag","embeddable":true,"href":"https:\/\/elmundodelosnegocios.com.do\/v1\/wp-json\/wp\/v2\/tags?post=74384"}],"curies":[{"name":"wp","href":"https:\/\/api.w.org\/{rel}","templated":true}]}}