{"id":74402,"date":"2025-11-25T08:34:40","date_gmt":"2025-11-25T13:04:40","guid":{"rendered":"https:\/\/elmundodelosnegocios.com.do\/v1\/?p=74402"},"modified":"2025-11-25T08:34:40","modified_gmt":"2025-11-25T13:04:40","slug":"republica-dominicana-sera-sede-de-la-cumbre-regulatel-asiet-comtelca-2025","status":"publish","type":"post","link":"https:\/\/elmundodelosnegocios.com.do\/v1\/republica-dominicana-sera-sede-de-la-cumbre-regulatel-asiet-comtelca-2025\/","title":{"rendered":"Rep\u00fablica Dominicana ser\u00e1 sede de la Cumbre Regulatel\u2013Asiet\u2013Comtelca 2025"},"content":{"rendered":"\n<p>Santo Domingo.\u2013&nbsp;<strong>La Rep\u00fablica Dominicana<\/strong>, representada por el Instituto Dominicano de las Telecomunicaciones&nbsp;<strong>(Indotel)<\/strong>, ser\u00e1 anfitriona de la&nbsp;<strong>Cumbre Regulatel\u2013Asiet\u2013Comtelca 2025<\/strong>, bajo el lema<strong>&nbsp;\u201cConectando el futuro digital de la regi\u00f3n\u00bb<\/strong>. El encuentro reunir\u00e1 a representantes institucionales y de los pa\u00edses miembros, reguladores, empresas tecnol\u00f3gicas y organismos internacionales para debatir los&nbsp;<strong>retos y oportunidades de la transformaci\u00f3n digital, la innovaci\u00f3n tecnol\u00f3gica y la ciberseguridad<\/strong>&nbsp;en Am\u00e9rica Latina, el Caribe y Europa.<\/p>\n\n\n\n<figure class=\"wp-block-image size-large\"><img decoding=\"async\" src=\"https:\/\/presidencia.gob.do\/sites\/default\/files\/styles\/large\/public\/news\/2025-11\/Fachada%20de%20INDOTEL%20%281%29%20%282%29.jpg?itok=dzaEgGOR\" alt=\"\"\/><\/figure>\n\n\n\n<p>La Cumbre es organizada conjuntamente por el Foro Latinoamericano de Entes Reguladores de Telecomunicaciones&nbsp;<strong>(Regulatel)<\/strong>, la Asociaci\u00f3n Interamericana de Empresas de Telecomunicaciones&nbsp;<strong>(Asiet)<\/strong>&nbsp;y la Comisi\u00f3n T\u00e9cnica Regional de Telecomunicaciones&nbsp;<strong>(Comtelca)<\/strong>.&nbsp;&nbsp;<\/p>\n\n\n\n<p>Durante cuatro d\u00edas, del 9 al 12 de diciembre, se desarrollar\u00e1 una amplia agenda de trabajo que incluir\u00e1 la&nbsp;<strong>160 \u00aa Reuni\u00f3n Ordinaria de la Junta Directiva de Comtelca, la Cumbre Regulatel\u2013Asiet\u2013Comtelca, la 28.\u00aa Asamblea Plenaria de Regulatel<\/strong>, y un encuentro de&nbsp;<strong>DIGI Americas Alliance<\/strong>&nbsp;sobre inteligencia artificial y ciberseguridad.&nbsp;&nbsp;<\/p>\n\n\n\n<p>El Indotel destaca que la realizaci\u00f3n de estos eventos en territorio dominicano representa un&nbsp;<strong>reconocimiento al liderazgo del pa\u00eds en materia de telecomunicaciones<\/strong>&nbsp;y una oportunidad para fortalecer la&nbsp;<strong>cooperaci\u00f3n regional<\/strong>, el intercambio de experiencias y la promoci\u00f3n de pol\u00edticas que impulsen la&nbsp;<strong>transformaci\u00f3n digital en Am\u00e9rica Latina y el Caribe.<\/strong><\/p>\n\n\n\n<p>Entre los ejes de discusi\u00f3n destacar\u00e1n la&nbsp;<strong>regulaci\u00f3n inteligente&nbsp;<\/strong>para el despliegue del 5G y las tecnolog\u00edas emergentes, la&nbsp;<strong>infraestructura digital<\/strong>&nbsp;como motor de productividad e integraci\u00f3n regional,<strong>&nbsp;la inclusi\u00f3n digital y la mejora regulatoria<\/strong>, y la&nbsp;<strong>regulaci\u00f3n del futuro<\/strong>&nbsp;a trav\u00e9s del di\u00e1logo multisectorial.&nbsp;<\/p>\n\n\n\n<p>Asimismo, el desayuno\u2013mesa redonda&nbsp;<strong>\u201cInteligencia artificial y la ciberseguridad en Latam: confianza, resiliencia y crecimiento\u201d,<\/strong>&nbsp;organizado por DIGI Am\u00e9ricas Alliance, contar\u00e1 con la participaci\u00f3n de&nbsp;<strong>expertos de esa organizaci\u00f3n, as\u00ed como de Apple y CrowdStrike<\/strong>, quienes analizar\u00e1n estrategias para fortalecer la seguridad digital y promover una&nbsp;<strong>adopci\u00f3n \u00e9tica y responsable de la inteligencia artificial<\/strong>&nbsp;en la regi\u00f3n.<\/p>\n\n\n\n<p>El evento culminar\u00e1 el viernes 12 de diciembre con la celebraci\u00f3n de la&nbsp;<strong>28.\u00aa Asamblea Plenaria de Regulatel<\/strong>, durante la cual se formalizar\u00e1 el traslado de la&nbsp;<strong>Presidencia del Foro para el a\u00f1o 2026 de Colombia a Rep\u00fablica Dominicana.<\/strong><\/p>\n\n\n\n<p>Esta designaci\u00f3n constituye un reconocimiento al&nbsp;<strong>liderazgo del pa\u00eds&nbsp;<\/strong>en el \u00e1mbito de las telecomunicaciones y la transformaci\u00f3n digital, as\u00ed como a su firme compromiso con la cooperaci\u00f3n regional y la promoci\u00f3n de un&nbsp;<strong>entorno digital inclusivo, sostenible y seguro.<\/strong><\/p>\n","protected":false},"excerpt":{"rendered":"<p>Santo Domingo.\u2013&nbsp;La Rep\u00fablica Dominicana, representada por el Instituto Dominicano de las Telecomunicaciones&nbsp;(Indotel), ser\u00e1 anfitriona de la&nbsp;Cumbre Regulatel\u2013Asiet\u2013Comtelca 2025, bajo el lema&nbsp;\u201cConectando el futuro digital de la regi\u00f3n\u00bb. El encuentro reunir\u00e1&hellip; <\/p>\n","protected":false},"author":2,"featured_media":74404,"comment_status":"closed","ping_status":"closed","sticky":false,"template":"","format":"standard","meta":{"fifu_image_url":"https:\/\/presidencia.gob.do\/sites\/default\/files\/styles\/large\/public\/news\/2025-11\/Fachada%20de%20INDOTEL%20%281%29%20%282%29.jpg?itok=dzaEgGOR","fifu_image_alt":"","footnotes":""},"categories":[64],"tags":[],"class_list":["post-74402","post","type-post","status-publish","format-standard","has-post-thumbnail","hentry","category-telecomunicaciones"],"_links":{"self":[{"href":"https:\/\/elmundodelosnegocios.com.do\/v1\/wp-json\/wp\/v2\/posts\/74402","targetHints":{"allow":["GET"]}}],"collection":[{"href":"https:\/\/elmundodelosnegocios.com.do\/v1\/wp-json\/wp\/v2\/posts"}],"about":[{"href":"https:\/\/elmundodelosnegocios.com.do\/v1\/wp-json\/wp\/v2\/types\/post"}],"author":[{"embeddable":true,"href":"https:\/\/elmundodelosnegocios.com.do\/v1\/wp-json\/wp\/v2\/users\/2"}],"replies":[{"embeddable":true,"href":"https:\/\/elmundodelosnegocios.com.do\/v1\/wp-json\/wp\/v2\/comments?post=74402"}],"version-history":[{"count":0,"href":"https:\/\/elmundodelosnegocios.com.do\/v1\/wp-json\/wp\/v2\/posts\/74402\/revisions"}],"wp:featuredmedia":[{"embeddable":true,"href":"https:\/\/elmundodelosnegocios.com.do\/v1\/wp-json\/"}],"wp:attachment":[{"href":"https:\/\/elmundodelosnegocios.com.do\/v1\/wp-json\/wp\/v2\/media?parent=74402"}],"wp:term":[{"taxonomy":"category","embeddable":true,"href":"https:\/\/elmundodelosnegocios.com.do\/v1\/wp-json\/wp\/v2\/categories?post=74402"},{"taxonomy":"post_tag","embeddable":true,"href":"https:\/\/elmundodelosnegocios.com.do\/v1\/wp-json\/wp\/v2\/tags?post=74402"}],"curies":[{"name":"wp","href":"https:\/\/api.w.org\/{rel}","templated":true}]}}