{"id":74405,"date":"2025-11-25T08:36:13","date_gmt":"2025-11-25T13:06:13","guid":{"rendered":"https:\/\/elmundodelosnegocios.com.do\/v1\/?p=74405"},"modified":"2025-11-25T08:36:13","modified_gmt":"2025-11-25T13:06:13","slug":"prodominicana-impulsa-capacitacion-innovacion-y-liderazgo-femenino-en-el-sector-exportador","status":"publish","type":"post","link":"https:\/\/elmundodelosnegocios.com.do\/v1\/prodominicana-impulsa-capacitacion-innovacion-y-liderazgo-femenino-en-el-sector-exportador\/","title":{"rendered":"ProDominicana impulsa capacitaci\u00f3n, innovaci\u00f3n y liderazgo femenino en el sector exportador"},"content":{"rendered":"\n<p>Santo Domingo.\u2013 En el marco de la 6.\u00b0 edici\u00f3n del&nbsp;<strong>Encuentro Nacional de Mujeres en Exportaci\u00f3n 2025,&nbsp;<\/strong>el Centro de Exportaci\u00f3n e Inversi\u00f3n de la Rep\u00fablica Dominicana&nbsp;<strong>(ProDominicana)<\/strong>&nbsp;present\u00f3 una jornada de&nbsp;<strong>formaci\u00f3n y reflexi\u00f3n estrat\u00e9gica<\/strong>&nbsp;centrada en el valor de la comunicaci\u00f3n especializada, la innovaci\u00f3n y la sostenibilidad dentro del ecosistema exportador dominicano.<\/p>\n\n\n\n<p>La directora ejecutiva de ProDominicana,&nbsp;<strong>Biviana Riveiro Disla<\/strong>, expres\u00f3 que, con estas conferencias y charlas especializadas, ProDominicana reafirma su compromiso de crear espacios de aprendizaje que fortalezcan las capacidades de las mujeres en el sector exportador y promuevan su participaci\u00f3n en el desarrollo econ\u00f3mico del pa\u00eds.<\/p>\n\n\n\n<p>En ese sentido, la actividad del primer d\u00eda estuvo encabezada por la conferencia magistral de&nbsp;<strong>Patricia de Moya<\/strong>, presidenta y editora en jefe de Mercado Media Network, titulada: \u201cEl rol de la comunicaci\u00f3n especializada en la reputaci\u00f3n de un pa\u00eds: el valor de exportar credibilidad\u201d.<\/p>\n\n\n\n<p>La jornada continu\u00f3 con el panel \u201cInnovaci\u00f3n y sostenibilidad en las industrias exportadoras\u201d, en el que participaron&nbsp;<strong>Janett Liriano, Laura Pe\u00f1a Izquierdo, Elizabeth Rojas y Mildred Veras,&nbsp;<\/strong>quienes compartieron experiencias sobre transformaci\u00f3n tecnol\u00f3gica, modelos de negocio responsables y&nbsp;<strong>pr\u00e1cticas sostenibles<\/strong>&nbsp;aplicadas a sus respectivas \u00e1reas. La moderaci\u00f3n estuvo a cargo de&nbsp;<strong>Yomayra Martin\u00f3<\/strong>, quien gui\u00f3 una conversaci\u00f3n din\u00e1mica que permiti\u00f3 analizar las&nbsp;<strong>tendencias globales<\/strong>&nbsp;que influyen en la competitividad exportadora y el papel crucial de la mujer como agente de innovaci\u00f3n.<\/p>\n\n\n\n<figure class=\"wp-block-image\"><img decoding=\"async\" src=\"https:\/\/presidencia.gob.do\/sites\/default\/files\/inline-images\/Agenda%20Continental%2C%20liderada%20por%20Sofi%CC%81a%20Rodri%CC%81guez.jpg\" alt=\"\"\/><\/figure>\n\n\n\n<p><strong>Galard\u00f3n Sumando Exportadoras<\/strong><\/p>\n\n\n\n<p>Durante el segundo d\u00eda del encuentro, ProDominicana present\u00f3 a las empresas seleccionadas del&nbsp;<strong>programa Sumando Exportadoras 2025<\/strong>, reconociendo tres iniciativas sobresalientes de esta edici\u00f3n: Subay, representada por&nbsp;<strong>Lolimer Rijo Valdez,<\/strong>&nbsp;quien obtuvo el primer lugar; Shajala International, representada por&nbsp;<strong>Michelle Sahdala<\/strong>, galardonada con el segundo lugar, y Agenda Continental, liderada por&nbsp;<strong>Sof\u00eda Rodr\u00edguez<\/strong>, que alcanz\u00f3 el tercer lugar. Estas tres empresas destacan por su capacidad de&nbsp;<strong>innovaci\u00f3n, potencial exportador y compromiso<\/strong>&nbsp;con elevar la presencia de productos dominicanos en mercados internacionales.<\/p>\n\n\n\n<p>Riveiro expres\u00f3 que<em>&nbsp;\u201ceste programa es una iniciativa de ProDominicana, cuyo objetivo es fortalecer la participaci\u00f3n femenina en los mercados internacionales. Asimismo, brindarles asesor\u00eda y fortalecer sus capacidades con el fin de continuar dinamizando nuestra econom\u00eda\u201d.<\/em><\/p>\n\n\n\n<p>Entre las conferencias m\u00e1s esperadas del d\u00eda se destac\u00f3<strong>&nbsp;\u201cImpulsa tus ventas con Inteligencia Artificial\u201d,<\/strong>&nbsp;impartida por&nbsp;<strong>Carolina Camacho<\/strong>, quien present\u00f3 herramientas pr\u00e1cticas para optimizar procesos comerciales y ampliar el alcance de las exportaciones mediante tecnolog\u00edas emergentes.<\/p>\n\n\n\n<p>M\u00e1s adelante,&nbsp;<strong>Nora Lee Brugal Ortiz<\/strong>, VP de Ventas BCE y Pymes del Banco BHD, ofreci\u00f3 la charla \u201cPotencializando tu internacionalizaci\u00f3n a trav\u00e9s de las soluciones financieras para el comercio exterior\u201d, donde comparti\u00f3 alternativas de&nbsp;<strong>financiamiento y estrategias<\/strong>&nbsp;para respaldar la expansi\u00f3n empresarial hacia otros mercados.<\/p>\n\n\n\n<p>Cerrando el ciclo de charlas,&nbsp;&nbsp;<strong>Vespacini Rodr\u00edguez<\/strong>, director de Operaciones de UCS Caribbean Supply, present\u00f3<strong>&nbsp;\u201cC\u00f3mo vender tus productos en Amazon\u201d,<\/strong>&nbsp;una gu\u00eda pr\u00e1ctica sobre acceso a plataformas globales, log\u00edstica, posicionamiento y las oportunidades de&nbsp;<em>ecommerce<\/em>&nbsp;para las empresas dominicanas.<\/p>\n\n\n\n<p>ProDominicana agradeci\u00f3 el apoyo de las empresas patrocinadoras del evento; Banco BHD, Infotep y Promipyme, sus aliados estrat\u00e9gicos, Banco de Desarrollo y Exportaciones (Bandex), Inicia, Fertilizantes Santo Domingo (Fersan), Banreservas, HIT Puerto R\u00edo Haina, Kah Kow, Induban, Suerox y Chinola, as\u00ed como de los media partners Revista Mercado, El Dinero, Revista Pandora, Revista Contacto y Pincel Digital.<\/p>\n","protected":false},"excerpt":{"rendered":"<p>Santo Domingo.\u2013 En el marco de la 6.\u00b0 edici\u00f3n del&nbsp;Encuentro Nacional de Mujeres en Exportaci\u00f3n 2025,&nbsp;el Centro de Exportaci\u00f3n e Inversi\u00f3n de la Rep\u00fablica Dominicana&nbsp;(ProDominicana)&nbsp;present\u00f3 una jornada de&nbsp;formaci\u00f3n y reflexi\u00f3n&hellip; <\/p>\n","protected":false},"author":2,"featured_media":74407,"comment_status":"closed","ping_status":"closed","sticky":false,"template":"","format":"standard","meta":{"fifu_image_url":"https:\/\/presidencia.gob.do\/sites\/default\/files\/styles\/large\/public\/news\/2025-11\/Foto%20web%20%281%29_6.jpg?itok=MqvNmrXm","fifu_image_alt":"","footnotes":""},"categories":[150],"tags":[],"class_list":["post-74405","post","type-post","status-publish","format-standard","has-post-thumbnail","hentry","category-exportaciones"],"_links":{"self":[{"href":"https:\/\/elmundodelosnegocios.com.do\/v1\/wp-json\/wp\/v2\/posts\/74405","targetHints":{"allow":["GET"]}}],"collection":[{"href":"https:\/\/elmundodelosnegocios.com.do\/v1\/wp-json\/wp\/v2\/posts"}],"about":[{"href":"https:\/\/elmundodelosnegocios.com.do\/v1\/wp-json\/wp\/v2\/types\/post"}],"author":[{"embeddable":true,"href":"https:\/\/elmundodelosnegocios.com.do\/v1\/wp-json\/wp\/v2\/users\/2"}],"replies":[{"embeddable":true,"href":"https:\/\/elmundodelosnegocios.com.do\/v1\/wp-json\/wp\/v2\/comments?post=74405"}],"version-history":[{"count":0,"href":"https:\/\/elmundodelosnegocios.com.do\/v1\/wp-json\/wp\/v2\/posts\/74405\/revisions"}],"wp:featuredmedia":[{"embeddable":true,"href":"https:\/\/elmundodelosnegocios.com.do\/v1\/wp-json\/"}],"wp:attachment":[{"href":"https:\/\/elmundodelosnegocios.com.do\/v1\/wp-json\/wp\/v2\/media?parent=74405"}],"wp:term":[{"taxonomy":"category","embeddable":true,"href":"https:\/\/elmundodelosnegocios.com.do\/v1\/wp-json\/wp\/v2\/categories?post=74405"},{"taxonomy":"post_tag","embeddable":true,"href":"https:\/\/elmundodelosnegocios.com.do\/v1\/wp-json\/wp\/v2\/tags?post=74405"}],"curies":[{"name":"wp","href":"https:\/\/api.w.org\/{rel}","templated":true}]}}