{"id":74408,"date":"2025-11-25T08:38:29","date_gmt":"2025-11-25T13:08:29","guid":{"rendered":"https:\/\/elmundodelosnegocios.com.do\/v1\/?p=74408"},"modified":"2025-11-25T08:38:29","modified_gmt":"2025-11-25T13:08:29","slug":"ceo-de-arajet-recibe-las-llaves-de-la-ciudad-de-cambridge-en-una-historica-ceremonia-por-el-inicio-de-operaciones-hacia-massachusetts","status":"publish","type":"post","link":"https:\/\/elmundodelosnegocios.com.do\/v1\/ceo-de-arajet-recibe-las-llaves-de-la-ciudad-de-cambridge-en-una-historica-ceremonia-por-el-inicio-de-operaciones-hacia-massachusetts\/","title":{"rendered":"CEO de Arajet recibe las llaves de la ciudad de Cambridge en una hist\u00f3rica ceremonia por el inicio de operaciones hacia Massachusetts"},"content":{"rendered":"\n<p><strong>Cambridge, Massachusetts., Noviembre de 2025. \u2013<\/strong>&nbsp;En un acto cargado de simbolismo y reconocimiento internacional, la alcaldesa de Cambridge,&nbsp;<strong>Denise Simmons<\/strong>, entreg\u00f3 las&nbsp;<strong>llaves de la ciudad<\/strong>&nbsp;al CEO de&nbsp;<strong>Arajet<\/strong>,&nbsp;<strong>V\u00edctor Pacheco M\u00e9ndez<\/strong>, durante la ceremonia oficial que marc\u00f3 el inicio de operaciones de la aerol\u00ednea hacia la ciudad de Boston, para servir de manera directa a toda el \u00e1rea de&nbsp;<strong>Nueva Inglaterra<\/strong>.<\/p>\n\n\n<div class=\"wp-block-image\">\n<figure class=\"aligncenter size-large\"><img decoding=\"async\" src=\"https:\/\/diariosocialrd.com\/wp-content\/uploads\/2025\/11\/Denise-Simmons-y-Victor-Pacheco-scaled.jpg\" alt=\"\"\/><\/figure>\n<\/div>\n\n\n<p>La alcaldesa Simmons destac\u00f3 la importancia del hito y expres\u00f3 su admiraci\u00f3n por el trabajo que ha posicionado a Arajet como un referente de expansi\u00f3n y eficiencia en la regi\u00f3n.<br><strong>\u201cMe siento llena de entusiasmo de poder reconocer el fruto de la ardua labor de V\u00edctor Pacheco y todo su equipo. Estoy segura de que la comunidad dominicana en Cambridge y toda Nueva Inglaterra comparte este sentimiento de orgullo que hoy todos han manifestado.\u201d<\/strong>, manifest\u00f3 la ejecutiva municipal durante el acto.<\/p>\n\n\n\n<p>Por su parte, Pacheco M\u00e9ndez ofreci\u00f3 unas palabras profundamente emotivas tras recibir la distinci\u00f3n:<br><strong>\u201cRecibir las llaves de Cambridge es un honor que compartimos con cada dominicano y con todos los ciudadanos de Nueva Inglaterra. En Arajet venimos a quedarnos, a conectar familias, negocios y sue\u00f1os con un servicio seguro, accesible y confiable. Reafirmamos nuestro compromiso de servir a esta regi\u00f3n con la puntualidad y calidez que nos caracterizan.\u201d<\/strong><\/p>\n\n\n\n<h2 class=\"wp-block-heading\"><strong>Acontecimiento binacional con presencia diplom\u00e1tica y empresarial<\/strong><\/h2>\n\n\n\n<p>A la ceremonia asistieron representantes del Estado de Massachusetts, autoridades locales de comunidades vecinas como&nbsp;<strong>Lawrence<\/strong>,&nbsp;<strong>Rhode Island<\/strong>&nbsp;y&nbsp;<strong>Lynn<\/strong>, adem\u00e1s de invitados del sector empresarial y comunitario.<br>Entre los presentes destac\u00f3 el&nbsp;<strong>C\u00f3nsul General de la Rep\u00fablica Dominicana en Boston<\/strong>,&nbsp;<strong>Antonio Almonte<\/strong>, quien subray\u00f3 el impacto de esta nueva conexi\u00f3n a\u00e9rea:<br><strong>\u201cEsta ruta fortalece los lazos entre la Rep\u00fablica Dominicana y Nueva Inglaterra, facilita el intercambio cultural y econ\u00f3mico, y brinda mejores oportunidades para nuestra di\u00e1spora y para todos los viajeros de la regi\u00f3n.\u201d<\/strong><\/p>\n\n\n\n<h2 class=\"wp-block-heading\"><strong>Detalles del vuelo inaugural y operaci\u00f3n hacia Boston<\/strong><\/h2>\n\n\n\n<p>El vuelo inaugural entre&nbsp;<strong>Santo Domingo (SDQ)<\/strong>&nbsp;y&nbsp;<strong>Boston (BOS \u2013 Aeropuerto Internacional Logan)<\/strong>&nbsp;dio inicio a una operaci\u00f3n con&nbsp;<strong>cuatro frecuencias semanales<\/strong>, los&nbsp;<strong>mi\u00e9rcoles, jueves, viernes y domingos<\/strong>.<\/p>\n\n\n\n<p>La ruta responde a la creciente demanda de viajes familiares, tur\u00edsticos y de negocios entre Nueva Inglaterra y la Rep\u00fablica Dominicana. Los vuelos son operados con aeronaves&nbsp;<strong>Boeing 737 MAX 8<\/strong>, equipos de \u00faltima generaci\u00f3n que ofrecen un viaje m\u00e1s eficiente, silencioso y confortable.<br>Asimismo, la operaci\u00f3n aporta una alta conectividad desde los hubs de&nbsp;<strong>Santo Domingo<\/strong>&nbsp;y&nbsp;<strong>Punta Cana<\/strong>, permitiendo conexiones \u00e1giles hacia&nbsp;<strong>m\u00e1s de 10 destinos<\/strong>&nbsp;del Caribe, Centroam\u00e9rica y Suram\u00e9rica dentro de la red de 27 rutas de Arajet.<\/p>\n\n\n\n<h2 class=\"wp-block-heading\"><strong>Sobre Arajet<\/strong><\/h2>\n\n\n\n<p><strong>Arajet<\/strong>&nbsp;es la aerol\u00ednea insignia de la Rep\u00fablica Dominicana y fue reconocida como la&nbsp;<strong>Mejor Aerol\u00ednea Nueva del Mundo en 2023<\/strong>&nbsp;durante la Cumbre Mundial de Aviaci\u00f3n.<br>Inici\u00f3 operaciones en 2022 y actualmente mantiene bases en el&nbsp;<strong>Aeropuerto Internacional Las Am\u00e9ricas (AILA)<\/strong>&nbsp;y el&nbsp;<strong>Aeropuerto Internacional de Punta Cana (PUJ)<\/strong>. Su moderna flota de&nbsp;<strong>Boeing 737 MAX<\/strong>&nbsp;ofrece vuelos seguros y de bajo costo hacia m\u00faltiples destinos de Am\u00e9rica del Norte, Central, del Sur y el Caribe.<\/p>\n","protected":false},"excerpt":{"rendered":"<p>Cambridge, Massachusetts., Noviembre de 2025. \u2013&nbsp;En un acto cargado de simbolismo y reconocimiento internacional, la alcaldesa de Cambridge,&nbsp;Denise Simmons, entreg\u00f3 las&nbsp;llaves de la ciudad&nbsp;al CEO de&nbsp;Arajet,&nbsp;V\u00edctor Pacheco M\u00e9ndez, durante la&hellip; <\/p>\n","protected":false},"author":2,"featured_media":74410,"comment_status":"closed","ping_status":"closed","sticky":false,"template":"","format":"standard","meta":{"fifu_image_url":"https:\/\/diariosocialrd.com\/wp-content\/uploads\/2025\/11\/Denise-Simmons-y-Victor-Pacheco-scaled.jpg","fifu_image_alt":"","footnotes":""},"categories":[169],"tags":[],"class_list":["post-74408","post","type-post","status-publish","format-standard","has-post-thumbnail","hentry","category-transporte-internacional"],"_links":{"self":[{"href":"https:\/\/elmundodelosnegocios.com.do\/v1\/wp-json\/wp\/v2\/posts\/74408","targetHints":{"allow":["GET"]}}],"collection":[{"href":"https:\/\/elmundodelosnegocios.com.do\/v1\/wp-json\/wp\/v2\/posts"}],"about":[{"href":"https:\/\/elmundodelosnegocios.com.do\/v1\/wp-json\/wp\/v2\/types\/post"}],"author":[{"embeddable":true,"href":"https:\/\/elmundodelosnegocios.com.do\/v1\/wp-json\/wp\/v2\/users\/2"}],"replies":[{"embeddable":true,"href":"https:\/\/elmundodelosnegocios.com.do\/v1\/wp-json\/wp\/v2\/comments?post=74408"}],"version-history":[{"count":0,"href":"https:\/\/elmundodelosnegocios.com.do\/v1\/wp-json\/wp\/v2\/posts\/74408\/revisions"}],"wp:featuredmedia":[{"embeddable":true,"href":"https:\/\/elmundodelosnegocios.com.do\/v1\/wp-json\/"}],"wp:attachment":[{"href":"https:\/\/elmundodelosnegocios.com.do\/v1\/wp-json\/wp\/v2\/media?parent=74408"}],"wp:term":[{"taxonomy":"category","embeddable":true,"href":"https:\/\/elmundodelosnegocios.com.do\/v1\/wp-json\/wp\/v2\/categories?post=74408"},{"taxonomy":"post_tag","embeddable":true,"href":"https:\/\/elmundodelosnegocios.com.do\/v1\/wp-json\/wp\/v2\/tags?post=74408"}],"curies":[{"name":"wp","href":"https:\/\/api.w.org\/{rel}","templated":true}]}}