{"id":74414,"date":"2025-11-24T08:41:00","date_gmt":"2025-11-24T13:11:00","guid":{"rendered":"https:\/\/elmundodelosnegocios.com.do\/v1\/?p=74414"},"modified":"2025-11-24T08:41:00","modified_gmt":"2025-11-24T13:11:00","slug":"moda-jumbo-impulsa-el-talento-local-con-caracol-la-nueva-coleccion-de-mayle-vasquez","status":"publish","type":"post","link":"https:\/\/elmundodelosnegocios.com.do\/v1\/moda-jumbo-impulsa-el-talento-local-con-caracol-la-nueva-coleccion-de-mayle-vasquez\/","title":{"rendered":"Moda Jumbo impulsa el talento local con \u201cCaracol\u201d, la nueva colecci\u00f3n de Mayl\u00e9 V\u00e1squez"},"content":{"rendered":"\n<p><strong>Jumbo reafirma su compromiso con la moda dominicana<\/strong>&nbsp;con esta colaboraci\u00f3n exclusiva y la dise\u00f1adora dominicana.<\/p>\n\n\n<div class=\"wp-block-image\">\n<figure class=\"aligncenter size-large\"><img decoding=\"async\" src=\"https:\/\/diariosocialrd.com\/wp-content\/uploads\/2025\/11\/Foto-Principal-6966-Sachenka-Rodriguez-Cinthia-Antonio-Cristina-Cuadra-Mayle-Vasquez-y-Airam-Toribio-1170x833.jpg\" alt=\"\"\/><\/figure>\n<\/div>\n\n\n<p><strong>Santo Domingo, Rep\u00fablica Dominicana.- Noviembre de 2025. \u2013<\/strong>&nbsp;A lo largo de los a\u00f1os,&nbsp;<strong>Jumbo<\/strong>&nbsp;ha colaborado con&nbsp;<strong>m\u00e1s de 20 dise\u00f1adores dominicanos<\/strong>, fortaleciendo su compromiso con el desarrollo de la industria creativa nacional y la&nbsp;<strong>moda dominicana<\/strong>. En esta ocasi\u00f3n, present\u00f3&nbsp;<strong>\u201cCaracol\u201d<\/strong>, su primera colaboraci\u00f3n con la reconocida creadora local&nbsp;<strong>Mayl\u00e9 V\u00e1squez<\/strong>. Esta colecci\u00f3n exclusiva para&nbsp;<strong>Moda Jumbo<\/strong>&nbsp;celebra la&nbsp;<strong>feminidad<\/strong>&nbsp;en todas sus etapas y reafirma la misi\u00f3n de la marca de&nbsp;<strong>enaltecer la moda dominicana al alcance de todos<\/strong>.<\/p>\n\n\n<div class=\"wp-block-image\">\n<figure class=\"aligncenter\"><a href=\"https:\/\/diariosocialrd.com\/wp-content\/uploads\/2025\/11\/6972-Mayle-Vasquez-y-Mayra-de-Vasquez-scaled.jpg\"><img decoding=\"async\" src=\"https:\/\/diariosocialrd.com\/wp-content\/uploads\/2025\/11\/6972-Mayle-Vasquez-y-Mayra-de-Vasquez-683x1024.jpg\" alt=\"\" class=\"wp-image-242829\"\/><\/a><\/figure>\n<\/div>\n\n\n<p>\u201cDesde sus inicios,&nbsp;<strong>Jumbo<\/strong>&nbsp;siempre ha impulsado el talento dominicano, especialmente en la industria de la moda. Esta entrega forma parte del programa&nbsp;<strong>De Aqu\u00ed Con Coraz\u00f3n<\/strong>, una iniciativa que reafirma la visi\u00f3n de Jumbo de impulsar la creatividad y ofrecer&nbsp;<strong>moda con identidad dominicana<\/strong>\u201d, expres\u00f3&nbsp;<strong>Madelyn Mart\u00ednez Moya<\/strong>, vicepresidenta de Mercadeo y Retail Financiero de CCN. \u201cEstas iniciativas no solo celebran la moda hecha en el pa\u00eds, sino que tambi\u00e9n permiten que nuestros clientes accedan a&nbsp;<strong>piezas de alta calidad y dise\u00f1o<\/strong>&nbsp;a precios asequibles\u201d, continu\u00f3.<\/p>\n\n\n\n<figure class=\"wp-block-image\"><a href=\"https:\/\/diariosocialrd.com\/wp-content\/uploads\/2025\/11\/6976-Sophia-Sanabria--scaled.jpg\"><img decoding=\"async\" src=\"https:\/\/diariosocialrd.com\/wp-content\/uploads\/2025\/11\/6976-Sophia-Sanabria--1024x764.jpg\" alt=\"\" class=\"wp-image-242828\"\/><\/a><\/figure>\n\n\n\n<p>La colecci\u00f3n&nbsp;<strong>\u201cCaracol\u201d<\/strong>&nbsp;destaca por su&nbsp;<strong>elegancia atemporal<\/strong>, su&nbsp;<strong>versatilidad<\/strong>&nbsp;y la huella caracter\u00edstica de&nbsp;<strong>Mayl\u00e9 V\u00e1squez<\/strong>, quien cuenta con&nbsp;<strong>m\u00e1s de diez a\u00f1os de trayectoria<\/strong>&nbsp;en el dise\u00f1o local. Fiel a su estilo, la dise\u00f1adora incorpora en esta propuesta sus elementos m\u00e1s emblem\u00e1ticos \u2014los&nbsp;<strong>amarres o wraps<\/strong>&nbsp;y los&nbsp;<strong>tachones<\/strong>\u2014 reinterpret\u00e1ndolos en piezas pensadas para acompa\u00f1ar a la mujer en cada etapa de su vida.<\/p>\n\n\n<div class=\"wp-block-image\">\n<figure class=\"aligncenter\"><a href=\"https:\/\/diariosocialrd.com\/wp-content\/uploads\/2025\/11\/6951-Pamela-Abreu-Karina-Fabian-y-Airam-Toribio--scaled.jpg\"><img decoding=\"async\" src=\"https:\/\/diariosocialrd.com\/wp-content\/uploads\/2025\/11\/6951-Pamela-Abreu-Karina-Fabian-y-Airam-Toribio--683x1024.jpg\" alt=\"\" class=\"wp-image-242830\"\/><\/a><\/figure>\n<\/div>\n\n\n<p>El proceso creativo tom\u00f3&nbsp;<strong>dos a\u00f1os<\/strong>&nbsp;y se desarroll\u00f3 de forma colaborativa entre la dise\u00f1adora y el equipo de&nbsp;<strong>Textil de Centro Cuesta Nacional (CCN)<\/strong>. Seg\u00fan&nbsp;<strong>Cuadra<\/strong>, vicepresidenta de Textil de CCN, el objetivo fue combinar&nbsp;<strong>atemporalidad<\/strong>,&nbsp;<strong>versatilidad<\/strong>&nbsp;y ese toque especial que las mujeres buscan al vestir, sin dejar de lado las caracter\u00edsticas emblem\u00e1ticas de las piezas de Mayl\u00e9. \u201cSon piezas con&nbsp;<strong>siluetas fluidas<\/strong>,&nbsp;<strong>lazos<\/strong>&nbsp;y&nbsp;<strong>volumen<\/strong>, dise\u00f1adas para permanecer en el cl\u00f3set por muchos a\u00f1os\u201d, destac\u00f3.<\/p>\n\n\n\n<figure class=\"wp-block-image\"><a href=\"https:\/\/diariosocialrd.com\/wp-content\/uploads\/2025\/11\/6937-Marta-Amengual-Socrates-McKinney-y-Barbara-Maria-Rigo--scaled.jpg\"><img decoding=\"async\" src=\"https:\/\/diariosocialrd.com\/wp-content\/uploads\/2025\/11\/6937-Marta-Amengual-Socrates-McKinney-y-Barbara-Maria-Rigo--1024x683.jpg\" alt=\"\" class=\"wp-image-242831\"\/><\/a><\/figure>\n\n\n\n<p>La colecci\u00f3n&nbsp;<strong>\u201cCaracol\u201d<\/strong>&nbsp;se compone de piezas que reflejan los sellos distintivos de la dise\u00f1adora.<br>Los&nbsp;<strong>tachones<\/strong>&nbsp;se aprecian en blusas, t-shirts y pantalones cl\u00e1sicos en&nbsp;<strong>blanco<\/strong>,&nbsp;<strong>negro<\/strong>&nbsp;y&nbsp;<strong>azul pastel<\/strong>, incluyendo una opci\u00f3n&nbsp;<strong>madre e hija<\/strong>.<br>Los&nbsp;<strong>amarres<\/strong>&nbsp;o el ic\u00f3nico estilo&nbsp;<strong>wrap<\/strong>&nbsp;se presentan en tonos&nbsp;<strong>beige<\/strong>,&nbsp;<strong>arena<\/strong>,&nbsp;<strong>azul claro<\/strong>&nbsp;y&nbsp;<strong>blanco<\/strong>, con blusas, pantalones anchos y camisetas que permiten&nbsp;<strong>m\u00faltiples formas de uso<\/strong>.<br>Por su parte, los&nbsp;<strong>flecos<\/strong>&nbsp;se convierten en los protagonistas de las piezas m\u00e1s festivas, en tonos&nbsp;<strong>rojo vino<\/strong>,&nbsp;<strong>blanco<\/strong>&nbsp;y&nbsp;<strong>crema<\/strong>, aportando&nbsp;<strong>dinamismo<\/strong>,&nbsp;<strong>movimiento<\/strong>&nbsp;y&nbsp;<strong>autenticidad<\/strong>.<\/p>\n\n\n\n<figure class=\"wp-block-image\"><a href=\"https:\/\/diariosocialrd.com\/wp-content\/uploads\/2025\/11\/7055-Katherine-Collado-.jpg\"><img decoding=\"async\" src=\"https:\/\/diariosocialrd.com\/wp-content\/uploads\/2025\/11\/7055-Katherine-Collado-.jpg\" alt=\"\" class=\"wp-image-242832\"\/><\/a><\/figure>\n\n\n\n<p>La propuesta contempla&nbsp;<strong>textiles ligeros y frescos<\/strong>, ideales para el&nbsp;<strong>clima caribe\u00f1o<\/strong>, seleccionados cuidadosamente para mantener la&nbsp;<strong>calidad<\/strong>&nbsp;y la&nbsp;<strong>comodidad<\/strong>. Su&nbsp;<strong>paleta crom\u00e1tica<\/strong>&nbsp;se inspira en los&nbsp;<strong>paisajes costeros dominicanos<\/strong>&nbsp;y en el&nbsp;<strong>caracol<\/strong>&nbsp;como s\u00edmbolo de&nbsp;<strong>evoluci\u00f3n<\/strong>&nbsp;y&nbsp;<strong>vida c\u00edclica<\/strong>. Predominan tonos neutros como&nbsp;<strong>blanco<\/strong>,&nbsp;<strong>negro<\/strong>,&nbsp;<strong>beige<\/strong>&nbsp;y&nbsp;<strong>azul claro<\/strong>, colores combinables y duraderos que refuerzan la idea de piezas esenciales para el&nbsp;<strong>fondo de armario<\/strong>.<\/p>\n\n\n\n<figure class=\"wp-block-image\"><a href=\"https:\/\/diariosocialrd.com\/wp-content\/uploads\/2025\/11\/DSC07109-scaled.jpg\"><img decoding=\"async\" src=\"https:\/\/diariosocialrd.com\/wp-content\/uploads\/2025\/11\/DSC07109-1024x683.jpg\" alt=\"\" class=\"wp-image-242834\"\/><\/a><\/figure>\n\n\n\n<p><strong>Jumbo invita al p\u00fablico<\/strong>&nbsp;a descubrir y disfrutar esta colecci\u00f3n exclusiva disponible en sus tiendas a nivel nacional, y a seguir las redes sociales de la marca para conocer sobre las&nbsp;<strong>visitas especiales<\/strong>&nbsp;que har\u00e1 la dise\u00f1adora&nbsp;<strong>Mayl\u00e9 V\u00e1squez<\/strong>&nbsp;en diferentes sucursales.<\/p>\n\n\n\n<figure class=\"wp-block-image\"><a href=\"https:\/\/diariosocialrd.com\/wp-content\/uploads\/2025\/11\/7132-Jazmin-Gonzalez-viendo-la-coleccion-Caracol-scaled.jpg\"><img decoding=\"async\" src=\"https:\/\/diariosocialrd.com\/wp-content\/uploads\/2025\/11\/7132-Jazmin-Gonzalez-viendo-la-coleccion-Caracol-1024x683.jpg\" alt=\"\" class=\"wp-image-242833\"\/><\/a><\/figure>\n\n\n\n<h2 class=\"wp-block-heading\"><strong>Sobre Jumbo<\/strong><\/h2>\n\n\n\n<p><strong>Jumbo<\/strong>&nbsp;es la propuesta de hipermercados del&nbsp;<strong>Centro Cuesta Nacional (CCN)<\/strong>&nbsp;dise\u00f1ada para satisfacer las necesidades, preferencias y gustos de sus clientes. Con espacios que brindan&nbsp;<strong>confort<\/strong>&nbsp;y&nbsp;<strong>comodidad<\/strong>&nbsp;para asegurar una excelente experiencia de compras, Jumbo mantiene una&nbsp;<strong>diferenciaci\u00f3n marcada<\/strong>, a la vanguardia de las \u00faltimas tendencias y con un liderazgo en surtido gracias a la gran variedad de&nbsp;<strong>marcas locales e internacionales<\/strong>&nbsp;que ofrece en todo el pa\u00eds. Con su promesa de&nbsp;<strong>\u00a1Lo M\u00e1ximo!<\/strong>, Jumbo se posiciona como la mejor propuesta de valor en&nbsp;<strong>calidad, variedad y precios competitivos<\/strong>&nbsp;del mercado.<\/p>\n\n\n\n<figure class=\"wp-block-image\"><a href=\"https:\/\/diariosocialrd.com\/wp-content\/uploads\/2025\/11\/7050-Jose-Jhan-y-Ruben-Bejarano--scaled.jpg\"><img decoding=\"async\" src=\"https:\/\/diariosocialrd.com\/wp-content\/uploads\/2025\/11\/7050-Jose-Jhan-y-Ruben-Bejarano--683x1024.jpg\" alt=\"\" class=\"wp-image-242836\"\/><\/a><\/figure>\n\n\n\n<figure class=\"wp-block-image\"><a href=\"https:\/\/diariosocialrd.com\/wp-content\/uploads\/2025\/11\/7096-Cinthia-Antonio-Cristina-Cuadra-Mayle-Vasquez-Leonel-Lirio-Mercedes-Castan-y-Sachenka-Rodriguez-scaled.jpg\"><img decoding=\"async\" src=\"https:\/\/diariosocialrd.com\/wp-content\/uploads\/2025\/11\/7096-Cinthia-Antonio-Cristina-Cuadra-Mayle-Vasquez-Leonel-Lirio-Mercedes-Castan-y-Sachenka-Rodriguez-1024x683.jpg\" alt=\"\" class=\"wp-image-242835\"\/><\/a><\/figure>\n","protected":false},"excerpt":{"rendered":"<p>Jumbo reafirma su compromiso con la moda dominicana&nbsp;con esta colaboraci\u00f3n exclusiva y la dise\u00f1adora dominicana. Santo Domingo, Rep\u00fablica Dominicana.- Noviembre de 2025. \u2013&nbsp;A lo largo de los a\u00f1os,&nbsp;Jumbo&nbsp;ha colaborado con&nbsp;m\u00e1s&hellip; <\/p>\n","protected":false},"author":2,"featured_media":74416,"comment_status":"closed","ping_status":"closed","sticky":false,"template":"","format":"standard","meta":{"fifu_image_url":"https:\/\/diariosocialrd.com\/wp-content\/uploads\/2025\/11\/Foto-Principal-6966-Sachenka-Rodriguez-Cinthia-Antonio-Cristina-Cuadra-Mayle-Vasquez-y-Airam-Toribio-1170x833.jpg","fifu_image_alt":"","footnotes":""},"categories":[105],"tags":[],"class_list":["post-74414","post","type-post","status-publish","format-standard","has-post-thumbnail","hentry","category-moda"],"_links":{"self":[{"href":"https:\/\/elmundodelosnegocios.com.do\/v1\/wp-json\/wp\/v2\/posts\/74414","targetHints":{"allow":["GET"]}}],"collection":[{"href":"https:\/\/elmundodelosnegocios.com.do\/v1\/wp-json\/wp\/v2\/posts"}],"about":[{"href":"https:\/\/elmundodelosnegocios.com.do\/v1\/wp-json\/wp\/v2\/types\/post"}],"author":[{"embeddable":true,"href":"https:\/\/elmundodelosnegocios.com.do\/v1\/wp-json\/wp\/v2\/users\/2"}],"replies":[{"embeddable":true,"href":"https:\/\/elmundodelosnegocios.com.do\/v1\/wp-json\/wp\/v2\/comments?post=74414"}],"version-history":[{"count":0,"href":"https:\/\/elmundodelosnegocios.com.do\/v1\/wp-json\/wp\/v2\/posts\/74414\/revisions"}],"wp:featuredmedia":[{"embeddable":true,"href":"https:\/\/elmundodelosnegocios.com.do\/v1\/wp-json\/"}],"wp:attachment":[{"href":"https:\/\/elmundodelosnegocios.com.do\/v1\/wp-json\/wp\/v2\/media?parent=74414"}],"wp:term":[{"taxonomy":"category","embeddable":true,"href":"https:\/\/elmundodelosnegocios.com.do\/v1\/wp-json\/wp\/v2\/categories?post=74414"},{"taxonomy":"post_tag","embeddable":true,"href":"https:\/\/elmundodelosnegocios.com.do\/v1\/wp-json\/wp\/v2\/tags?post=74414"}],"curies":[{"name":"wp","href":"https:\/\/api.w.org\/{rel}","templated":true}]}}