{"id":74419,"date":"2025-11-25T08:51:03","date_gmt":"2025-11-25T13:21:03","guid":{"rendered":"https:\/\/elmundodelosnegocios.com.do\/v1\/?p=74419"},"modified":"2025-11-25T08:51:03","modified_gmt":"2025-11-25T13:21:03","slug":"oncologo-advierte-que-la-deteccion-temprana-del-cancer-de-prostata-puede-salvar-vidas","status":"publish","type":"post","link":"https:\/\/elmundodelosnegocios.com.do\/v1\/oncologo-advierte-que-la-deteccion-temprana-del-cancer-de-prostata-puede-salvar-vidas\/","title":{"rendered":"Onc\u00f3logo advierte que la detecci\u00f3n temprana del c\u00e1ncer de pr\u00f3stata puede salvar vidas"},"content":{"rendered":"\n<p><strong>Santo Domingo, RD \u2013 Noviembre de<\/strong>&nbsp;<strong>2025.<\/strong>&nbsp;En el marco del Mes de la Concientizaci\u00f3n sobre el C\u00e1ncer de Pr\u00f3stata, el onc\u00f3logo cl\u00ednico&nbsp;<strong>C\u00e9sar N\u00fa\u00f1ez<\/strong>&nbsp;hizo un llamado urgente a los hombres a priorizar los chequeos preventivos, destacando que esta enfermedad puede alcanzar tasas de supervivencia de hasta&nbsp;<strong>100% cuando se detecta a tiempo<\/strong>.<\/p>\n\n\n<div class=\"wp-block-image\">\n<figure class=\"aligncenter size-large\"><img decoding=\"async\" src=\"https:\/\/elmundodelosnegocios.com.do\/v1\/wp-content\/uploads\/2025\/11\/Oncologo-Cesar-Nunez-1024x576.jpg\" alt=\"\" class=\"wp-image-74420\"\/><\/figure>\n<\/div>\n\n\n<h3 class=\"wp-block-heading\"><strong>Un llamado a dejar de posponer los chequeos<\/strong><\/h3>\n\n\n\n<p>El especialista, del centro&nbsp;<strong>Oncolog\u00eda &amp; Especialidades<\/strong>&nbsp;(Santiago y Mao), enfatiz\u00f3 la importancia de acudir a consulta con un onc\u00f3logo especializado desde las primeras etapas.<\/p>\n\n\n\n<p>\u201cLa detecci\u00f3n temprana del c\u00e1ncer de pr\u00f3stata es crucial porque aumenta dr\u00e1sticamente las probabilidades de curaci\u00f3n y el \u00e9xito del tratamiento\u201d, sostuvo.<\/p>\n\n\n\n<p>Indic\u00f3 que los controles deben iniciar alrededor de los&nbsp;<strong>50 a\u00f1os<\/strong>, o incluso antes para quienes tienen riesgos elevados.<\/p>\n\n\n\n<h3 class=\"wp-block-heading\"><strong>Retos en investigaci\u00f3n y acceso a tratamientos<\/strong><\/h3>\n\n\n\n<p>El doctor N\u00fa\u00f1ez se\u00f1al\u00f3 que la falta de financiamiento para investigaci\u00f3n y el acceso limitado a medicamentos siguen siendo desaf\u00edos importantes en pa\u00edses como la Rep\u00fablica Dominicana.<\/p>\n\n\n\n<p>Entre los principales retos mencion\u00f3:<\/p>\n\n\n\n<ul class=\"wp-block-list\">\n<li>Mejorar la detecci\u00f3n temprana en hombres con riesgo gen\u00e9tico.<\/li>\n\n\n\n<li>Diferenciar tumores de bajo y alto riesgo para optimizar tratamientos.<\/li>\n\n\n\n<li>Combatir la resistencia a las terapias hormonales.<\/li>\n<\/ul>\n\n\n\n<h3 class=\"wp-block-heading\"><strong>Causas y factores de riesgo<\/strong><\/h3>\n\n\n\n<p>El especialista explic\u00f3 que el c\u00e1ncer de pr\u00f3stata se origina en las c\u00e9lulas epiteliales de la gl\u00e1ndula prost\u00e1tica debido a&nbsp;<strong>alteraciones gen\u00e9ticas, mutaciones o cambios en el ADN<\/strong>.<\/p>\n\n\n\n<p>Los factores de riesgo m\u00e1s comunes son:<\/p>\n\n\n\n<ul class=\"wp-block-list\">\n<li>Edad avanzada (m\u00e1s frecuente a partir de los 50 a\u00f1os).<\/li>\n\n\n\n<li>Antecedentes familiares y predisposici\u00f3n gen\u00e9tica.<\/li>\n\n\n\n<li>Origen \u00e9tnico, con mayor incidencia en hombres afrodescendientes.<\/li>\n\n\n\n<li>Dieta inadecuada y exposici\u00f3n a ciertos qu\u00edmicos.<\/li>\n<\/ul>\n\n\n\n<h3 class=\"wp-block-heading\"><strong>S\u00edntomas pueden aparecer tarde<\/strong><\/h3>\n\n\n\n<p>N\u00fa\u00f1ez aclar\u00f3 que uno de los mitos m\u00e1s peligrosos es creer que no tener s\u00edntomas significa que no hay c\u00e1ncer.<\/p>\n\n\n\n<p>Los s\u00edntomas suelen manifestarse en etapas avanzadas e incluyen:<\/p>\n\n\n\n<ul class=\"wp-block-list\">\n<li>Dificultad para orinar<\/li>\n\n\n\n<li>Sangre en orina o semen<\/li>\n\n\n\n<li>Dolor persistente en espalda, caderas o pelvis<\/li>\n\n\n\n<li>Disfunci\u00f3n er\u00e9ctil<\/li>\n\n\n\n<li>P\u00e9rdida de peso involuntaria<\/li>\n<\/ul>\n\n\n\n<h3 class=\"wp-block-heading\"><strong>Ex\u00e1menes clave para detectar a tiempo<\/strong><\/h3>\n\n\n\n<p>Las pruebas recomendadas son:<\/p>\n\n\n\n<ul class=\"wp-block-list\">\n<li><strong>Ant\u00edgeno Prost\u00e1tico Espec\u00edfico (PSA):<\/strong>\u00a0an\u00e1lisis de sangre que mide prote\u00edna de la pr\u00f3stata.<\/li>\n\n\n\n<li><strong>Tacto rectal:<\/strong>\u00a0evaluaci\u00f3n f\u00edsica para detectar cambios en tama\u00f1o o consistencia.<\/li>\n<\/ul>\n\n\n\n<p>El especialista desminti\u00f3 que este examen afecte la sexualidad masculina.<\/p>\n\n\n\n<blockquote class=\"wp-block-quote is-layout-flow wp-block-quote-is-layout-flow\">\n<p>\u201cPor lo general s\u00f3lo produce una ligera molestia y no tiene impacto en la virilidad ni en el desempe\u00f1o sexual\u201d, explic\u00f3.<\/p>\n<\/blockquote>\n\n\n\n<h3 class=\"wp-block-heading\"><strong>Tratamientos disponibles<\/strong><\/h3>\n\n\n\n<p>Actualmente las opciones incluyen:<\/p>\n\n\n\n<ul class=\"wp-block-list\">\n<li>Cirug\u00eda (prostatectom\u00eda radical)<\/li>\n\n\n\n<li>Radioterapia<\/li>\n\n\n\n<li>Terapia hormonal<\/li>\n\n\n\n<li>Quimioterapia<\/li>\n\n\n\n<li>Inmunoterapia<\/li>\n\n\n\n<li>Terapias dirigidas<\/li>\n<\/ul>\n\n\n\n<p>En el pa\u00eds ya se dispone de&nbsp;<strong>cirug\u00eda asistida por robot<\/strong>&nbsp;y procedimientos m\u00ednimamente invasivos que ofrecen recuperaciones m\u00e1s r\u00e1pidas.<\/p>\n\n\n\n<h3 class=\"wp-block-heading\"><strong>Prevenci\u00f3n y estilo de vida<\/strong><\/h3>\n\n\n\n<p>N\u00fa\u00f1ez recomend\u00f3:<\/p>\n\n\n\n<ul class=\"wp-block-list\">\n<li>Alimentaci\u00f3n equilibrada con frutas, verduras, cereales integrales y prote\u00ednas.<\/li>\n\n\n\n<li>Ejercicio habitual.<\/li>\n\n\n\n<li>Evitar alcohol y tabaco.<\/li>\n\n\n\n<li>Dormir bien y manejar el estr\u00e9s.<\/li>\n<\/ul>\n\n\n\n<p>\u201cLa colaboraci\u00f3n entre los profesionales de la salud y la comunidad es clave para aumentar la concienciaci\u00f3n\u201d, concluy\u00f3.<\/p>\n","protected":false},"excerpt":{"rendered":"<p>Santo Domingo, RD \u2013 Noviembre de&nbsp;2025.&nbsp;En el marco del Mes de la Concientizaci\u00f3n sobre el C\u00e1ncer de Pr\u00f3stata, el onc\u00f3logo cl\u00ednico&nbsp;C\u00e9sar N\u00fa\u00f1ez&nbsp;hizo un llamado urgente a los hombres a priorizar&hellip; <\/p>\n","protected":false},"author":2,"featured_media":74432,"comment_status":"closed","ping_status":"closed","sticky":false,"template":"","format":"standard","meta":{"fifu_image_url":"https:\/\/elmundodelosnegocios.com.do\/v1\/wp-content\/uploads\/2025\/11\/Oncologo-Cesar-Nunez.jpg","fifu_image_alt":"","footnotes":""},"categories":[80],"tags":[],"class_list":["post-74419","post","type-post","status-publish","format-standard","has-post-thumbnail","hentry","category-salud"],"_links":{"self":[{"href":"https:\/\/elmundodelosnegocios.com.do\/v1\/wp-json\/wp\/v2\/posts\/74419","targetHints":{"allow":["GET"]}}],"collection":[{"href":"https:\/\/elmundodelosnegocios.com.do\/v1\/wp-json\/wp\/v2\/posts"}],"about":[{"href":"https:\/\/elmundodelosnegocios.com.do\/v1\/wp-json\/wp\/v2\/types\/post"}],"author":[{"embeddable":true,"href":"https:\/\/elmundodelosnegocios.com.do\/v1\/wp-json\/wp\/v2\/users\/2"}],"replies":[{"embeddable":true,"href":"https:\/\/elmundodelosnegocios.com.do\/v1\/wp-json\/wp\/v2\/comments?post=74419"}],"version-history":[{"count":0,"href":"https:\/\/elmundodelosnegocios.com.do\/v1\/wp-json\/wp\/v2\/posts\/74419\/revisions"}],"wp:featuredmedia":[{"embeddable":true,"href":"https:\/\/elmundodelosnegocios.com.do\/v1\/wp-json\/"}],"wp:attachment":[{"href":"https:\/\/elmundodelosnegocios.com.do\/v1\/wp-json\/wp\/v2\/media?parent=74419"}],"wp:term":[{"taxonomy":"category","embeddable":true,"href":"https:\/\/elmundodelosnegocios.com.do\/v1\/wp-json\/wp\/v2\/categories?post=74419"},{"taxonomy":"post_tag","embeddable":true,"href":"https:\/\/elmundodelosnegocios.com.do\/v1\/wp-json\/wp\/v2\/tags?post=74419"}],"curies":[{"name":"wp","href":"https:\/\/api.w.org\/{rel}","templated":true}]}}