{"id":74488,"date":"2025-11-27T11:01:54","date_gmt":"2025-11-27T15:31:54","guid":{"rendered":"https:\/\/elmundodelosnegocios.com.do\/v1\/?p=74488"},"modified":"2025-11-27T11:01:54","modified_gmt":"2025-11-27T15:31:54","slug":"participo-gobernador-valdez-albizu-en-305a-reunion-del-consejo-monetario-centroamericano","status":"publish","type":"post","link":"https:\/\/elmundodelosnegocios.com.do\/v1\/participo-gobernador-valdez-albizu-en-305a-reunion-del-consejo-monetario-centroamericano\/","title":{"rendered":"Particip\u00f3 gobernador Valdez Albizu\u00a0en 305\u00aa Reuni\u00f3n del\u00a0Consejo Monetario Centroamericano"},"content":{"rendered":"\n<p><em>Durante el evento regional, el gobernador del BCRD destac\u00f3 la valoraci\u00f3n positiva realizada por el FMI en la publicaci\u00f3n de su Staff Report sobre las conclusiones del Art\u00edculo IV realizada por ese organismo internacional<\/em><\/p>\n\n\n\n<p><strong>Punta Cana, Rep\u00fablica Dominicana<\/strong>. El gobernador del Banco Central de la Rep\u00fablica Dominicana (BCRD), H\u00e9ctor Valdez Albizu, presidi\u00f3 junto al se\u00f1or \u00c1lvaro Gonz\u00e1lez Ricci, presidente del Banco de Guatemala y vicepresidente del CMCA, la 305\u00aa Reuni\u00f3n del Consejo Monetario Centroamericano (CMCA), celebrada del 20 y 21 de noviembre, en Punta Cana, provincia La Altagracia, con la participaci\u00f3n de los presidentes y gobernadores de los bancos centrales de la regi\u00f3n centroamericana, as\u00ed como altos funcionarios del Fondo Monetario Internacional (FMI), el Banco Interamericano de Desarrollo (BID), la Comisi\u00f3n Econ\u00f3mica para Am\u00e9rica Latina y el Caribe (CEPAL), el Centro Regional de Asistencia T\u00e9cnica para Centroam\u00e9rica, Panam\u00e1 y Rep\u00fablica Dominicana (CAPTAC-DR) y el Banco de Pagos Internacionales (BIS, por sus siglas en ingl\u00e9s).<\/p>\n\n\n\n<figure class=\"wp-block-image size-full\"><img decoding=\"async\" src=\"https:\/\/elmundodelosnegocios.com.do\/v1\/wp-content\/uploads\/2025\/11\/bc20251123.jpg\" alt=\"\" class=\"wp-image-74489\"\/><\/figure>\n\n\n\n<p>Las palabras de bienvenida estuvieron a cargo de los se\u00f1ores \u00c1lvaro Gonz\u00e1lez Ricci, presidente del Banco de Guatemala y vicepresidente del CMCA; Odalis Marte Alevante, secretario ejecutivo del CMCA y H\u00e9ctor Valdez Albizu, gobernador del BCRD, en su calidad de anfitri\u00f3n, quien destac\u00f3 el papel fundamental que desempe\u00f1an estos encuentros, reafirmando el compromiso de continuar implementando medidas concretas para impulsar la estabilidad macroecon\u00f3mica y contribuir al bienestar de Centroam\u00e9rica y Rep\u00fablica Dominicana.<\/p>\n\n\n\n<figure class=\"wp-block-image size-full\"><img decoding=\"async\" src=\"https:\/\/elmundodelosnegocios.com.do\/v1\/wp-content\/uploads\/2025\/11\/bc20251123-2.jpg\" alt=\"\" class=\"wp-image-74490\"\/><\/figure>\n\n\n\n<p>Durante su intervenci\u00f3n, Valdez Albizu resalt\u00f3 la valoraci\u00f3n positiva realizada por el FMI en la publicaci\u00f3n del <em>Staff Report<\/em> sobre las conclusiones del Art\u00edculo IV, tras la aprobaci\u00f3n realizada por el Directorio Ejecutivo de ese organismo internacional para la Rep\u00fablica Dominicana, donde se destacan mejoras significativas en el desempe\u00f1o macroecon\u00f3mico del pa\u00eds y perspectivas favorables de crecimiento para el 2026 en torno al 4.5 % y un retorno al crecimiento potencial del 5 % para el mediano y largo plazo.&nbsp;<\/p>\n\n\n\n<figure class=\"wp-block-image size-full\"><img decoding=\"async\" src=\"https:\/\/elmundodelosnegocios.com.do\/v1\/wp-content\/uploads\/2025\/11\/bc20251123-3.jpg\" alt=\"\" class=\"wp-image-74491\"\/><\/figure>\n\n\n\n<p>Adem\u00e1s, el gobernador ponder\u00f3 que el FMI ha reconocido importantes avances en materia cambiaria que han conducido al organismo internacional a clasificar el r\u00e9gimen cambiario de Rep\u00fablica Dominicana como flotaci\u00f3n. Esta reclasificaci\u00f3n repercute positivamente en el c\u00e1lculo de la m\u00e9trica de adecuaci\u00f3n de reservas internacionales (ARA, por sus siglas en ingl\u00e9s) para el pa\u00eds que utiliza dicho organismo multilateral. Asimismo, las conclusiones del reporte resaltan que Rep\u00fablica Dominicana cuenta con fundamentos econ\u00f3micos fuertes y espacio de maniobra para aplicar pol\u00edticas para enfrentar la continua incertidumbre global.&nbsp;<\/p>\n\n\n\n<p>En el marco de la reuni\u00f3n los funcionarios del FMI, Andre Roncaglia, director ejecutivo del organismo para Brasil, Cabo Verde, Rep\u00fablica Dominicana, Ecuador, Guyana, Hait\u00ed, Nicaragua, Panam\u00e1, Surinam, Timor-Leste y Trinidad y Tobago; y Xiana M\u00e9ndez Bertola, directora ejecutiva del FMI para Espa\u00f1a, M\u00e9xico, Venezuela, Colombia, Costa Rica, El Salvador, Guatemala y Honduras, expusieron sobre los retos de la pol\u00edtica econ\u00f3mica en los pa\u00edses de Centroam\u00e9rica y Rep\u00fablica Dominicana.&nbsp;De igual forma, el se\u00f1or Alexandre Tombini, representante jefe de la Oficina para las Am\u00e9ricas del BIS, exgobernador del Banco Central de Brasil y exdirector ejecutivo del FMI, realiz\u00f3 una conferencia sobre los retos para los bancos centrales provenientes de los avances en los modelos de inteligencia artificial. Asimismo, miembros de la CEPAL y el BID realizaron diferentes presentaciones sobre el contexto macroecon\u00f3mico actual.<\/p>\n\n\n\n<p>La agenda de trabajo del evento incluy\u00f3 exposiciones de los gobernadores y presidentes de los bancos centrales centroamericanos sobre la evoluci\u00f3n de la actividad econ\u00f3mica, las condiciones financieras y las proyecciones econ\u00f3micas para el a\u00f1o 2026, enfatizando sobre la importancia de reducir las presiones inflacionarias y mantener la senda de crecimiento en la regi\u00f3n.<\/p>\n\n\n\n<p>En este tenor, el gobernador Valdez Albizu puntualiz\u00f3 que, la din\u00e1mica de la econom\u00eda en Rep\u00fablica Dominicana se ha visto condicionada por un panorama internacional convulso, caracterizada por elevados niveles de incertidumbre y condiciones financieras m\u00e1s restrictivas de lo previsto, mientras la inflaci\u00f3n se ha mantenido dentro del rango meta de 4.0 % \u00b1 1.0 % por 30 meses consecutivos y se ha implementado un programa de provisi\u00f3n de liquidez con el objetivo de contribuir a la canalizaci\u00f3n de financiamiento a los sectores productivos.&nbsp;<\/p>\n\n\n\n<p>El gobernador expres\u00f3 que, a pesar del desafiante entorno internacional, se proyecta que la econom\u00eda dominicana generar\u00eda durante el presente a\u00f1o alrededor de USD46,000 millones, provenientes principalmente de exportaciones por USD14,900 millones, ingresos por turismo por USD11,200 millones y remesas por m\u00e1s de USD11,700 millones. Adicionalmente, la inversi\u00f3n extranjera directa superar\u00eda por cuarto a\u00f1o consecutivo los USD4 mil millones, alcanzando en 2025 m\u00e1s de USD4,800 millones, cubriendo con holgura el d\u00e9ficit estimado de cuenta corriente de 2.5 % del producto interno bruto (PIB). Asimismo, este desempe\u00f1o favorable ha contribuido a mantener la estabilidad relativa del tipo de cambio y a que las reservas internacionales alcancen unos US$14,500 millones, equivalentes a 11 % del PIB y a m\u00e1s de cinco meses de importaciones, niveles que superan las m\u00e9tricas recomendadas por el FMI.<\/p>\n\n\n\n<p>Pese al exigente contexto global, el gobernador Valdez Albizu prev\u00e9 que la actividad econ\u00f3mica experimente una recuperaci\u00f3n gradual, sustentada en condiciones monetarias m\u00e1s favorables y en un mayor impulso de la pol\u00edtica fiscal, reflejado en el incremento de la inversi\u00f3n p\u00fablica. En ese sentido, se proyecta que el crecimiento econ\u00f3mico cerrar\u00eda el presente a\u00f1o en torno a 2.5 % y retomar\u00eda un ritmo cercano al potencial en el 2026, con una expansi\u00f3n entre 4.0 % y 5.0 % en 2026.<\/p>\n\n\n\n<p>En la actividad el gobernador Valdez Albizu estuvo acompa\u00f1ado por Clarissa de la Rocha, vicegobernadora; Joel Tejeda, subgerente de Pol\u00edticas Monetaria, Cambiaria y Financiera; Julio And\u00fajar, asesor econ\u00f3mico de la Gobernaci\u00f3n; Joel Gonz\u00e1lez, subgerente de Programaci\u00f3n Monetaria y Estudios Econ\u00f3micos; Brenda Villanueva, subgerente del Departamento Internacional; Olga Morel, consultora Jur\u00eddica; y Jonathan Abreu, director de Comunicaciones.<\/p>\n","protected":false},"excerpt":{"rendered":"<p>Durante el evento regional, el gobernador del BCRD destac\u00f3 la valoraci\u00f3n positiva realizada por el FMI en la publicaci\u00f3n de su Staff Report sobre las conclusiones del Art\u00edculo IV realizada&hellip; <\/p>\n","protected":false},"author":2,"featured_media":0,"comment_status":"closed","ping_status":"closed","sticky":false,"template":"","format":"standard","meta":{"fifu_image_url":"","fifu_image_alt":"","footnotes":""},"categories":[1],"tags":[],"class_list":["post-74488","post","type-post","status-publish","format-standard","hentry","category-uncategorized"],"_links":{"self":[{"href":"https:\/\/elmundodelosnegocios.com.do\/v1\/wp-json\/wp\/v2\/posts\/74488","targetHints":{"allow":["GET"]}}],"collection":[{"href":"https:\/\/elmundodelosnegocios.com.do\/v1\/wp-json\/wp\/v2\/posts"}],"about":[{"href":"https:\/\/elmundodelosnegocios.com.do\/v1\/wp-json\/wp\/v2\/types\/post"}],"author":[{"embeddable":true,"href":"https:\/\/elmundodelosnegocios.com.do\/v1\/wp-json\/wp\/v2\/users\/2"}],"replies":[{"embeddable":true,"href":"https:\/\/elmundodelosnegocios.com.do\/v1\/wp-json\/wp\/v2\/comments?post=74488"}],"version-history":[{"count":0,"href":"https:\/\/elmundodelosnegocios.com.do\/v1\/wp-json\/wp\/v2\/posts\/74488\/revisions"}],"wp:attachment":[{"href":"https:\/\/elmundodelosnegocios.com.do\/v1\/wp-json\/wp\/v2\/media?parent=74488"}],"wp:term":[{"taxonomy":"category","embeddable":true,"href":"https:\/\/elmundodelosnegocios.com.do\/v1\/wp-json\/wp\/v2\/categories?post=74488"},{"taxonomy":"post_tag","embeddable":true,"href":"https:\/\/elmundodelosnegocios.com.do\/v1\/wp-json\/wp\/v2\/tags?post=74488"}],"curies":[{"name":"wp","href":"https:\/\/api.w.org\/{rel}","templated":true}]}}