{"id":74647,"date":"2025-12-05T16:38:41","date_gmt":"2025-12-05T21:08:41","guid":{"rendered":"https:\/\/elmundodelosnegocios.com.do\/v1\/?p=74647"},"modified":"2025-12-05T16:38:48","modified_gmt":"2025-12-05T21:08:48","slug":"mitur-y-arajet-anuncian-la-tercera-ruta-diaria-a-nueva-york-de-la-aerolinea-a-partir-de-primavera","status":"publish","type":"post","link":"https:\/\/elmundodelosnegocios.com.do\/v1\/mitur-y-arajet-anuncian-la-tercera-ruta-diaria-a-nueva-york-de-la-aerolinea-a-partir-de-primavera\/","title":{"rendered":"MITUR y Arajet anuncian la tercera ruta diaria a Nueva York de la aerol\u00ednea, a partir de primavera"},"content":{"rendered":"\n<p>New York.\u2013 En una rueda de prensa conjunta celebrada hoy, el ministro de Turismo,&nbsp;<strong>David Collado<\/strong>, y el CEO y fundador de Arajet,&nbsp;<strong>V\u00edctor Pacheco,<\/strong>&nbsp;anunciaron una&nbsp;<strong>importante expansi\u00f3n<\/strong>&nbsp;en la conectividad a\u00e9rea entre la&nbsp;<strong>Rep\u00fablica Dominicana y el \u00e1rea de Nueva York<\/strong>, a partir de la pr\u00f3xima primavera,&nbsp;<strong>Arajet<\/strong>&nbsp;operar\u00e1 una&nbsp;<strong>tercera frecuencia diaria<\/strong>&nbsp;hacia el aeropuerto de Newark&nbsp;<strong>(EWR)<\/strong>.<\/p>\n\n\n<div class=\"wp-block-image\">\n<figure class=\"aligncenter size-large\"><img decoding=\"async\" src=\"https:\/\/presidencia.gob.do\/sites\/default\/files\/styles\/large\/public\/news\/2025-12\/Foto%20web_7.jpg?itok=zfP77YuA\" alt=\"\"\/><\/figure>\n<\/div>\n\n\n<p>El anuncio responde al&nbsp;<strong>crecimiento sostenido en la demanda<\/strong>&nbsp;por parte de la di\u00e1spora dominicana&nbsp;<strong>en Estados Unidos,<\/strong>&nbsp;as\u00ed como al aumento del flujo de&nbsp;<strong>turistas y viajeros<\/strong>&nbsp;entre ambos pa\u00edses. Seg\u00fan Pacheco, esta nueva ruta diaria reforzar\u00e1 el compromiso de Arajet con ofrecer un servicio&nbsp;<strong>accesible, competitivo y de calidad,<\/strong>&nbsp;especialmente en temporadas clave como la navide\u00f1a.<\/p>\n\n\n\n<p>Adem\u00e1s, ambos funcionarios confirmaron que durante las fiestas navide\u00f1as de este a\u00f1o la di\u00e1spora dominicana&nbsp;<em>\u201ctendr\u00e1 garantizados los precios m\u00e1s asequibles del mercado\u201d,<\/em>&nbsp;reafirmando que Arajet busca facilitar el reencuentro familiar sin sacrificar el presupuesto.<\/p>\n\n\n\n<p><em>\u201cEsto es el resultado de todo el esfuerzo que hizo el gobierno dominicano para firmar cielos abiertos y que haya mayor competencia y mejor conectividad. Gracias a esto hoy vemos a una l\u00ednea a\u00e9rea dominicana viajando a 6 ciudades en Estados Unidos a los precios m\u00e1s competitivos del mercado\u201d<\/em>&nbsp;afirm\u00f3 el ministro Collado.&nbsp;<\/p>\n\n\n\n<p>Hasta la fecha, Arajet ya opera actualmente&nbsp;<strong>dos vuelos diarios<\/strong>&nbsp;entre Santo Domingo (Aeropuerto Las Am\u00e9ricas, SDQ) y Newark (EWR). El primer vuelo de frecuencia tradicional sale de Santo Domingo a las&nbsp;<strong>6:10 a.m.<\/strong>&nbsp;con llegada a Newark a las&nbsp;<strong>9:30 a.m.<\/strong>, mientras que el segundo vuelo a\u00f1adido recientemente despega a las&nbsp;<strong>7:10 p.m.<\/strong>&nbsp;con llegada a las&nbsp;<strong>10:30 p.m.<\/strong>&nbsp;<\/p>\n\n\n\n<p>Con esta tercera frecuencia diaria prevista para la&nbsp;<strong>primavera pr\u00f3xima<\/strong>, Arajet ampl\u00eda su oferta para atender la creciente demanda de viajes entre la Rep\u00fablica Dominicana y la di\u00e1spora en Nueva York, al mismo tiempo que refuerza su posici\u00f3n como&nbsp;<strong>alternativa de bajo costo y alto valor<\/strong>&nbsp;para viajeros nacionales e internacionales.<\/p>\n","protected":false},"excerpt":{"rendered":"<p>New York.\u2013 En una rueda de prensa conjunta celebrada hoy, el ministro de Turismo,&nbsp;David Collado, y el CEO y fundador de Arajet,&nbsp;V\u00edctor Pacheco,&nbsp;anunciaron una&nbsp;importante expansi\u00f3n&nbsp;en la conectividad a\u00e9rea entre la&nbsp;Rep\u00fablica&hellip; <\/p>\n","protected":false},"author":2,"featured_media":74649,"comment_status":"closed","ping_status":"closed","sticky":false,"template":"","format":"standard","meta":{"fifu_image_url":"https:\/\/presidencia.gob.do\/sites\/default\/files\/styles\/large\/public\/news\/2025-12\/Foto%20web_7.jpg?itok=zfP77YuA","fifu_image_alt":"","footnotes":""},"categories":[169],"tags":[],"class_list":["post-74647","post","type-post","status-publish","format-standard","has-post-thumbnail","hentry","category-transporte-internacional"],"_links":{"self":[{"href":"https:\/\/elmundodelosnegocios.com.do\/v1\/wp-json\/wp\/v2\/posts\/74647","targetHints":{"allow":["GET"]}}],"collection":[{"href":"https:\/\/elmundodelosnegocios.com.do\/v1\/wp-json\/wp\/v2\/posts"}],"about":[{"href":"https:\/\/elmundodelosnegocios.com.do\/v1\/wp-json\/wp\/v2\/types\/post"}],"author":[{"embeddable":true,"href":"https:\/\/elmundodelosnegocios.com.do\/v1\/wp-json\/wp\/v2\/users\/2"}],"replies":[{"embeddable":true,"href":"https:\/\/elmundodelosnegocios.com.do\/v1\/wp-json\/wp\/v2\/comments?post=74647"}],"version-history":[{"count":1,"href":"https:\/\/elmundodelosnegocios.com.do\/v1\/wp-json\/wp\/v2\/posts\/74647\/revisions"}],"predecessor-version":[{"id":74648,"href":"https:\/\/elmundodelosnegocios.com.do\/v1\/wp-json\/wp\/v2\/posts\/74647\/revisions\/74648"}],"wp:featuredmedia":[{"embeddable":true,"href":"https:\/\/elmundodelosnegocios.com.do\/v1\/wp-json\/wp\/v2\/media\/74649"}],"wp:attachment":[{"href":"https:\/\/elmundodelosnegocios.com.do\/v1\/wp-json\/wp\/v2\/media?parent=74647"}],"wp:term":[{"taxonomy":"category","embeddable":true,"href":"https:\/\/elmundodelosnegocios.com.do\/v1\/wp-json\/wp\/v2\/categories?post=74647"},{"taxonomy":"post_tag","embeddable":true,"href":"https:\/\/elmundodelosnegocios.com.do\/v1\/wp-json\/wp\/v2\/tags?post=74647"}],"curies":[{"name":"wp","href":"https:\/\/api.w.org\/{rel}","templated":true}]}}