{"id":74650,"date":"2025-12-01T16:39:16","date_gmt":"2025-12-01T21:09:16","guid":{"rendered":"https:\/\/elmundodelosnegocios.com.do\/v1\/?p=74650"},"modified":"2025-12-05T16:40:51","modified_gmt":"2025-12-05T21:10:51","slug":"republica-dominicana-recibe-10-2-millones-de-visitantes-en-11-meses","status":"publish","type":"post","link":"https:\/\/elmundodelosnegocios.com.do\/v1\/republica-dominicana-recibe-10-2-millones-de-visitantes-en-11-meses\/","title":{"rendered":"Rep\u00fablica Dominicana recibe 10.2 millones de visitantes en 11 meses"},"content":{"rendered":"\n<p>Santo Domingo.-&nbsp;<strong>La Rep\u00fablica Dominicana<\/strong>&nbsp;recibi\u00f3&nbsp;<strong>10,284,251 visitantes<\/strong>&nbsp;en los primeros 11 meses de este a\u00f1o, lo que garantiza un cierre<strong>&nbsp;r\u00e9cord en llegada cuando finalice este 2025,<\/strong>&nbsp;inform\u00f3 el ministro David Collado.<\/p>\n\n\n<div class=\"wp-block-image\">\n<figure class=\"aligncenter size-large\"><img decoding=\"async\" src=\"https:\/\/presidencia.gob.do\/sites\/default\/files\/styles\/large\/public\/news\/2025-12\/IMG_1821%20%281%29.jpg?itok=-RFhEGyz\" alt=\"\"\/><\/figure>\n<\/div>\n\n\n<p>Al dar a conocer los resultados del&nbsp;<strong>comportamiento de la industria en el periodo enero-noviembre<\/strong>, durante su exposici\u00f3n en un hotel de la capital, Collado dijo que la llegada de visitantes en los primeros once meses del a\u00f1o registr\u00f3 un&nbsp;<strong>crecimiento&nbsp;<\/strong>de un 52 % con respecto al 2019, un 13 % respecto al 2023 y un&nbsp;<strong>3.1 % en comparaci\u00f3n al a\u00f1o pasado.<\/strong><\/p>\n\n\n\n<p>El funcionario inform\u00f3 que en esos once meses el pa\u00eds recibi\u00f3&nbsp;<strong>7,884,421 turistas por la v\u00eda a\u00e9rea<\/strong>, lo que represent\u00f3 un crecimiento de un 35 % respecto al 2019, un 10% con relaci\u00f3n al 2023 y 3% en comparaci\u00f3n del 2024.<\/p>\n\n\n\n<p>En el periodo enero-noviembre de este a\u00f1o se registr\u00f3 la llegada de&nbsp;<strong>2,399,830 cruceristas<\/strong>, lo que representa un aumento de un 153 % con relaci\u00f3n al 2019, 25% respecto al 2023 y 3.4 % frente al a\u00f1o pasado.<\/p>\n\n\n\n<p><em>\u00abEsas llegadas, por las v\u00edas a\u00e9rea y mar\u00edtima, marcan otro r\u00e9cord: 10,284,251 de visitantes en once meses. Lo volvimos hacer\u00bb<\/em>, dijo el ministro Collado.<\/p>\n\n\n\n<p>El funcionario inform\u00f3 que solo en el mes de&nbsp;<strong>noviembre<\/strong>&nbsp;el pa\u00eds recibi\u00f3 un total de&nbsp;<strong>1,000,484 visitantes<\/strong>, lo que refleja crecimiento un crecimiento de un 75 % respecto al 2019, 16 % en comparaci\u00f3n con el 2023 y 13.5 % frente al 2024.<\/p>\n\n\n\n<p>En&nbsp;<strong>noviembre<\/strong>&nbsp;llegaron por la v\u00eda a\u00e9rea&nbsp;<strong>715,916 turistas<\/strong>&nbsp;y por v\u00eda mar\u00edtima&nbsp;<strong>284,568 cruceristas.<\/strong><\/p>\n\n\n\n<p>Los pa\u00edses emisores que m\u00e1s visitantes aportaron fueron&nbsp;<strong>Estados Unidos<\/strong>&nbsp;con un 39 %,&nbsp;<strong>Canad\u00e1<\/strong>&nbsp;con un 19 %,&nbsp;<strong>Colombia y Argentina<\/strong>&nbsp;con un 6 %, mientras que&nbsp;<strong>Puerto Rico, M\u00e9xico y Alemania<\/strong>&nbsp;representaron un 3 %.<\/p>\n\n\n\n<p>Los aeropuertos que m\u00e1s turistas recibieron en el periodo enero-noviembre fueron&nbsp;<strong>Punta Cana con 62 %, Las Am\u00e9ricas con 22 %, Cibao con 10 %, Puerto Plata 4 %<\/strong>&nbsp;y un 1 %&nbsp; la Romana y el resto.<\/p>\n\n\n\n<p>El ministro Collado expres\u00f3 que,&nbsp;<strong>pese a todas las adversidades a nivel mundial,&nbsp;<\/strong>el turismo dominicano contin\u00faa creciendo de manera sostenida.<\/p>\n\n\n\n<p><em>\u00abHa sido una proeza alcanzar esos n\u00fameros con la coyuntura internacional\u00bb<\/em>, subray\u00f3 el ministro Collado.<\/p>\n\n\n\n<p><em>\u00abHemos podido fortalecer la confianza entre los inversionistas nacionales y extranjeros\u00bb,<\/em>&nbsp;indic\u00f3 al funcionario.<\/p>\n","protected":false},"excerpt":{"rendered":"<p>Santo Domingo.-&nbsp;La Rep\u00fablica Dominicana&nbsp;recibi\u00f3&nbsp;10,284,251 visitantes&nbsp;en los primeros 11 meses de este a\u00f1o, lo que garantiza un cierre&nbsp;r\u00e9cord en llegada cuando finalice este 2025,&nbsp;inform\u00f3 el ministro David Collado. Al dar a&hellip; <\/p>\n","protected":false},"author":2,"featured_media":74652,"comment_status":"closed","ping_status":"closed","sticky":false,"template":"","format":"standard","meta":{"fifu_image_url":"https:\/\/presidencia.gob.do\/sites\/default\/files\/styles\/large\/public\/news\/2025-12\/IMG_1821%20%281%29.jpg?itok=-RFhEGyz","fifu_image_alt":"","footnotes":""},"categories":[172],"tags":[],"class_list":["post-74650","post","type-post","status-publish","format-standard","has-post-thumbnail","hentry","category-turismo"],"_links":{"self":[{"href":"https:\/\/elmundodelosnegocios.com.do\/v1\/wp-json\/wp\/v2\/posts\/74650","targetHints":{"allow":["GET"]}}],"collection":[{"href":"https:\/\/elmundodelosnegocios.com.do\/v1\/wp-json\/wp\/v2\/posts"}],"about":[{"href":"https:\/\/elmundodelosnegocios.com.do\/v1\/wp-json\/wp\/v2\/types\/post"}],"author":[{"embeddable":true,"href":"https:\/\/elmundodelosnegocios.com.do\/v1\/wp-json\/wp\/v2\/users\/2"}],"replies":[{"embeddable":true,"href":"https:\/\/elmundodelosnegocios.com.do\/v1\/wp-json\/wp\/v2\/comments?post=74650"}],"version-history":[{"count":1,"href":"https:\/\/elmundodelosnegocios.com.do\/v1\/wp-json\/wp\/v2\/posts\/74650\/revisions"}],"predecessor-version":[{"id":74651,"href":"https:\/\/elmundodelosnegocios.com.do\/v1\/wp-json\/wp\/v2\/posts\/74650\/revisions\/74651"}],"wp:featuredmedia":[{"embeddable":true,"href":"https:\/\/elmundodelosnegocios.com.do\/v1\/wp-json\/wp\/v2\/media\/74652"}],"wp:attachment":[{"href":"https:\/\/elmundodelosnegocios.com.do\/v1\/wp-json\/wp\/v2\/media?parent=74650"}],"wp:term":[{"taxonomy":"category","embeddable":true,"href":"https:\/\/elmundodelosnegocios.com.do\/v1\/wp-json\/wp\/v2\/categories?post=74650"},{"taxonomy":"post_tag","embeddable":true,"href":"https:\/\/elmundodelosnegocios.com.do\/v1\/wp-json\/wp\/v2\/tags?post=74650"}],"curies":[{"name":"wp","href":"https:\/\/api.w.org\/{rel}","templated":true}]}}