{"id":74665,"date":"2025-12-05T17:19:33","date_gmt":"2025-12-05T21:49:33","guid":{"rendered":"https:\/\/elmundodelosnegocios.com.do\/v1\/ministro-ito-bisono-afirma-las-mipymes-se-consolidan-como-motor-del-desarrollo-nacional\/"},"modified":"2025-12-05T17:19:33","modified_gmt":"2025-12-05T21:49:33","slug":"ministro-ito-bisono-afirma-las-mipymes-se-consolidan-como-motor-del-desarrollo-nacional","status":"publish","type":"post","link":"https:\/\/elmundodelosnegocios.com.do\/v1\/ministro-ito-bisono-afirma-las-mipymes-se-consolidan-como-motor-del-desarrollo-nacional\/","title":{"rendered":"Ministro Ito Bison\u00f3 afirma las MIPYMES se consolidan como motor del desarrollo nacional"},"content":{"rendered":"<div>\n<p><em>Viernes 28 de Noviembre, 2025.<\/em><\/p>\n<p class=\"p1\"><em>Las Mipymes han recibido apoyo con m\u00e1s de RD$270,000 Millones en Compras P\u00fablicas y RD$7,000 millones en financiamiento en 2025<\/em><\/p>\n<p class=\"p1\"><strong>Santo Domingo, R.D.<\/strong> \u2013 El ministro de Industria, Comercio y Mipymes (MICM), V\u00edctor \u00abIto\u00bb Bison\u00f3, afirm\u00f3 que las Micro, Peque\u00f1as y Medianas Empresas (MIPYMES) dominicanas son la fuerza decisiva y creadora del futuro econ\u00f3mico\u00a0del pa\u00eds. Las declaraciones se dieron durante un almuerzo con la Confederaci\u00f3n Dominicana de la Micro, Peque\u00f1a y Mediana Empresa (CODOPYME), que reafirma el compromiso del Gobierno con este sector productivo. El ministro Bison\u00f3 destac\u00f3 que, bajo la visi\u00f3n estrat\u00e9gica del presidente Luis\u00a0Abinader, basada en productividad, sostenibilidad e inclusi\u00f3n, se ha consolidado\u00a0un ecosistema donde la formalizaci\u00f3n es el punto de partida y la educaci\u00f3n el motor del cambio.<\/p>\n<p><img loading=\"lazy\" decoding=\"async\" class=\"alignnone wp-image-192055\" src=\"https:\/\/micm.gob.do\/wp-content\/uploads\/2025\/11\/Ministro-Ito-Bisono-MICM-Expo-Feria-Codopyme-2-300x169.jpeg\" alt=\"Ministro-Ito-Bisono-MICM-Expo-Feria-Codopyme-2\" width=\"1012\" height=\"570\" srcset=\"https:\/\/micm.gob.do\/wp-content\/uploads\/2025\/11\/Ministro-Ito-Bisono-MICM-Expo-Feria-Codopyme-2-300x169.jpeg 300w, https:\/\/micm.gob.do\/wp-content\/uploads\/2025\/11\/Ministro-Ito-Bisono-MICM-Expo-Feria-Codopyme-2-1024x576.jpeg 1024w, https:\/\/micm.gob.do\/wp-content\/uploads\/2025\/11\/Ministro-Ito-Bisono-MICM-Expo-Feria-Codopyme-2-768x432.jpeg 768w, https:\/\/micm.gob.do\/wp-content\/uploads\/2025\/11\/Ministro-Ito-Bisono-MICM-Expo-Feria-Codopyme-2.jpeg 1280w\" sizes=\"auto, (max-width: 1012px) 100vw, 1012px\"><\/p>\n<p class=\"p1\"><strong>Cifras r\u00e9cord en apoyo financiero y compras estatales<\/strong><\/p>\n<p class=\"p1\">Bison\u00f3 revel\u00f3 cifras contundentes que demuestran la confianza del Gobierno en el\u00a0emprendedurismo nacional, entre las que cit\u00f3 las Compras P\u00fablicas Hist\u00f3ricas implementadas \u201cGracias a la pol\u00edtica p\u00fablica impulsada por el Decreto 31-22, que prioriza la adquisici\u00f3n de bienes nacionales, lo que ha servido de impulso a m\u00e1s\u00a0de 36,000 MIPYMES a certificarse para venderle al Estado, representando m\u00e1s de\u00a0RD$270,000 millones de pesos en compras p\u00fablicas\u00bb. Tambi\u00e9n, destac\u00f3 el Financiamiento Directo, se\u00f1alando que Solo entre enero y el\u00a025 de noviembre de 2025, a trav\u00e9s de PROMIPYME, se han desembolsado m\u00e1s de\u00a0RD$7,024 millones en cr\u00e9ditos, llevando recursos directamente a quienes mueven\u00a0la econom\u00eda.<\/p>\n<p class=\"p1\"><strong>Formalizaci\u00f3n e Inclusi\u00f3n Femenina como Prioridades<\/strong><\/p>\n<p class=\"p1\">El ministro Bison\u00f3 resalt\u00f3 los avances en la formalizaci\u00f3n de empresas y la\u00a0inclusi\u00f3n de negocios liderados por mujeres, a trav\u00e9s de programas como la Ruta\u00a0de Formalizaci\u00f3n, lo que ha dejado como resultados que en los \u00faltimos cinco a\u00f1os,\u00a0m\u00e1s de 55,000 empresas se hayan integrado al tejido formal mediante la\u00a0Ventanilla \u00danica de Formalizaci\u00f3n, abri\u00e9ndoles puertas a cadenas de valor y\u00a0mercados internacionales.\u00a0Destac\u00f3 el \u00e9xito de la Certificaci\u00f3n MIPYMES Mujer, con m\u00e1s de 8,000 MIPYMES\u00a0lideradas por mujeres ya certificadas. Esto garantiza el cumplimiento del 5%\u00a0obligatorio de compras estatales destinadas a ellas. Adem\u00e1s, el 66% de las\u00a0asistencias t\u00e9cnicas brindadas en 2025 fueron a empresas lideradas por mujeres.<\/p>\n<p class=\"p1\"><strong>Capacitaci\u00f3n y Encadenamientos Productivos<\/strong><\/p>\n<p class=\"p1\">El ministro Bison\u00f3 subray\u00f3 que la capacitaci\u00f3n es un pilar fundamental de la gesti\u00f3n, programa que dijo ha permitido capacitar a m\u00e1s de 25,000 personas solo\u00a0en el \u00faltimo a\u00f1o, y 3,150 MIPYMES recibieron asistencia t\u00e9cnica en los primeros\u00a0diez meses de 2025.\u00a0Agreg\u00f3 que con la conexi\u00f3n de negocios y las Rondas Comerciales se han\u00a0generado m\u00e1s de 5,000 reuniones de negocios entre 136 compradores y 526Mipymes. Bison\u00f3 sostuvo que el ecosistema expandido a los Centros MIPYMES y\u00a0laboratorios de emprendimiento en 34 provincias, ha trascendido fronteras con\u00a0programas formativos para la di\u00e1spora dominicana en Italia y Espa\u00f1a.\u00a0El titular del MICM concluy\u00f3 con un llamado a la asociatividad y la integraci\u00f3n. \u00abEl\u00a0camino est\u00e1 claro: formalizaci\u00f3n como punto de partida, educaci\u00f3n como motor y\u00a0encadenamientos productivos como resultado medible. Cuando pa\u00eds, gobierno y sector productivo caminan juntos, todo es posible\u00bb, finaliz\u00f3 el Ministro Bison\u00f3.<\/p>\n<p class=\"elementToProof\"><b><\/b><strong style=\"font-size: 16px;\">Fuente:<\/strong><span style=\"font-size: 16px;\"> Direcci\u00f3n de Comunicaciones<\/span><\/p>\n<p>The post <a href=\"https:\/\/micm.gob.do\/ministro-ito-bisono-afirma-las-mipymes-se-consolidan-como-motor-del-desarrollo-nacional\/\">Ministro Ito Bison\u00f3 afirma las MIPYMES se consolidan como motor del desarrollo nacional<\/a> appeared first on <a href=\"https:\/\/micm.gob.do\/\">MICM<\/a>.<\/p>\n<\/div>\n","protected":false},"excerpt":{"rendered":"<p>Viernes 28 de Noviembre, 2025. Las Mipymes han recibido apoyo con m\u00e1s de RD$270,000 Millones en Compras P\u00fablicas y RD$7,000 millones en financiamiento en 2025 Santo Domingo, R.D. \u2013 El&hellip; <\/p>\n","protected":false},"author":2,"featured_media":74666,"comment_status":"closed","ping_status":"closed","sticky":false,"template":"","format":"standard","meta":{"fifu_image_url":"","fifu_image_alt":"","footnotes":""},"categories":[147],"tags":[],"class_list":["post-74665","post","type-post","status-publish","format-standard","has-post-thumbnail","hentry","category-comercio"],"_links":{"self":[{"href":"https:\/\/elmundodelosnegocios.com.do\/v1\/wp-json\/wp\/v2\/posts\/74665","targetHints":{"allow":["GET"]}}],"collection":[{"href":"https:\/\/elmundodelosnegocios.com.do\/v1\/wp-json\/wp\/v2\/posts"}],"about":[{"href":"https:\/\/elmundodelosnegocios.com.do\/v1\/wp-json\/wp\/v2\/types\/post"}],"author":[{"embeddable":true,"href":"https:\/\/elmundodelosnegocios.com.do\/v1\/wp-json\/wp\/v2\/users\/2"}],"replies":[{"embeddable":true,"href":"https:\/\/elmundodelosnegocios.com.do\/v1\/wp-json\/wp\/v2\/comments?post=74665"}],"version-history":[{"count":0,"href":"https:\/\/elmundodelosnegocios.com.do\/v1\/wp-json\/wp\/v2\/posts\/74665\/revisions"}],"wp:featuredmedia":[{"embeddable":true,"href":"https:\/\/elmundodelosnegocios.com.do\/v1\/wp-json\/wp\/v2\/media\/74666"}],"wp:attachment":[{"href":"https:\/\/elmundodelosnegocios.com.do\/v1\/wp-json\/wp\/v2\/media?parent=74665"}],"wp:term":[{"taxonomy":"category","embeddable":true,"href":"https:\/\/elmundodelosnegocios.com.do\/v1\/wp-json\/wp\/v2\/categories?post=74665"},{"taxonomy":"post_tag","embeddable":true,"href":"https:\/\/elmundodelosnegocios.com.do\/v1\/wp-json\/wp\/v2\/tags?post=74665"}],"curies":[{"name":"wp","href":"https:\/\/api.w.org\/{rel}","templated":true}]}}