{"id":74676,"date":"2025-12-01T17:19:52","date_gmt":"2025-12-01T21:49:52","guid":{"rendered":"https:\/\/elmundodelosnegocios.com.do\/v1\/energia-y-minas-conmemora-el-dia-internacional-de-la-eliminacion-de-la-violencia-contra-la-mujer-con-taller-sobre-prevencion-de-la-violencia-de-genero-e-intrafamiliar\/"},"modified":"2025-12-05T17:32:21","modified_gmt":"2025-12-05T22:02:21","slug":"energia-y-minas-conmemora-el-dia-internacional-de-la-eliminacion-de-la-violencia-contra-la-mujer-con-taller-sobre-prevencion-de-la-violencia-de-genero-e-intrafamiliar","status":"publish","type":"post","link":"https:\/\/elmundodelosnegocios.com.do\/v1\/energia-y-minas-conmemora-el-dia-internacional-de-la-eliminacion-de-la-violencia-contra-la-mujer-con-taller-sobre-prevencion-de-la-violencia-de-genero-e-intrafamiliar\/","title":{"rendered":"Energ\u00eda y Minas conmemora el D\u00eda Internacional de la Eliminaci\u00f3n de la Violencia contra la Mujer con taller sobre prevenci\u00f3n de la violencia de g\u00e9nero e intrafamiliar"},"content":{"rendered":"<div class=\"pf-content\">\n<p><em>El taller ofreci\u00f3 herramientas pr\u00e1cticas para reconocer, prevenir y actuar frente a la violencia<\/em><\/p>\n<div class=\"wp-block-post-date\"><\/div>\n<div class=\"wp-block-media-text is-stacked-on-mobile\" style=\"grid-template-columns: 36% auto;\">\n<figure class=\"wp-block-media-text__media\"><img loading=\"lazy\" decoding=\"async\" class=\"wp-image-12498 size-full\" src=\"https:\/\/mem.gob.do\/wp-content\/uploads\/2025\/11\/WhatsApp-Image-2025-11-25-at-2.05.44-PM-1024x684.jpeg\" sizes=\"auto, (max-width: 1024px) 100vw, 1024px\" srcset=\"https:\/\/mem.gob.do\/wp-content\/uploads\/2025\/11\/WhatsApp-Image-2025-11-25-at-2.05.44-PM-1024x684.jpeg 1024w, https:\/\/mem.gob.do\/wp-content\/uploads\/2025\/11\/WhatsApp-Image-2025-11-25-at-2.05.44-PM-300x200.jpeg 300w, https:\/\/mem.gob.do\/wp-content\/uploads\/2025\/11\/WhatsApp-Image-2025-11-25-at-2.05.44-PM-768x513.jpeg 768w, https:\/\/mem.gob.do\/wp-content\/uploads\/2025\/11\/WhatsApp-Image-2025-11-25-at-2.05.44-PM-1536x1026.jpeg 1536w, https:\/\/mem.gob.do\/wp-content\/uploads\/2025\/11\/WhatsApp-Image-2025-11-25-at-2.05.44-PM-2048x1368.jpeg 2048w\" alt=\"\" width=\"1024\" height=\"684\" \/><\/figure>\n<div class=\"wp-block-media-text__content\">\n<p><strong>SANTO DOMINGO.<\/strong> \u2013\u00a0El Ministerio de Energ\u00eda y Minas desarroll\u00f3 el taller \u201cPrevenci\u00f3n de la violencia de g\u00e9nero e intrafamiliar\u201d, dirigido a todas sus colaboradoras, a prop\u00f3sito que el 25 de este mes se conmemor\u00f3 el D\u00eda Internacional de la Eliminaci\u00f3n de la Violencia contra la Mujer, fecha designada por la Organizaci\u00f3n de las Naciones Unidas (ONU) para denunciar los actos que sufren las f\u00e9minas en todo el mundo y reclamar pol\u00edticas para su erradicaci\u00f3n.<\/p>\n<\/div>\n<\/div>\n<p>En la actividad, encabezada y coordinada por la Direcci\u00f3n de Planificaci\u00f3n y Desarrollo, a trav\u00e9s de su departamento de Igualdad de G\u00e9nero, la psic\u00f3loga y terapeuta cl\u00ednica, Laurie Pe\u00f1a, abord\u00f3 la importancia de integrar la salud mental como una muestra de prevenci\u00f3n del maltrato.<\/p>\n<p>Destac\u00f3, adem\u00e1s, la necesidad que, tanto mujeres como hombres, fomenten y promuevan relaciones interpersonales sanas.<br \/>\nPe\u00f1a llam\u00f3 a las participantes a valorarse como personas, cuidar su autoestima y comenzar por aprender a canalizar adecuadamente sus emociones e ir cambiando la realidad local.<\/p>\n<p>\u201cCada 8 horas una mujer es agredida en Rep\u00fablica Dominicana\u201d. Adem\u00e1s, acot\u00f3 que los hombres tienen un rol importante en la lucha contra la violencia de g\u00e9nero y a favor de la igualdad.<\/p>\n<p>La experta en conducta alent\u00f3 a los presentes a hacer uso de la l\u00ednea de emergencia *212, del Ministerio de la Mujer, un servicio gratuito y confidencial disponible las 24 horas del d\u00eda para denunciar y obtener asistencia en casos de violencia de g\u00e9nero o intrafamiliar.<\/p>\n<div class=\"wp-block-media-text is-stacked-on-mobile\" style=\"grid-template-columns: 36% auto;\">\n<figure class=\"wp-block-media-text__media\"><img loading=\"lazy\" decoding=\"async\" class=\"wp-image-12499 size-full\" src=\"https:\/\/mem.gob.do\/wp-content\/uploads\/2025\/11\/WhatsApp-Image-2025-11-25-at-2.05.44-PM-1-1024x684.jpeg\" sizes=\"auto, (max-width: 1024px) 100vw, 1024px\" srcset=\"https:\/\/mem.gob.do\/wp-content\/uploads\/2025\/11\/WhatsApp-Image-2025-11-25-at-2.05.44-PM-1-1024x684.jpeg 1024w, https:\/\/mem.gob.do\/wp-content\/uploads\/2025\/11\/WhatsApp-Image-2025-11-25-at-2.05.44-PM-1-300x200.jpeg 300w, https:\/\/mem.gob.do\/wp-content\/uploads\/2025\/11\/WhatsApp-Image-2025-11-25-at-2.05.44-PM-1-768x513.jpeg 768w, https:\/\/mem.gob.do\/wp-content\/uploads\/2025\/11\/WhatsApp-Image-2025-11-25-at-2.05.44-PM-1-1536x1026.jpeg 1536w, https:\/\/mem.gob.do\/wp-content\/uploads\/2025\/11\/WhatsApp-Image-2025-11-25-at-2.05.44-PM-1-2048x1368.jpeg 2048w\" alt=\"\" width=\"1024\" height=\"684\" \/><\/figure>\n<div class=\"wp-block-media-text__content\">\n<p>Al respecto, la directora de Planificaci\u00f3n y Desarrollo del Ministerio, Carolina Hern\u00e1ndez, destac\u00f3 la importancia que tanto mujeres como hombres denuncien cualquier acto de violencia.<\/p>\n<\/div>\n<\/div>\n<p>\u201cLo mismo tambi\u00e9n para que una persona que es violenta se detenga con el maltrato, debemos fortalecer nuestras emociones. Por eso, les invito a trabajarnos internamente, porque todos lo necesitamos, no solo para no ser v\u00edctimas, sino para no replicar la violencia\u201d, manifest\u00f3.<\/p>\n<div class=\"wp-block-media-text has-media-on-the-right is-stacked-on-mobile\" style=\"grid-template-columns: auto 36%;\">\n<div class=\"wp-block-media-text__content\">\n<p>En tanto, Jerson Mateo, encargado del departamento de Igualdad de G\u00e9nero de Energ\u00eda y Minas, record\u00f3 que la entidad trabaja todo el a\u00f1o para romper los estereotipos sobre c\u00f3mo deben ser (y hacer) las f\u00e9minas en el desarrollo de sus funciones.<\/p>\n<\/div>\n<figure class=\"wp-block-media-text__media\"><img loading=\"lazy\" decoding=\"async\" class=\"wp-image-12500 size-full\" src=\"https:\/\/mem.gob.do\/wp-content\/uploads\/2025\/11\/WhatsApp-Image-2025-11-25-at-2.05.44-PM-2-1024x684.jpeg\" sizes=\"auto, (max-width: 1024px) 100vw, 1024px\" srcset=\"https:\/\/mem.gob.do\/wp-content\/uploads\/2025\/11\/WhatsApp-Image-2025-11-25-at-2.05.44-PM-2-1024x684.jpeg 1024w, https:\/\/mem.gob.do\/wp-content\/uploads\/2025\/11\/WhatsApp-Image-2025-11-25-at-2.05.44-PM-2-300x200.jpeg 300w, https:\/\/mem.gob.do\/wp-content\/uploads\/2025\/11\/WhatsApp-Image-2025-11-25-at-2.05.44-PM-2-768x513.jpeg 768w, https:\/\/mem.gob.do\/wp-content\/uploads\/2025\/11\/WhatsApp-Image-2025-11-25-at-2.05.44-PM-2-1536x1026.jpeg 1536w, https:\/\/mem.gob.do\/wp-content\/uploads\/2025\/11\/WhatsApp-Image-2025-11-25-at-2.05.44-PM-2-2048x1368.jpeg 2048w\" alt=\"\" width=\"1024\" height=\"684\" \/><\/figure>\n<\/div>\n<p>\u201cEs importante que se celebren este tipo de talleres para lograr que esto no suceda y para que mujeres y los hombres puedan detectar los tipos de violencia, los canales de denuncias y qu\u00e9 hacer cuando alguien se enfrenta a situaciones como estas a nivel institucional y personal\u201d, apunt\u00f3.<\/p>\n<p>El taller incluy\u00f3 diversas din\u00e1micas de introspecci\u00f3n y t\u00e9cnicas orientadas a conocer m\u00e1s la identidad y para reforzar el sentido del valor personal. Al final del encuentro, la entidad otorg\u00f3 a sus colaboradores varias camisetas con la inscripci\u00f3n \u201cVivir sin violencia es posible\u201d, que tambi\u00e9n muestra la l\u00ednea de emergencia, como parte de la promoci\u00f3n para prevenir y erradicar ese mal.<\/p>\n<\/div>\n<p>The post <a href=\"https:\/\/mem.gob.do\/energia-y-minas-conmemora-el-dia-internacional-de-la-eliminacion-de-la-violencia-contra-la-mujer-con-taller-sobre-prevencion-de-la-violencia-de-genero-e-intrafamiliar\/\">Energ\u00eda y Minas conmemora el D\u00eda Internacional de la Eliminaci\u00f3n de la Violencia contra la Mujer con taller sobre prevenci\u00f3n de la violencia de g\u00e9nero e intrafamiliar<\/a> first appeared on <a href=\"https:\/\/mem.gob.do\/\">Ministerio de Energ\u00eda y Minas<\/a>.<\/p>\n","protected":false},"excerpt":{"rendered":"<p>El taller ofreci\u00f3 herramientas pr\u00e1cticas para reconocer, prevenir y actuar frente a la violencia SANTO DOMINGO. \u2013\u00a0El Ministerio de Energ\u00eda y Minas desarroll\u00f3 el taller \u201cPrevenci\u00f3n de la violencia de&hellip; <\/p>\n","protected":false},"author":1,"featured_media":74692,"comment_status":"closed","ping_status":"closed","sticky":false,"template":"","format":"standard","meta":{"fifu_image_url":"https:\/\/mem.gob.do\/wp-content\/uploads\/2025\/11\/WhatsApp-Image-2025-11-25-at-2.05.43-PM-scaled.jpeg","fifu_image_alt":"","footnotes":""},"categories":[182],"tags":[],"class_list":["post-74676","post","type-post","status-publish","format-standard","has-post-thumbnail","hentry","category-energia"],"_links":{"self":[{"href":"https:\/\/elmundodelosnegocios.com.do\/v1\/wp-json\/wp\/v2\/posts\/74676","targetHints":{"allow":["GET"]}}],"collection":[{"href":"https:\/\/elmundodelosnegocios.com.do\/v1\/wp-json\/wp\/v2\/posts"}],"about":[{"href":"https:\/\/elmundodelosnegocios.com.do\/v1\/wp-json\/wp\/v2\/types\/post"}],"author":[{"embeddable":true,"href":"https:\/\/elmundodelosnegocios.com.do\/v1\/wp-json\/wp\/v2\/users\/1"}],"replies":[{"embeddable":true,"href":"https:\/\/elmundodelosnegocios.com.do\/v1\/wp-json\/wp\/v2\/comments?post=74676"}],"version-history":[{"count":1,"href":"https:\/\/elmundodelosnegocios.com.do\/v1\/wp-json\/wp\/v2\/posts\/74676\/revisions"}],"predecessor-version":[{"id":74691,"href":"https:\/\/elmundodelosnegocios.com.do\/v1\/wp-json\/wp\/v2\/posts\/74676\/revisions\/74691"}],"wp:featuredmedia":[{"embeddable":true,"href":"https:\/\/elmundodelosnegocios.com.do\/v1\/wp-json\/wp\/v2\/media\/74692"}],"wp:attachment":[{"href":"https:\/\/elmundodelosnegocios.com.do\/v1\/wp-json\/wp\/v2\/media?parent=74676"}],"wp:term":[{"taxonomy":"category","embeddable":true,"href":"https:\/\/elmundodelosnegocios.com.do\/v1\/wp-json\/wp\/v2\/categories?post=74676"},{"taxonomy":"post_tag","embeddable":true,"href":"https:\/\/elmundodelosnegocios.com.do\/v1\/wp-json\/wp\/v2\/tags?post=74676"}],"curies":[{"name":"wp","href":"https:\/\/api.w.org\/{rel}","templated":true}]}}