{"id":74686,"date":"2025-12-05T17:28:57","date_gmt":"2025-12-05T21:58:57","guid":{"rendered":"https:\/\/elmundodelosnegocios.com.do\/v1\/?p=74686"},"modified":"2025-12-05T17:29:02","modified_gmt":"2025-12-05T21:59:02","slug":"bcrd-celebra-la-premiacion-de-su-concurso-de-arte-y-literatura-bancentral-2025","status":"publish","type":"post","link":"https:\/\/elmundodelosnegocios.com.do\/v1\/bcrd-celebra-la-premiacion-de-su-concurso-de-arte-y-literatura-bancentral-2025\/","title":{"rendered":"BCRD celebra la premiaci\u00f3n de su Concurso de Arte y Literatura Bancentral 2025"},"content":{"rendered":"\n<p>Santo Domingo. Rep\u00fablica Dominicana. &#8211;&nbsp;El gobernador del Banco Central de la Rep\u00fablica Dominicana (BCRD), H\u00e9ctor Valdez Albizu, presidi\u00f3 la premiaci\u00f3n del Concurso de Arte y Literatura Bancentral 2025, que recoge los trabajos presentados por bancentralianos activos y pensionados en las disciplinas de pintura, dibujo, fotograf\u00eda y cuentos.<\/p>\n\n\n<div class=\"wp-block-image\">\n<figure class=\"aligncenter size-large\"><img decoding=\"async\" src=\"https:\/\/bcrdgdcprod.blob.core.windows.net\/documents\/sala-de-prensa\/noticias\/images\/bc20251204.jpg?v=1764971559256\" alt=\"\"\/><figcaption class=\"wp-element-caption\">Los ganadores de los primeros lugares junto al gobernador. De izquierda a derecha Pr\u00f3spero Eloy P\u00e9rez, Isidro E. P\u00e9rez, H\u00e9ctor Valdez Albizu, Heriberto Parra y Rafael El\u00edas Fern\u00e1ndez<\/figcaption><\/figure>\n<\/div>\n\n\n<p>Valdez Albizu destac\u00f3 que el certamen cumpli\u00f3 tres d\u00e9cadas \u201cen las que los g\u00e9neros y las tem\u00e1ticas han ido evolucionando con paso firme, adapt\u00e1ndose a las transformaciones est\u00e9ticas del tiempo, y con resultados muy favorables que pueden apreciarse en las obras galardonadas\u201d.<\/p>\n\n\n\n<p>El distinguido jurado estuvo compuesto por Marianne de Tolentino, cr\u00edtica de arte y asesora del BCRD; el pintor y gestor cultural Alberto Bass; el fot\u00f3grafo Fer Figheras; el dibujante, pintor y asesor de artes pl\u00e1sticas, Vladimir Vel\u00e1zquez Matos; la poeta, narradora y fot\u00f3grafa \u00c1ngela Hern\u00e1ndez; y el subgerente cultural del BCRD, Jos\u00e9 Alc\u00e1ntara Alm\u00e1nzar.<\/p>\n\n\n\n<p>El gobernador agradeci\u00f3 \u201cel trabajo de organizaci\u00f3n y direcci\u00f3n de este concurso, realizado de manera eficiente por el equipo del Departamento Cultural, y a todas las dependencias que han colaborado para hacerlo realidad\u201d.<\/p>\n\n\n\n<p>Los ganadores en las diversas facetas art\u00edsticas fueron:<\/p>\n\n\n\n<p>En la categor\u00eda pintura el primer premio fue para la obra \u2018Pero&#8230; con coco\u2019, de Rafael El\u00edas Fern\u00e1ndez; el segundo para \u2018Mi refugio\u2019, de Fabiano Antonio Garc\u00eda; el tercero para \u2018Frutas que deleitan\u2019, de Jasinta Encarnaci\u00f3n, recibiendo menciones de honor Yolanda Esteban y Manuel A. Concepci\u00f3n.<\/p>\n\n\n\n<p>En la categor\u00eda fotograf\u00eda el primer premio fue \u2018La carga de la dignidad\u2019, de Isidro E. P\u00e9rez; el segundo \u2018Recuerdos ante la puerta del m\u00e1s all\u00e1\u2019, de M\u00e1ximo S. J\u00e1quez; el tercero \u2018Activos\u2019, de Isidro F. P\u00e9rez; recibiendo menciones de honor Domingo Marte y Vladimir Vel\u00e1zquez.<\/p>\n\n\n\n<p>En la categor\u00eda dibujo el primer premio fue a parar a la obra \u2018\u00a1Prot\u00e9janme!\u2019, de Heriberto Parra; el segundo \u2018Metamorfosis humana\u2019, de Juan P\u00e9rez Hern\u00e1ndez; y el tercer premio \u2018Sentidos de sabidur\u00eda\u2019, de Ana Alexandra P\u00e9rez.<\/p>\n\n\n\n<p>En la categor\u00eda cuento result\u00f3 ganador \u2018Visible\u2019, de Pr\u00f3spero Eloy P\u00e9rez; el segundo \u2018El d\u00eda en que volvi\u00f3 Ricardo\u2019, de Narda Mariz\u00e1n; y el tercero \u2018El susurro de Valle Almendra\u2019, de Fe Arelis Rosario.<\/p>\n\n\n\n<p>Durante la actividad se repartieron ejemplares del libro \u2018Obras premiadas. Concurso de Arte y Literatura Bancentral 2024\u2019, que recoge los trabajos galardonados el a\u00f1o pasado; y el gobernador, junto a las autoridades del BCRD, cort\u00f3 la cinta de la exposici\u00f3n de las obras participantes y galardonadas en este \u201cConcurso de Arte y Literatura Bancentral 2025\u201d, la cual podr\u00e1 ser visitada por todos los interesados hasta el pr\u00f3ximo viernes 2 de enero de 2026.<\/p>\n\n\n\n<p>El gobernador estuvo acompa\u00f1ado por el miembro de la Junta Monetaria, Arturo Martinez Moya; la vicegobernadora, Clarissa de la Rocha de Torres; el gerente, Ervin Novas Bello; el asesor econ\u00f3mico de la Gobernaci\u00f3n, Julio And\u00fajar; el subgerente cultural, Jos\u00e9 Alc\u00e1ntara Alm\u00e1nzar; as\u00ed como dem\u00e1s subgerentes, asesores, directores y consultores del Banco Central.<\/p>\n","protected":false},"excerpt":{"rendered":"<p>Santo Domingo. Rep\u00fablica Dominicana. &#8211;&nbsp;El gobernador del Banco Central de la Rep\u00fablica Dominicana (BCRD), H\u00e9ctor Valdez Albizu, presidi\u00f3 la premiaci\u00f3n del Concurso de Arte y Literatura Bancentral 2025, que recoge&hellip; <\/p>\n","protected":false},"author":2,"featured_media":74688,"comment_status":"closed","ping_status":"closed","sticky":false,"template":"","format":"standard","meta":{"fifu_image_url":"https:\/\/bcrdgdcprod.blob.core.windows.net\/documents\/sala-de-prensa\/noticias\/images\/bc20251204.jpg?v=1764971559256","fifu_image_alt":"","footnotes":""},"categories":[179],"tags":[],"class_list":["post-74686","post","type-post","status-publish","format-standard","has-post-thumbnail","hentry","category-arte"],"_links":{"self":[{"href":"https:\/\/elmundodelosnegocios.com.do\/v1\/wp-json\/wp\/v2\/posts\/74686","targetHints":{"allow":["GET"]}}],"collection":[{"href":"https:\/\/elmundodelosnegocios.com.do\/v1\/wp-json\/wp\/v2\/posts"}],"about":[{"href":"https:\/\/elmundodelosnegocios.com.do\/v1\/wp-json\/wp\/v2\/types\/post"}],"author":[{"embeddable":true,"href":"https:\/\/elmundodelosnegocios.com.do\/v1\/wp-json\/wp\/v2\/users\/2"}],"replies":[{"embeddable":true,"href":"https:\/\/elmundodelosnegocios.com.do\/v1\/wp-json\/wp\/v2\/comments?post=74686"}],"version-history":[{"count":1,"href":"https:\/\/elmundodelosnegocios.com.do\/v1\/wp-json\/wp\/v2\/posts\/74686\/revisions"}],"predecessor-version":[{"id":74687,"href":"https:\/\/elmundodelosnegocios.com.do\/v1\/wp-json\/wp\/v2\/posts\/74686\/revisions\/74687"}],"wp:featuredmedia":[{"embeddable":true,"href":"https:\/\/elmundodelosnegocios.com.do\/v1\/wp-json\/wp\/v2\/media\/74688"}],"wp:attachment":[{"href":"https:\/\/elmundodelosnegocios.com.do\/v1\/wp-json\/wp\/v2\/media?parent=74686"}],"wp:term":[{"taxonomy":"category","embeddable":true,"href":"https:\/\/elmundodelosnegocios.com.do\/v1\/wp-json\/wp\/v2\/categories?post=74686"},{"taxonomy":"post_tag","embeddable":true,"href":"https:\/\/elmundodelosnegocios.com.do\/v1\/wp-json\/wp\/v2\/tags?post=74686"}],"curies":[{"name":"wp","href":"https:\/\/api.w.org\/{rel}","templated":true}]}}