{"id":74698,"date":"2025-12-05T18:51:40","date_gmt":"2025-12-05T23:21:40","guid":{"rendered":"https:\/\/elmundodelosnegocios.com.do\/v1\/?p=74698"},"modified":"2025-12-05T18:51:45","modified_gmt":"2025-12-05T23:21:45","slug":"unphu-afp-reservas-y-sipen-concluyen-diplomado-fortalecimiento-sistema-pensiones-y-seguridad-social","status":"publish","type":"post","link":"https:\/\/elmundodelosnegocios.com.do\/v1\/unphu-afp-reservas-y-sipen-concluyen-diplomado-fortalecimiento-sistema-pensiones-y-seguridad-social\/","title":{"rendered":"Unphu, AFP Reservas y Sipen concluyen diplomado fortalecimiento sistema pensiones y seguridad social"},"content":{"rendered":"\n<p><strong>Entrenamiento especializado capacit\u00f3 a profesionales en temas como norma, regulaci\u00f3n, gesti\u00f3n e inversiones previsionales<\/strong><\/p>\n\n\n\n<p>La Universidad Nacional Pedro Henr\u00edquez Ure\u00f1a (Unphu), la Administradora de Fondos de Pensiones (AFP Reservas) y la Superintendencia de Pensiones (Sipen) concluyeron el diplomado Regulaci\u00f3n, Inversiones, Trabajadores y Ahorros (RITA), una iniciativa para fortalecer el sistema de pensiones y la seguridad social en el pa\u00eds.<\/p>\n\n\n<div class=\"wp-block-image\">\n<figure class=\"aligncenter size-large\"><img decoding=\"async\" src=\"https:\/\/diariosocialrd.com\/wp-content\/uploads\/2025\/12\/Organizadores-del-diplomado-1170x781.jpg\" alt=\"\"\/><\/figure>\n<\/div>\n\n\n<p>La capacitaci\u00f3n tuvo como objetivo desarrollar una visi\u00f3n integral y cr\u00edtica del sistema previsional y entren\u00f3 a profesionales de AFP Reservas en cuestiones fundamentales del sector, en temas cruciales como la norma que rige el \u00e1rea, los mecanismos de regulaci\u00f3n, los desaf\u00edos estructurales y las buenas pr\u00e1cticas que inciden en la gesti\u00f3n del r\u00e9gimen previsional.<\/p>\n\n\n\n<p>Durante el evento, fueron entregados los certificados a los participantes, representados por Bryan Rodr\u00edguez, quien agradeci\u00f3 el entrenamiento para robustecer esas aspectos esenciales.<\/p>\n\n\n\n<p>El acto de cierre fue encabezado por el rector de la Unphu, Miguel Fiallo Calder\u00f3n; la vicerrectora de Postgrado y Educaci\u00f3n Continuada, Geisha Carpio; el vicepresidente Ejecutivo de AFP Reservas, Henry Fuentes y Juan Manuel P\u00e9rez, director de Educaci\u00f3n y Atenci\u00f3n Previsional de Sipen.<\/p>\n","protected":false},"excerpt":{"rendered":"<p>Entrenamiento especializado capacit\u00f3 a profesionales en temas como norma, regulaci\u00f3n, gesti\u00f3n e inversiones previsionales La Universidad Nacional Pedro Henr\u00edquez Ure\u00f1a (Unphu), la Administradora de Fondos de Pensiones (AFP Reservas) y&hellip; <\/p>\n","protected":false},"author":2,"featured_media":74700,"comment_status":"closed","ping_status":"closed","sticky":false,"template":"","format":"standard","meta":{"fifu_image_url":"https:\/\/diariosocialrd.com\/wp-content\/uploads\/2025\/12\/Organizadores-del-diplomado-1170x781.jpg","fifu_image_alt":"","footnotes":""},"categories":[188],"tags":[],"class_list":["post-74698","post","type-post","status-publish","format-standard","has-post-thumbnail","hentry","category-seguridad-social"],"_links":{"self":[{"href":"https:\/\/elmundodelosnegocios.com.do\/v1\/wp-json\/wp\/v2\/posts\/74698","targetHints":{"allow":["GET"]}}],"collection":[{"href":"https:\/\/elmundodelosnegocios.com.do\/v1\/wp-json\/wp\/v2\/posts"}],"about":[{"href":"https:\/\/elmundodelosnegocios.com.do\/v1\/wp-json\/wp\/v2\/types\/post"}],"author":[{"embeddable":true,"href":"https:\/\/elmundodelosnegocios.com.do\/v1\/wp-json\/wp\/v2\/users\/2"}],"replies":[{"embeddable":true,"href":"https:\/\/elmundodelosnegocios.com.do\/v1\/wp-json\/wp\/v2\/comments?post=74698"}],"version-history":[{"count":1,"href":"https:\/\/elmundodelosnegocios.com.do\/v1\/wp-json\/wp\/v2\/posts\/74698\/revisions"}],"predecessor-version":[{"id":74699,"href":"https:\/\/elmundodelosnegocios.com.do\/v1\/wp-json\/wp\/v2\/posts\/74698\/revisions\/74699"}],"wp:featuredmedia":[{"embeddable":true,"href":"https:\/\/elmundodelosnegocios.com.do\/v1\/wp-json\/wp\/v2\/media\/74700"}],"wp:attachment":[{"href":"https:\/\/elmundodelosnegocios.com.do\/v1\/wp-json\/wp\/v2\/media?parent=74698"}],"wp:term":[{"taxonomy":"category","embeddable":true,"href":"https:\/\/elmundodelosnegocios.com.do\/v1\/wp-json\/wp\/v2\/categories?post=74698"},{"taxonomy":"post_tag","embeddable":true,"href":"https:\/\/elmundodelosnegocios.com.do\/v1\/wp-json\/wp\/v2\/tags?post=74698"}],"curies":[{"name":"wp","href":"https:\/\/api.w.org\/{rel}","templated":true}]}}