{"id":74707,"date":"2025-12-04T20:04:36","date_gmt":"2025-12-05T00:34:36","guid":{"rendered":"https:\/\/elmundodelosnegocios.com.do\/v1\/ministerio-de-energia-y-minas-celebra-segunda-entrega-del-concurso-interno-somos-ahorro\/"},"modified":"2025-12-05T21:43:06","modified_gmt":"2025-12-06T02:13:06","slug":"ministerio-de-energia-y-minas-celebra-segunda-entrega-del-concurso-interno-somos-ahorro","status":"publish","type":"post","link":"https:\/\/elmundodelosnegocios.com.do\/v1\/ministerio-de-energia-y-minas-celebra-segunda-entrega-del-concurso-interno-somos-ahorro\/","title":{"rendered":"Ministerio de Energ\u00eda y Minas celebra segunda entrega del concurso interno \u201cSomos ahorro\u201d"},"content":{"rendered":"\n<p><em>La entidad premi\u00f3 las iniciativas que fomentan el ahorro energ\u00e9tico. La viceministra Betty Soto felicit\u00f3 a los participantes y resalt\u00f3 que las creaciones \u201creflejan una cultura institucional que avanza\u201d<\/em><\/p>\n\n\n\n<p><strong>SANTO DOMINGO.<\/strong> \u2013 El Ministerio de Energ\u00eda y Minas celebr\u00f3 su segunda entrega del concurso interno \u201cSomos ahorro\u201d, cuyo es prop\u00f3sito de fomentar en los colaboradores la habilidad de aplicar estrategias innovadoras y pr\u00e1cticas para reducir el consumo de energ\u00eda.<\/p>\n\n\n<div class=\"wp-block-image\">\n<figure class=\"aligncenter size-large\"><img decoding=\"async\" src=\"https:\/\/mem.gob.do\/wp-content\/uploads\/2025\/12\/test-scaled.png\" alt=\"\"\/><\/figure>\n<\/div>\n\n\n<p>La iniciativa a cargo del Viceministerio de Innovaci\u00f3n y Transici\u00f3n Energ\u00e9tica, enfoc\u00f3 la din\u00e1mica en cuatro objetivos espec\u00edficos: fomentar una cultura de ahorro energ\u00e9tico, incentivar la implementaci\u00f3n de pr\u00e1cticas sostenibles, reconocer y premiar el compromiso y la creatividad y generar aprendizaje y buenas pr\u00e1cticas.<\/p>\n\n\n\n<figure class=\"wp-block-image\"><img decoding=\"async\" src=\"https:\/\/mem.gob.do\/wp-content\/uploads\/2025\/12\/WhatsApp-Image-2025-12-04-at-8.50.07-PM-1-1024x684.jpeg\" alt=\"\" class=\"wp-image-12570\"\/><\/figure>\n\n\n\n<p>El primer lugar de \u201cSomos ahorro\u201d fue otorgado a Agust\u00edn Heredia, quien labora en la Direcci\u00f3n Administrativa Financiera. La segunda y tercera posici\u00f3n del premio fue para Cindy Hern\u00e1ndez y Vilma Cabrera, ambas del Parque Tem\u00e1tico de Energ\u00eda Renovable.<\/p>\n\n\n\n<p>Los ganadores demostraron sus estrategias para fomentar la cultura del ahorro y cumplieron con todos los requisitos de la base del concurso. Adem\u00e1s, establecieron las acciones realizadas que impactan en las finanzas dom\u00e9sticas y contribuyen al cuidado del medio ambiente, lo que disminuy\u00f3 la huella de carbono, constataron los jurados de Innovaci\u00f3n y Transici\u00f3n Energ\u00e9tica.<\/p>\n\n\n\n<p>La instituci\u00f3n hizo menciones honor\u00edficas y entreg\u00f3 certificados de participaci\u00f3n para los colaboradores Roselyn Mercedes, Sthephany Rivera, Dulce Luis Ozoria, Jerem\u00edas Cuello y Julio Castillo.<\/p>\n\n\n\n<p>La viceministra de Innovaci\u00f3n y Transici\u00f3n Energ\u00e9tica, Betty Soto, dio las gracias a los participantes, especialmente a los ganadores, \u201cpor asumir este concurso con entusiasmo, creatividad y un genuino compromiso con la eficiencia energ\u00e9tica\u201d.<\/p>\n\n\n\n<p>\u201c\u2018Somos ahorro\u2019 no solo es una competencia: es una muestra del poder que tiene la convicci\u00f3n individual cuando se transforma en acci\u00f3n colectiva. Sus iniciativas reflejan una cultura institucional que avanza, que se adapta y que lidera con el ejemplo\u201d, manifest\u00f3 Soto.<\/p>\n\n\n\n<p>Alent\u00f3 a los colaboradores del ministerio sumarse a la iniciativa y continuar adoptando pr\u00e1cticas responsables que promuevan el uso racional de la energ\u00eda, dentro y fuera del entorno laboral. Soto adem\u00e1s agradeci\u00f3 a la Cooperativa de Empleados del Ministerio por el apoyo institucional y econ\u00f3mico para el desarrollo del proyecto.<\/p>\n\n\n\n<p>En las evaluaciones del concurso participaron tres jurados de la alta Direcci\u00f3n del Ministerio y de la Direcci\u00f3n de Promoci\u00f3n del Uso Racional de la Energ\u00eda. Durante el desarrollo de esta iniciativa, se evaluaron los registros de consumo el\u00e9ctrico de los participantes, identificando los hogares que lograron una reducci\u00f3n significativa y sostenida en su gasto energ\u00e9tico.<\/p>\n\n\n\n<p><\/p>\n\n\n<div>\n<div class=\"pf-content\">\n<p>\u00a0<\/p>\n<\/div>\n<\/div>","protected":false},"excerpt":{"rendered":"<p>La entidad premi\u00f3 las iniciativas que fomentan el ahorro energ\u00e9tico. La viceministra Betty Soto felicit\u00f3 a los participantes y resalt\u00f3 que las creaciones \u201creflejan una cultura institucional que avanza\u201d SANTO&hellip; <\/p>\n","protected":false},"author":1,"featured_media":74760,"comment_status":"closed","ping_status":"closed","sticky":false,"template":"","format":"standard","meta":{"fifu_image_url":"https:\/\/mem.gob.do\/wp-content\/uploads\/2025\/12\/test-scaled.png","fifu_image_alt":"","footnotes":""},"categories":[182],"tags":[],"class_list":["post-74707","post","type-post","status-publish","format-standard","has-post-thumbnail","hentry","category-energia"],"_links":{"self":[{"href":"https:\/\/elmundodelosnegocios.com.do\/v1\/wp-json\/wp\/v2\/posts\/74707","targetHints":{"allow":["GET"]}}],"collection":[{"href":"https:\/\/elmundodelosnegocios.com.do\/v1\/wp-json\/wp\/v2\/posts"}],"about":[{"href":"https:\/\/elmundodelosnegocios.com.do\/v1\/wp-json\/wp\/v2\/types\/post"}],"author":[{"embeddable":true,"href":"https:\/\/elmundodelosnegocios.com.do\/v1\/wp-json\/wp\/v2\/users\/1"}],"replies":[{"embeddable":true,"href":"https:\/\/elmundodelosnegocios.com.do\/v1\/wp-json\/wp\/v2\/comments?post=74707"}],"version-history":[{"count":1,"href":"https:\/\/elmundodelosnegocios.com.do\/v1\/wp-json\/wp\/v2\/posts\/74707\/revisions"}],"predecessor-version":[{"id":74759,"href":"https:\/\/elmundodelosnegocios.com.do\/v1\/wp-json\/wp\/v2\/posts\/74707\/revisions\/74759"}],"wp:featuredmedia":[{"embeddable":true,"href":"https:\/\/elmundodelosnegocios.com.do\/v1\/wp-json\/wp\/v2\/media\/74760"}],"wp:attachment":[{"href":"https:\/\/elmundodelosnegocios.com.do\/v1\/wp-json\/wp\/v2\/media?parent=74707"}],"wp:term":[{"taxonomy":"category","embeddable":true,"href":"https:\/\/elmundodelosnegocios.com.do\/v1\/wp-json\/wp\/v2\/categories?post=74707"},{"taxonomy":"post_tag","embeddable":true,"href":"https:\/\/elmundodelosnegocios.com.do\/v1\/wp-json\/wp\/v2\/tags?post=74707"}],"curies":[{"name":"wp","href":"https:\/\/api.w.org\/{rel}","templated":true}]}}