{"id":74721,"date":"2025-12-05T20:15:10","date_gmt":"2025-12-06T00:45:10","guid":{"rendered":"https:\/\/elmundodelosnegocios.com.do\/v1\/?p=74721"},"modified":"2025-12-05T20:15:15","modified_gmt":"2025-12-06T00:45:15","slug":"conep-y-pnud-reconocen-a-mapfre-con-el-premio-practicas-prometedoras-por-su-iniciativa-alerta-rosada","status":"publish","type":"post","link":"https:\/\/elmundodelosnegocios.com.do\/v1\/conep-y-pnud-reconocen-a-mapfre-con-el-premio-practicas-prometedoras-por-su-iniciativa-alerta-rosada\/","title":{"rendered":"CONEP y PNUD reconocen a MAPFRE con el premio \u201cPr\u00e1cticas Prometedoras\u201d por su iniciativa Alerta Rosada"},"content":{"rendered":"\n<p><strong>Santo Domingo, diciembre de 2025.-<\/strong>\u00a0MAPFRE Dominicana fue reconocida por su iniciativa Alerta Rosada, en la quinta edici\u00f3n del Cat\u00e1logo de Pr\u00e1cticas Prometedoras, organizado por el Consejo Nacional de la Empresa Privada (CONEP) y el Programa de las Naciones Unidas para el Desarrollo (PNUD).<\/p>\n\n\n<div class=\"wp-block-image\">\n<figure class=\"aligncenter size-large\"><img loading=\"lazy\" decoding=\"async\" width=\"1024\" height=\"683\" src=\"https:\/\/elmundodelosnegocios.com.do\/v1\/wp-content\/uploads\/2025\/12\/En-esta-edicion-se-premiaron-a-19-proyectos-empresariales-1024x683.jpg\" alt=\"\" class=\"wp-image-74722\" srcset=\"https:\/\/elmundodelosnegocios.com.do\/v1\/wp-content\/uploads\/2025\/12\/En-esta-edicion-se-premiaron-a-19-proyectos-empresariales-1024x683.jpg 1024w, https:\/\/elmundodelosnegocios.com.do\/v1\/wp-content\/uploads\/2025\/12\/En-esta-edicion-se-premiaron-a-19-proyectos-empresariales-300x200.jpg 300w, https:\/\/elmundodelosnegocios.com.do\/v1\/wp-content\/uploads\/2025\/12\/En-esta-edicion-se-premiaron-a-19-proyectos-empresariales-768x512.jpg 768w, https:\/\/elmundodelosnegocios.com.do\/v1\/wp-content\/uploads\/2025\/12\/En-esta-edicion-se-premiaron-a-19-proyectos-empresariales.jpg 1151w\" sizes=\"auto, (max-width: 1024px) 100vw, 1024px\" \/><\/figure>\n<\/div>\n\n\n<p>MAPFRE result\u00f3 galardonada en la categor\u00eda de Responsabilidad Social Corporativa. \u201cAlerta Rosada es parte esencial de nuestra identidad porque, durante m\u00e1s de una d\u00e9cada, nos ha permitido educar, acompa\u00f1ar y contribuir a que m\u00e1s mujeres y hombres tengan la oportunidad de una detecci\u00f3n temprana de c\u00e1ncer de mama. Proteger la vida de los dominicanos es, y seguir\u00e1 siendo, nuestro compromiso\u201d, afirm\u00f3 Andr\u00e9s Mej\u00eda, presidente ejecutivo de MAPFRE.<\/p>\n\n\n<div class=\"wp-block-image\">\n<figure class=\"aligncenter size-large\"><img loading=\"lazy\" decoding=\"async\" width=\"1024\" height=\"683\" src=\"https:\/\/elmundodelosnegocios.com.do\/v1\/wp-content\/uploads\/2025\/12\/El-reconocimiento-fue-entregado-por-Celso-Juan-Marranzini-Ana-Maria-Diaz-Paino-Henriquez-y-Cesar-Dargam-1024x683.jpg\" alt=\"\" class=\"wp-image-74723\" srcset=\"https:\/\/elmundodelosnegocios.com.do\/v1\/wp-content\/uploads\/2025\/12\/El-reconocimiento-fue-entregado-por-Celso-Juan-Marranzini-Ana-Maria-Diaz-Paino-Henriquez-y-Cesar-Dargam-1024x683.jpg 1024w, https:\/\/elmundodelosnegocios.com.do\/v1\/wp-content\/uploads\/2025\/12\/El-reconocimiento-fue-entregado-por-Celso-Juan-Marranzini-Ana-Maria-Diaz-Paino-Henriquez-y-Cesar-Dargam-300x200.jpg 300w, https:\/\/elmundodelosnegocios.com.do\/v1\/wp-content\/uploads\/2025\/12\/El-reconocimiento-fue-entregado-por-Celso-Juan-Marranzini-Ana-Maria-Diaz-Paino-Henriquez-y-Cesar-Dargam-768x512.jpg 768w, https:\/\/elmundodelosnegocios.com.do\/v1\/wp-content\/uploads\/2025\/12\/El-reconocimiento-fue-entregado-por-Celso-Juan-Marranzini-Ana-Maria-Diaz-Paino-Henriquez-y-Cesar-Dargam.jpg 1152w\" sizes=\"auto, (max-width: 1024px) 100vw, 1024px\" \/><\/figure>\n<\/div>\n\n\n<p>El reconocimiento fue entregado a MAPFRE por Celso Juan Marranzini, presidente del CONEP; Ana Mar\u00eda D\u00edaz, representante residente del PNUD; Pa\u00edno Henr\u00edquez, ministro de Medio Ambiente y C\u00e9sar Dargam, vicepresidente del CONEP.<\/p>\n\n\n\n<p>En esta edici\u00f3n se premiaron a 19 proyectos empresariales que elevan el est\u00e1ndar nacional en sostenibilidad, innovaci\u00f3n y desarrollo humano. Este a\u00f1o se recibieron 66 postulaciones, alcanzando casi 300 proyectos presentados a lo largo de sus cinco a\u00f1os.<\/p>\n\n\n\n<p>Alerta Rosada es una campa\u00f1a que durante 11 a\u00f1os se ha consolidado como referente en la detecci\u00f3n temprana, concienciaci\u00f3n y lucha contra el c\u00e1ncer de mama en Rep\u00fablica Dominicana.<\/p>\n\n\n\n<p>Con una inversi\u00f3n que supera los USD$471,000, ha beneficiado a m\u00e1s de 88,870 personas, detectado 1,599 casos y realizado 3,475 actividades, que incluyen jornadas m\u00e9dicas, espacios educativos y alianzas estrat\u00e9gicas que han permitido acercar servicios de detecci\u00f3n temprana a la poblaci\u00f3n. Adem\u00e1s, en el marco de estas jornadas se han indicado 6,575 sonograf\u00edas y 5,409 mamograf\u00edas.<\/p>\n\n\n\n<p>A trav\u00e9s de esta iniciativa,&nbsp;MAPFRE Dominicana reafirma su compromiso con la salud de la poblaci\u00f3n y los Objetivos de Desarrollo Sostenible, impactando de manera directa&nbsp;los ODS 3: Salud y Bienestar, ODS 5: Igualdad de G\u00e9nero y ODS 17: Alianzas para Lograr los Objetivos.<\/p>\n\n\n\n<p><strong>MAPFRE Dominicana&nbsp;<\/strong><\/p>\n\n\n\n<p>MAPFRE es una aseguradora global con una s\u00f3lida presencia en Rep\u00fablica Dominicana. Con m\u00e1s de un mill\u00f3n de clientes en el pa\u00eds, la compa\u00f1\u00eda ofrece soluciones integrales en seguros generales, de salud, vida y riesgos personales, tanto para particulares como para empresas. Su compromiso con la innovaci\u00f3n, la cercan\u00eda al cliente y la sostenibilidad se refleja en una red de servicios eficiente y en programas de impacto social impulsados por la Fundaci\u00f3n MAPFRE, centrados en educaci\u00f3n vial, prevenci\u00f3n y promoci\u00f3n de la salud. MAPFRE reafirma as\u00ed su prop\u00f3sito de proteger lo que m\u00e1s importa, aportando valor a la sociedad dominicana.&nbsp;<\/p>\n","protected":false},"excerpt":{"rendered":"<p>Santo Domingo, diciembre de 2025.-\u00a0MAPFRE Dominicana fue reconocida por su iniciativa Alerta Rosada, en la quinta edici\u00f3n del Cat\u00e1logo de Pr\u00e1cticas Prometedoras, organizado por el Consejo Nacional de la Empresa&hellip; <\/p>\n","protected":false},"author":2,"featured_media":74725,"comment_status":"closed","ping_status":"closed","sticky":false,"template":"","format":"standard","meta":{"fifu_image_url":"https:\/\/elmundodelosnegocios.com.do\/v1\/wp-content\/uploads\/2025\/12\/En-esta-edicion-se-premiaron-a-19-proyectos-empresariales.jpg","fifu_image_alt":"","footnotes":""},"categories":[83],"tags":[],"class_list":["post-74721","post","type-post","status-publish","format-standard","has-post-thumbnail","hentry","category-empresariales-empresariales"],"_links":{"self":[{"href":"https:\/\/elmundodelosnegocios.com.do\/v1\/wp-json\/wp\/v2\/posts\/74721","targetHints":{"allow":["GET"]}}],"collection":[{"href":"https:\/\/elmundodelosnegocios.com.do\/v1\/wp-json\/wp\/v2\/posts"}],"about":[{"href":"https:\/\/elmundodelosnegocios.com.do\/v1\/wp-json\/wp\/v2\/types\/post"}],"author":[{"embeddable":true,"href":"https:\/\/elmundodelosnegocios.com.do\/v1\/wp-json\/wp\/v2\/users\/2"}],"replies":[{"embeddable":true,"href":"https:\/\/elmundodelosnegocios.com.do\/v1\/wp-json\/wp\/v2\/comments?post=74721"}],"version-history":[{"count":1,"href":"https:\/\/elmundodelosnegocios.com.do\/v1\/wp-json\/wp\/v2\/posts\/74721\/revisions"}],"predecessor-version":[{"id":74724,"href":"https:\/\/elmundodelosnegocios.com.do\/v1\/wp-json\/wp\/v2\/posts\/74721\/revisions\/74724"}],"wp:featuredmedia":[{"embeddable":true,"href":"https:\/\/elmundodelosnegocios.com.do\/v1\/wp-json\/wp\/v2\/media\/74725"}],"wp:attachment":[{"href":"https:\/\/elmundodelosnegocios.com.do\/v1\/wp-json\/wp\/v2\/media?parent=74721"}],"wp:term":[{"taxonomy":"category","embeddable":true,"href":"https:\/\/elmundodelosnegocios.com.do\/v1\/wp-json\/wp\/v2\/categories?post=74721"},{"taxonomy":"post_tag","embeddable":true,"href":"https:\/\/elmundodelosnegocios.com.do\/v1\/wp-json\/wp\/v2\/tags?post=74721"}],"curies":[{"name":"wp","href":"https:\/\/api.w.org\/{rel}","templated":true}]}}