{"id":74730,"date":"2025-12-05T20:21:40","date_gmt":"2025-12-06T00:51:40","guid":{"rendered":"https:\/\/elmundodelosnegocios.com.do\/v1\/?p=74730"},"modified":"2025-12-05T20:21:44","modified_gmt":"2025-12-06T00:51:44","slug":"camara-santo-domingo-capacita-analistas-con-diplomado-en-registro-mercantil","status":"publish","type":"post","link":"https:\/\/elmundodelosnegocios.com.do\/v1\/camara-santo-domingo-capacita-analistas-con-diplomado-en-registro-mercantil\/","title":{"rendered":"C\u00e1mara Santo Domingo capacita analistas con diplomado en Registro Mercantil"},"content":{"rendered":"\n<p><strong>La C\u00e1mara Santo Doming<\/strong>o finaliz\u00f3 dos nuevas promociones del Diplomado en Gesti\u00f3n de Tr\u00e1mites ante el Registro Mercantil, en el que se graduaron 40 analistas de la instituci\u00f3n y 32 analistas y registradores de las c\u00e1maras del pa\u00eds, este \u00faltimo a trav\u00e9s de la Federaci\u00f3n Dominicana de C\u00e1maras de Comercio<strong>&nbsp;(Fedoc\u00e1maras).<\/strong><\/p>\n\n\n<div class=\"wp-block-image\">\n<figure class=\"aligncenter size-large\"><img decoding=\"async\" src=\"https:\/\/eldinero.com.do\/wp-content\/uploads\/camara-sto-dgo--750x536.jpg\" alt=\"\"\/><\/figure>\n<\/div>\n\n\n<p>\u201cEste esfuerzo formativo responde a una convicci\u00f3n que tenemos en la C\u00e1mara Santo Domingo: la calidad de nuestros servicios a los usuarios se fortalece cuando formamos mejor a las personas que lo hacen posible\u201d, expres\u00f3 su presidenta,&nbsp;<strong>Lucile Houellemont.<\/strong><\/p>\n\n\n\n<p>Asimismo, afirm\u00f3 que en la instituci\u00f3n creen en el poder de la educaci\u00f3n para perfeccionar el servicio que ofrecen al ecosistema empresarial, para facilitar el hacer negocios y acompa\u00f1ar a las empresas en todas sus etapas.<\/p>\n\n\n\n<p>\u201cPor esto, el trabajo que hace cada uno de ustedes es tan importante: el Registro Mercantil es el acta de nacimiento de una empresa formal y ustedes son los encargados de garantizar la confiabilidad de cada registro\u201d, dijo Houellemont.<\/p>\n\n\n\n<p>Los participantes en el&nbsp;<strong>Diplomado en Gesti\u00f3n de Tr\u00e1mites del Registro Mercantil<\/strong>&nbsp;perfeccionaron sus conocimientos sobre los veh\u00edculos societarios m\u00e1s utilizados en el pa\u00eds, la gesti\u00f3n de sociedades comerciales, el registro de sociedades extranjeras, el gobierno corporativo, las asambleas de socios, los delitos societarios, la reestructuraci\u00f3n mercantil, planificaci\u00f3n patrimonial, el desarrollo legislativo del derecho societario y sobre el Registro Mercantil en general.<\/p>\n\n\n\n<p>En el evento, el presidente de Fedoc\u00e1maras,<strong>&nbsp;Manuel An\u00edbal Garc\u00eda,<\/strong>&nbsp;consider\u00f3 que \u201clo verdaderamente importante es lo que este diplomado representa: la voluntad de seguir creciendo, de hacer las cosas mejor y de servir mejor\u201d.<\/p>\n\n\n\n<p class=\"has-text-align-center\"><img loading=\"lazy\" decoding=\"async\" width=\"699\" height=\"480\" srcset=\"https:\/\/eldinero.com.do\/wp-content\/uploads\/Foto-2-11-699x480.jpg 699w, https:\/\/eldinero.com.do\/wp-content\/uploads\/Foto-2-11-1200x824.jpg 1200w, https:\/\/eldinero.com.do\/wp-content\/uploads\/Foto-2-11-280x192.jpg 280w, https:\/\/eldinero.com.do\/wp-content\/uploads\/Foto-2-11-768x528.jpg 768w, https:\/\/eldinero.com.do\/wp-content\/uploads\/Foto-2-11-1536x1055.jpg 1536w, https:\/\/eldinero.com.do\/wp-content\/uploads\/Foto-2-11-2048x1407.jpg 2048w, https:\/\/eldinero.com.do\/wp-content\/uploads\/Foto-2-11-750x515.jpg 750w, https:\/\/eldinero.com.do\/wp-content\/uploads\/Foto-2-11-1140x783.jpg 1140w\" src=\"https:\/\/eldinero.com.do\/wp-content\/uploads\/Foto-2-11-699x480.jpg\" alt=\"\"><\/p>\n\n\n\n<p>Garc\u00eda agradeci\u00f3 a la C\u00e1mara de Comercio de Santo Domingo y al del Ministerio de Industria, Comercio y Mipymes<strong>\u00a0(MICM),<\/strong>\u00a0que apoy\u00f3 a Fedoc\u00e1maras para que los analistas de las c\u00e1maras de las provincias recibieran el diplomado, que \u201celeva el nivel de todo el sistema cameral\u201d.<\/p>\n\n\n\n<p>En el cierre del diplomado el abogado&nbsp;<strong>Alberto Fiallo-Billini<\/strong>&nbsp;ofreci\u00f3 un power talk en el que destac\u00f3 la importancia del trabajo que realizan los analistas del Registro Mercantil para el sector empresarial nacional y les motiv\u00f3 a realizar a realizar sus labores con actitud optimista y entusiasmo.<\/p>\n\n\n\n<p>El diplomado fue realizado junto a Gaceta Judicial y tuvo una duraci\u00f3n de nueve semanas de clases virtuales y acompa\u00f1amiento permanente. En la primera edici\u00f3n, realizada entre julio y septiembre, se graduaron 46 abogados, emprendedores, consultores y administradores de empresas.<\/p>\n\n\n\n<h2 class=\"wp-block-heading\">Sobre C\u00e1mara Santo Domingo<\/h2>\n\n\n\n<p>Fundada en 1847, es la C\u00e1mara de Comercio m\u00e1s antigua de Am\u00e9rica Latina. Es una instituci\u00f3n sin fines de lucro que acompa\u00f1a a las empresas de Santo Domingo durante todo su ciclo de vida. Conforme a la Ley 3-02, administra el Registro Mercantil en Santo Domingo. Ofrece los servicios de Digifirma, Corte de Arbitraje y resoluci\u00f3n alternativa de conflictos, Rondas de negocios, Misiones Comerciales, y el directorio de empresas Mujeres. Realiza los eventos HUB y Crece, dirigidos a empresas exportadoras y Mipymes, respectivamente.<\/p>\n","protected":false},"excerpt":{"rendered":"<p>La C\u00e1mara Santo Domingo finaliz\u00f3 dos nuevas promociones del Diplomado en Gesti\u00f3n de Tr\u00e1mites ante el Registro Mercantil, en el que se graduaron 40 analistas de la instituci\u00f3n y 32&hellip; <\/p>\n","protected":false},"author":2,"featured_media":74732,"comment_status":"closed","ping_status":"closed","sticky":false,"template":"","format":"standard","meta":{"fifu_image_url":"https:\/\/eldinero.com.do\/wp-content\/uploads\/camara-sto-dgo--750x536.jpg","fifu_image_alt":"","footnotes":""},"categories":[83],"tags":[],"class_list":["post-74730","post","type-post","status-publish","format-standard","has-post-thumbnail","hentry","category-empresariales-empresariales"],"_links":{"self":[{"href":"https:\/\/elmundodelosnegocios.com.do\/v1\/wp-json\/wp\/v2\/posts\/74730","targetHints":{"allow":["GET"]}}],"collection":[{"href":"https:\/\/elmundodelosnegocios.com.do\/v1\/wp-json\/wp\/v2\/posts"}],"about":[{"href":"https:\/\/elmundodelosnegocios.com.do\/v1\/wp-json\/wp\/v2\/types\/post"}],"author":[{"embeddable":true,"href":"https:\/\/elmundodelosnegocios.com.do\/v1\/wp-json\/wp\/v2\/users\/2"}],"replies":[{"embeddable":true,"href":"https:\/\/elmundodelosnegocios.com.do\/v1\/wp-json\/wp\/v2\/comments?post=74730"}],"version-history":[{"count":1,"href":"https:\/\/elmundodelosnegocios.com.do\/v1\/wp-json\/wp\/v2\/posts\/74730\/revisions"}],"predecessor-version":[{"id":74731,"href":"https:\/\/elmundodelosnegocios.com.do\/v1\/wp-json\/wp\/v2\/posts\/74730\/revisions\/74731"}],"wp:featuredmedia":[{"embeddable":true,"href":"https:\/\/elmundodelosnegocios.com.do\/v1\/wp-json\/wp\/v2\/media\/74732"}],"wp:attachment":[{"href":"https:\/\/elmundodelosnegocios.com.do\/v1\/wp-json\/wp\/v2\/media?parent=74730"}],"wp:term":[{"taxonomy":"category","embeddable":true,"href":"https:\/\/elmundodelosnegocios.com.do\/v1\/wp-json\/wp\/v2\/categories?post=74730"},{"taxonomy":"post_tag","embeddable":true,"href":"https:\/\/elmundodelosnegocios.com.do\/v1\/wp-json\/wp\/v2\/tags?post=74730"}],"curies":[{"name":"wp","href":"https:\/\/api.w.org\/{rel}","templated":true}]}}