{"id":74733,"date":"2025-12-05T21:08:36","date_gmt":"2025-12-06T01:38:36","guid":{"rendered":"https:\/\/elmundodelosnegocios.com.do\/v1\/?p=74733"},"modified":"2025-12-05T21:08:42","modified_gmt":"2025-12-06T01:38:42","slug":"dga-presenta-las-mejoras-implementadas-en-favor-del-sector-de-zonas-francas","status":"publish","type":"post","link":"https:\/\/elmundodelosnegocios.com.do\/v1\/dga-presenta-las-mejoras-implementadas-en-favor-del-sector-de-zonas-francas\/","title":{"rendered":"DGA presenta las mejoras implementadas en favor del sector de zonas francas"},"content":{"rendered":"\n<p>Santo Domingo.- La&nbsp;<strong>Direcci\u00f3n General de Aduanas<\/strong>&nbsp;(DGA) present\u00f3 este jueves las mejoras impulsadas desde esa entidad para el sector de&nbsp;<strong>zonas francas,<\/strong>&nbsp;por la importancia de esas&nbsp;<strong>exportaciones<\/strong>&nbsp;para la econom\u00eda nacional y como rubro para la atracci\u00f3n de&nbsp;<strong>inversi\u00f3n extranjera<\/strong>, de&nbsp;<strong>empleos<\/strong>&nbsp;y de generaci\u00f3n de&nbsp;<strong>divisas<\/strong>.&nbsp;<\/p>\n\n\n\n<figure class=\"wp-block-image size-large\"><img decoding=\"async\" src=\"https:\/\/presidencia.gob.do\/sites\/default\/files\/styles\/large\/public\/news\/2025-12\/Foto%20web%20%281%29_0.png?itok=xBVB-JnO\" alt=\"\"\/><\/figure>\n\n\n\n<p>Entre los resultados presentados fueron destacados&nbsp;<strong>despachos m\u00e1s r\u00e1pidos,<\/strong>&nbsp;mayor previsibilidad log\u00edstica,&nbsp;<strong>reducci\u00f3n de costos<\/strong>&nbsp;y un clima de negocios m\u00e1s&nbsp;<strong>confiable<\/strong>&nbsp;para los contribuyentes.&nbsp;<\/p>\n\n\n\n<p>Dichas mejoras han contribuido a elevar la competitividad nacional, en un momento de&nbsp;<strong>tensiones geopol\u00edticas<\/strong>&nbsp;generadas por los aranceles impuestos a las importaciones en los&nbsp;<strong>Estados Unidos,<\/strong>&nbsp;por disposici\u00f3n del&nbsp;<strong>presidente Donald Trump.&nbsp;<\/strong><\/p>\n\n\n\n<p>El director general de Aduanas,&nbsp;<strong>Yayo Sanz Lovat\u00f3n,<\/strong>&nbsp;resalt\u00f3 que el modelo de zonas francas en el pa\u00eds, que inici\u00f3 enfocado en la&nbsp;<strong>industria textil,<\/strong>&nbsp;hoy est\u00e1 bastante diversificado, con la presencia de empresas dedicadas a la manufactura de&nbsp;<strong>dispositivos tecnol\u00f3gicos, m\u00e9dicos, agroindustriales, servicios<\/strong>&nbsp;y otras \u00e1reas.&nbsp;<\/p>\n\n\n\n<p>El funcionario manifest\u00f3 que las zonas francas han sido un&nbsp;<strong>motor para la transformaci\u00f3n<\/strong>&nbsp;del pa\u00eds, por lo que Aduanas tiene el compromiso de seguir impuls\u00e1ndolo.&nbsp;<\/p>\n\n\n\n<p><em>\u201cLas zonas francas en Rep\u00fablica Dominicana tendr\u00e1n un antes y un despu\u00e9s luego de Luis Abinader, con m\u00e1s de 700 mejoras tecnol\u00f3gicas y habiendo incrementado las exportaciones del pa\u00eds de USD 700 millones promedio en 2019 y hoy andamos por los USD 1,300 millones\u201d,<\/em>&nbsp;explic\u00f3 Yayo.<\/p>\n\n\n\n<p>El subdirector de Zonas Francas de la DGA,&nbsp;<strong>Julio Anulfo Pascual<\/strong>, inform\u00f3 que el evento<strong>&nbsp;Zona Franca la Historia de un Cambio,<\/strong>&nbsp;no solo busca dar a conocer las iniciativas que Aduanas ha impulsado, sino que sean las mismas empresas que den sus testimonios sobre c\u00f3mo esto se ha traducido en favor de las operaciones y la rentabilidad de sus empresas.&nbsp;<\/p>\n\n\n\n<p><em>\u201cRecibimos, en 2020, una Subdirecci\u00f3n de Zonas Francas donde todo era manual, todo era an\u00e1logo; hoy, a trav\u00e9s de la plataforma de servicios, las empresas se ahorran tiempo y dinero y tienen la posibilidad de cumplir con sus suplidores y sus clientes, llevando a tiempo las mercanc\u00edas que producen\u201d,<\/em>&nbsp;se\u00f1al\u00f3 Pascual.&nbsp;<\/p>\n\n\n\n<p>El evento cont\u00f3 con representantes de empresas del sector y miembros de la Asociaci\u00f3n Dominicana de Zonas Francas&nbsp;<strong>(Adozona)<\/strong>.<\/p>\n\n\n\n<p><strong>Aporte<\/strong><\/p>\n\n\n\n<p>En 2024 el sector zonas francas aport\u00f3 un valor de&nbsp;<strong>USD 8,425 millones,<\/strong>&nbsp;registrando un crecimiento de&nbsp;<strong>5.9 %<\/strong>&nbsp;respecto al a\u00f1o anterior, y representando el&nbsp;<strong>67.7 %<\/strong>&nbsp;de todo lo exportado en la Rep\u00fablica Dominicana.<\/p>\n\n\n\n<p>Asimismo, el sector emplea de forma directa a&nbsp;<strong>198,450<\/strong>&nbsp;empleados e indirectamente se calcula que se generan 2.3 empleos para unos&nbsp;<strong>460,000<\/strong>&nbsp;empleos indirectos a nivel nacional.&nbsp;<\/p>\n\n\n\n<p>Igualmente, se estima que por cada peso dominicano que se le exonera al sector se generan&nbsp;<strong>USD 5<\/strong>&nbsp;adicionales para la econom\u00eda nacional.<\/p>\n","protected":false},"excerpt":{"rendered":"<p>Santo Domingo.- La&nbsp;Direcci\u00f3n General de Aduanas&nbsp;(DGA) present\u00f3 este jueves las mejoras impulsadas desde esa entidad para el sector de&nbsp;zonas francas,&nbsp;por la importancia de esas&nbsp;exportaciones&nbsp;para la econom\u00eda nacional y como rubro&hellip; <\/p>\n","protected":false},"author":2,"featured_media":74735,"comment_status":"closed","ping_status":"closed","sticky":false,"template":"","format":"standard","meta":{"fifu_image_url":"https:\/\/presidencia.gob.do\/sites\/default\/files\/styles\/large\/public\/news\/2025-12\/Foto%20web%20%281%29_0.png?itok=xBVB-JnO","fifu_image_alt":"","footnotes":""},"categories":[178],"tags":[],"class_list":["post-74733","post","type-post","status-publish","format-standard","has-post-thumbnail","hentry","category-aduana"],"_links":{"self":[{"href":"https:\/\/elmundodelosnegocios.com.do\/v1\/wp-json\/wp\/v2\/posts\/74733","targetHints":{"allow":["GET"]}}],"collection":[{"href":"https:\/\/elmundodelosnegocios.com.do\/v1\/wp-json\/wp\/v2\/posts"}],"about":[{"href":"https:\/\/elmundodelosnegocios.com.do\/v1\/wp-json\/wp\/v2\/types\/post"}],"author":[{"embeddable":true,"href":"https:\/\/elmundodelosnegocios.com.do\/v1\/wp-json\/wp\/v2\/users\/2"}],"replies":[{"embeddable":true,"href":"https:\/\/elmundodelosnegocios.com.do\/v1\/wp-json\/wp\/v2\/comments?post=74733"}],"version-history":[{"count":1,"href":"https:\/\/elmundodelosnegocios.com.do\/v1\/wp-json\/wp\/v2\/posts\/74733\/revisions"}],"predecessor-version":[{"id":74734,"href":"https:\/\/elmundodelosnegocios.com.do\/v1\/wp-json\/wp\/v2\/posts\/74733\/revisions\/74734"}],"wp:featuredmedia":[{"embeddable":true,"href":"https:\/\/elmundodelosnegocios.com.do\/v1\/wp-json\/wp\/v2\/media\/74735"}],"wp:attachment":[{"href":"https:\/\/elmundodelosnegocios.com.do\/v1\/wp-json\/wp\/v2\/media?parent=74733"}],"wp:term":[{"taxonomy":"category","embeddable":true,"href":"https:\/\/elmundodelosnegocios.com.do\/v1\/wp-json\/wp\/v2\/categories?post=74733"},{"taxonomy":"post_tag","embeddable":true,"href":"https:\/\/elmundodelosnegocios.com.do\/v1\/wp-json\/wp\/v2\/tags?post=74733"}],"curies":[{"name":"wp","href":"https:\/\/api.w.org\/{rel}","templated":true}]}}