{"id":74739,"date":"2025-12-05T21:21:14","date_gmt":"2025-12-06T01:51:14","guid":{"rendered":"https:\/\/elmundodelosnegocios.com.do\/v1\/?p=74739"},"modified":"2026-01-05T13:25:02","modified_gmt":"2026-01-05T17:55:02","slug":"cementos-cibao-da-inicio-a-la-navidad-2025-con-su-tradicional-encendido-de-luces-en-la-zona-monumental","status":"publish","type":"post","link":"https:\/\/elmundodelosnegocios.com.do\/v1\/cementos-cibao-da-inicio-a-la-navidad-2025-con-su-tradicional-encendido-de-luces-en-la-zona-monumental\/","title":{"rendered":"Cementos Cibao da inicio a la Navidad 2025 con su tradicional Encendido de Luces en la Zona Monumental"},"content":{"rendered":"\n<p><strong>Santiago, Rep\u00fablica Dominicana \u2013 diciembre de 2025.<\/strong>\u2013 Cementos Cibao dio la bienvenida oficial a la temporada navide\u00f1a con su tradicional\u00a0<strong>Encendido de Luces y \u00c1rbol de Navidad 2025<\/strong>, celebrado por\u00a0<strong>und\u00e9cimo a\u00f1o consecutivo<\/strong>\u00a0en el emblem\u00e1tico\u00a0<strong>Monumento a los H\u00e9roes de la Restauraci\u00f3n<\/strong>, iluminando la Ciudad Coraz\u00f3n con magia y esp\u00edritu festivo.<\/p>\n\n\n\n<figure class=\"wp-block-image size-large is-resized\"><img decoding=\"async\" src=\"https:\/\/www.cementoscibao.com\/wp-content\/uploads\/2025\/12\/bg-navidad-2025-cb.jpg\" alt=\"\" style=\"aspect-ratio:15.555555555555555;width:840px;height:auto\"\/><\/figure>\n\n\n\n<p>Durante el acto,&nbsp;<strong>Cruz Rodr\u00edguez de Casado<\/strong>, presidenta de Cementos Cibao, destac\u00f3 los&nbsp;<strong>valores espirituales<\/strong>&nbsp;que inspiran esta celebraci\u00f3n e invit\u00f3 a la comunidad a reflexionar sobre el verdadero significado de la Navidad.<br>\u201cLa Navidad es espiritual, se lleva y se celebra por dentro, invitando a todos a mantener esa luz en sus corazones durante todo el a\u00f1o\u201d, expres\u00f3 Rodr\u00edguez de Casado.<\/p>\n\n\n<div class=\"wp-block-image\">\n<figure class=\"aligncenter\"><a href=\"https:\/\/diariosocialrd.com\/wp-content\/uploads\/2025\/12\/20ab2326-72eb-42ac-af79-fe298ee28721.jpg\"><img decoding=\"async\" src=\"https:\/\/diariosocialrd.com\/wp-content\/uploads\/2025\/12\/20ab2326-72eb-42ac-af79-fe298ee28721-1024x681.jpg\" alt=\"\" class=\"wp-image-243684\"\/><\/a><\/figure>\n<\/div>\n\n\n<p>Tambi\u00e9n tom\u00f3 la palabra&nbsp;<strong>Mar\u00eda Belisa Ram\u00edrez<\/strong>, directora del Monumento, quien motiv\u00f3 a las familias a disfrutar de la&nbsp;<strong>magia, las luces y el ambiente navide\u00f1o<\/strong>&nbsp;en uno de los espacios m\u00e1s emblem\u00e1ticos de Santiago.<br>En un momento especial, Ram\u00edrez entreg\u00f3 un&nbsp;<strong>pin oficial<\/strong>&nbsp;a Cruz Rodr\u00edguez, reconoci\u00e9ndola como&nbsp;<strong>Embajadora Oficial del Monumento a los H\u00e9roes de la Restauraci\u00f3n<\/strong>, distinci\u00f3n otorgada por su apoyo, sensibilidad y compromiso con este patrimonio cultural.<\/p>\n\n\n<div class=\"wp-block-image\">\n<figure class=\"aligncenter\"><a href=\"https:\/\/diariosocialrd.com\/wp-content\/uploads\/2025\/12\/1d89a074-c88f-45fd-9446-1defb5dc6fe6.jpg\"><img decoding=\"async\" src=\"https:\/\/diariosocialrd.com\/wp-content\/uploads\/2025\/12\/1d89a074-c88f-45fd-9446-1defb5dc6fe6-1024x681.jpg\" alt=\"\" class=\"wp-image-243686\"\/><\/a><\/figure>\n<\/div>\n\n\n<p>Tras el encendido del \u00e1rbol, los asistentes disfrutaron de&nbsp;<strong>presentaciones art\u00edsticas y musicales<\/strong>&nbsp;a cargo del&nbsp;<strong>grupo de danza CC<\/strong>&nbsp;y de la&nbsp;<strong>Orquesta Metropolitana de Santiago<\/strong>, que interpret\u00f3 cl\u00e1sicos navide\u00f1os para el deleite del p\u00fablico.<br>El evento cont\u00f3 con la presencia del alcalde de Santiago,&nbsp;<strong>Ulises Rodr\u00edguez<\/strong>; alcaldes de municipios cercanos; representantes culturales; y miembros de la familia Rodr\u00edguez.<\/p>\n\n\n<div class=\"wp-block-image\">\n<figure class=\"aligncenter\"><a href=\"https:\/\/diariosocialrd.com\/wp-content\/uploads\/2025\/12\/db3c98ec-bd33-4625-bec0-f4e95af7b195.jpg\"><img decoding=\"async\" src=\"https:\/\/diariosocialrd.com\/wp-content\/uploads\/2025\/12\/db3c98ec-bd33-4625-bec0-f4e95af7b195.jpg\" alt=\"\" class=\"wp-image-243685\"\/><\/a><\/figure>\n<\/div>\n\n\n<p>Con esta tradici\u00f3n,&nbsp;<strong>Cementos Cibao<\/strong>&nbsp;reafirma su compromiso de llevar&nbsp;<strong>alegr\u00eda<\/strong>, fortalecer los&nbsp;<strong>lazos comunitarios<\/strong>&nbsp;y promover los&nbsp;<strong>valores que unen<\/strong>&nbsp;a las familias dominicanas durante la \u00e9poca m\u00e1s especial del a\u00f1o.<\/p>\n\n\n\n<p>La velada concluy\u00f3 con un impresionante&nbsp;<strong>espect\u00e1culo de fuegos artificiales<\/strong>&nbsp;que ilumin\u00f3 el cielo santiaguero.<\/p>\n\n\n\n<p><\/p>\n","protected":false},"excerpt":{"rendered":"<p>Santiago, Rep\u00fablica Dominicana \u2013 diciembre de 2025.\u2013 Cementos Cibao dio la bienvenida oficial a la temporada navide\u00f1a con su tradicional\u00a0Encendido de Luces y \u00c1rbol de Navidad 2025, celebrado por\u00a0und\u00e9cimo a\u00f1o&hellip; <\/p>\n","protected":false},"author":2,"featured_media":74741,"comment_status":"closed","ping_status":"closed","sticky":false,"template":"","format":"standard","meta":{"fifu_image_url":"https:\/\/www.cementoscibao.com\/wp-content\/uploads\/2025\/12\/bg-navidad-2025-cb.jpg","fifu_image_alt":"","footnotes":""},"categories":[69],"tags":[],"class_list":["post-74739","post","type-post","status-publish","format-standard","has-post-thumbnail","hentry","category-construccion"],"_links":{"self":[{"href":"https:\/\/elmundodelosnegocios.com.do\/v1\/wp-json\/wp\/v2\/posts\/74739","targetHints":{"allow":["GET"]}}],"collection":[{"href":"https:\/\/elmundodelosnegocios.com.do\/v1\/wp-json\/wp\/v2\/posts"}],"about":[{"href":"https:\/\/elmundodelosnegocios.com.do\/v1\/wp-json\/wp\/v2\/types\/post"}],"author":[{"embeddable":true,"href":"https:\/\/elmundodelosnegocios.com.do\/v1\/wp-json\/wp\/v2\/users\/2"}],"replies":[{"embeddable":true,"href":"https:\/\/elmundodelosnegocios.com.do\/v1\/wp-json\/wp\/v2\/comments?post=74739"}],"version-history":[{"count":2,"href":"https:\/\/elmundodelosnegocios.com.do\/v1\/wp-json\/wp\/v2\/posts\/74739\/revisions"}],"predecessor-version":[{"id":75295,"href":"https:\/\/elmundodelosnegocios.com.do\/v1\/wp-json\/wp\/v2\/posts\/74739\/revisions\/75295"}],"wp:featuredmedia":[{"embeddable":true,"href":"https:\/\/elmundodelosnegocios.com.do\/v1\/wp-json\/wp\/v2\/media\/74741"}],"wp:attachment":[{"href":"https:\/\/elmundodelosnegocios.com.do\/v1\/wp-json\/wp\/v2\/media?parent=74739"}],"wp:term":[{"taxonomy":"category","embeddable":true,"href":"https:\/\/elmundodelosnegocios.com.do\/v1\/wp-json\/wp\/v2\/categories?post=74739"},{"taxonomy":"post_tag","embeddable":true,"href":"https:\/\/elmundodelosnegocios.com.do\/v1\/wp-json\/wp\/v2\/tags?post=74739"}],"curies":[{"name":"wp","href":"https:\/\/api.w.org\/{rel}","templated":true}]}}