{"id":74742,"date":"2025-12-04T21:21:29","date_gmt":"2025-12-05T01:51:29","guid":{"rendered":"https:\/\/elmundodelosnegocios.com.do\/v1\/?p=74742"},"modified":"2025-12-05T21:22:32","modified_gmt":"2025-12-06T01:52:32","slug":"banreservas-es-distinguido-como-modelo-de-negocio-por-su-programa-fomenta-pymes","status":"publish","type":"post","link":"https:\/\/elmundodelosnegocios.com.do\/v1\/banreservas-es-distinguido-como-modelo-de-negocio-por-su-programa-fomenta-pymes\/","title":{"rendered":"Banreservas es distinguido como modelo de negocio por su programa Fomenta Pymes"},"content":{"rendered":"\n<p><em><strong>Santo Domingo, R.D. \u2014 Diciembre de 2025<\/strong>.<\/em>&nbsp;\u2013 El&nbsp;<strong>Programa Fomenta Pymes del Banco de Reservas<\/strong>&nbsp;fue reconocido como&nbsp;<strong>Modelo de Negocio<\/strong>&nbsp;en la quinta edici\u00f3n del&nbsp;<strong>Cat\u00e1logo de Pr\u00e1cticas Prometedoras<\/strong>, una iniciativa desarrollada por el&nbsp;<strong>Consejo Nacional de la Empresa Privada (CONEP)<\/strong>&nbsp;y el&nbsp;<strong>Programa de las Naciones Unidas para el Desarrollo (PNUD)<\/strong>.<\/p>\n\n\n<div class=\"wp-block-image\">\n<figure class=\"aligncenter size-large\"><img decoding=\"async\" src=\"https:\/\/diariosocialrd.com\/wp-content\/uploads\/2025\/12\/IMG-20251203-WA0093-1170x778.jpg\" alt=\"\"\/><\/figure>\n<\/div>\n\n\n<p>El reconocimiento fue recibido por&nbsp;<strong>Juan Carlos Garc\u00eda<\/strong>, director senior de Pymes de Banreservas, y&nbsp;<strong>Raquel Giraldez<\/strong>, directora de Sostenibilidad y Responsabilidad Social.<\/p>\n\n\n\n<p>Esta propuesta constituye una&nbsp;<strong>soluci\u00f3n integral<\/strong>&nbsp;creada para impulsar el&nbsp;<strong>crecimiento sostenible<\/strong>&nbsp;de las micro, peque\u00f1as y medianas empresas del pa\u00eds, atendiendo sus necesidades reales con herramientas financieras adaptadas.<\/p>\n\n\n\n<figure class=\"wp-block-image\"><a href=\"https:\/\/diariosocialrd.com\/wp-content\/uploads\/2025\/12\/IMG-20251203-WA0092.jpg\"><img decoding=\"async\" src=\"https:\/\/diariosocialrd.com\/wp-content\/uploads\/2025\/12\/IMG-20251203-WA0092-1024x701.jpg\" alt=\"\" class=\"wp-image-243597\"\/><\/a><\/figure>\n\n\n\n<p>Desde el a\u00f1o 2018, el programa&nbsp;<strong>Fomenta Pymes<\/strong>&nbsp;ha movilizado&nbsp;<strong>m\u00e1s de RD$285,000 millones<\/strong>&nbsp;en financiamientos, ampliando el acceso a productos y servicios bancarios. La instituci\u00f3n mantiene una&nbsp;<strong>cartera activa superior a RD$95,000 millones<\/strong>&nbsp;y una&nbsp;<strong>cartera pasiva que supera los RD$104,000 millones<\/strong>.<\/p>\n\n\n\n<p>Actualmente, m\u00e1s de&nbsp;<strong>157,000 pymes<\/strong>&nbsp;han recibido apoyo directo del Banco, mientras que&nbsp;<strong>30,800 emprendedores y empresarios<\/strong>&nbsp;han sido capacitados mediante sesiones formativas y asesor\u00edas especializadas para mejorar su gesti\u00f3n financiera, optimizar sus operaciones y fomentar la innovaci\u00f3n.<\/p>\n\n\n\n<p>Adem\u00e1s, las empresas participantes tienen acceso a&nbsp;<strong>p\u00f3lizas de protecci\u00f3n ante riesgos catastr\u00f3ficos y civiles<\/strong>, as\u00ed como a&nbsp;<strong>financiamientos verdes<\/strong>, que ya han beneficiado a&nbsp;<strong>380 clientes<\/strong>.<\/p>\n\n\n\n<p>De acuerdo con datos de la&nbsp;<strong>Oficina Nacional de Estad\u00edstica (ONE)<\/strong>, las&nbsp;<strong>mipymes representan el 98.5% del tejido empresarial nacional<\/strong>&nbsp;y generan el&nbsp;<strong>38.5% del empleo formal<\/strong>&nbsp;en la Rep\u00fablica Dominicana.<\/p>\n\n\n\n<p>Con este reconocimiento, Banreservas reafirma su compromiso de promover el&nbsp;<strong>desarrollo sostenible<\/strong>, apoyar la&nbsp;<strong>prosperidad econ\u00f3mica<\/strong>&nbsp;y contribuir al cumplimiento de los&nbsp;<strong>Objetivos de Desarrollo Sostenible (ODS)<\/strong>&nbsp;contemplados en la&nbsp;<strong>Agenda 2030<\/strong>.<\/p>\n\n\n\n<p>El acto de premiaci\u00f3n cont\u00f3 con la participaci\u00f3n de&nbsp;<strong>19 empresas<\/strong>, destacadas en las categor\u00edas&nbsp;<strong>Modelo de Negocio<\/strong>,&nbsp;<strong>Responsabilidad Social Corporativa<\/strong>&nbsp;y&nbsp;<strong>Micro y Peque\u00f1as Empresas<\/strong>.<\/p>\n","protected":false},"excerpt":{"rendered":"<p>Santo Domingo, R.D. \u2014 Diciembre de 2025.&nbsp;\u2013 El&nbsp;Programa Fomenta Pymes del Banco de Reservas&nbsp;fue reconocido como&nbsp;Modelo de Negocio&nbsp;en la quinta edici\u00f3n del&nbsp;Cat\u00e1logo de Pr\u00e1cticas Prometedoras, una iniciativa desarrollada por el&nbsp;Consejo&hellip; <\/p>\n","protected":false},"author":2,"featured_media":74744,"comment_status":"closed","ping_status":"closed","sticky":false,"template":"","format":"standard","meta":{"fifu_image_url":"https:\/\/diariosocialrd.com\/wp-content\/uploads\/2025\/12\/IMG-20251203-WA0093-1170x778.jpg","fifu_image_alt":"","footnotes":""},"categories":[180],"tags":[],"class_list":["post-74742","post","type-post","status-publish","format-standard","has-post-thumbnail","hentry","category-banca"],"_links":{"self":[{"href":"https:\/\/elmundodelosnegocios.com.do\/v1\/wp-json\/wp\/v2\/posts\/74742","targetHints":{"allow":["GET"]}}],"collection":[{"href":"https:\/\/elmundodelosnegocios.com.do\/v1\/wp-json\/wp\/v2\/posts"}],"about":[{"href":"https:\/\/elmundodelosnegocios.com.do\/v1\/wp-json\/wp\/v2\/types\/post"}],"author":[{"embeddable":true,"href":"https:\/\/elmundodelosnegocios.com.do\/v1\/wp-json\/wp\/v2\/users\/2"}],"replies":[{"embeddable":true,"href":"https:\/\/elmundodelosnegocios.com.do\/v1\/wp-json\/wp\/v2\/comments?post=74742"}],"version-history":[{"count":1,"href":"https:\/\/elmundodelosnegocios.com.do\/v1\/wp-json\/wp\/v2\/posts\/74742\/revisions"}],"predecessor-version":[{"id":74743,"href":"https:\/\/elmundodelosnegocios.com.do\/v1\/wp-json\/wp\/v2\/posts\/74742\/revisions\/74743"}],"wp:featuredmedia":[{"embeddable":true,"href":"https:\/\/elmundodelosnegocios.com.do\/v1\/wp-json\/wp\/v2\/media\/74744"}],"wp:attachment":[{"href":"https:\/\/elmundodelosnegocios.com.do\/v1\/wp-json\/wp\/v2\/media?parent=74742"}],"wp:term":[{"taxonomy":"category","embeddable":true,"href":"https:\/\/elmundodelosnegocios.com.do\/v1\/wp-json\/wp\/v2\/categories?post=74742"},{"taxonomy":"post_tag","embeddable":true,"href":"https:\/\/elmundodelosnegocios.com.do\/v1\/wp-json\/wp\/v2\/tags?post=74742"}],"curies":[{"name":"wp","href":"https:\/\/api.w.org\/{rel}","templated":true}]}}