{"id":74745,"date":"2025-12-03T21:25:09","date_gmt":"2025-12-04T01:55:09","guid":{"rendered":"https:\/\/elmundodelosnegocios.com.do\/v1\/?p=74745"},"modified":"2025-12-05T21:30:07","modified_gmt":"2025-12-06T02:00:07","slug":"santo-domingo-ingresa-oficialmente-a-la-prestigiosa-coleccion-de-libros-de-viaje-de-assouline","status":"publish","type":"post","link":"https:\/\/elmundodelosnegocios.com.do\/v1\/santo-domingo-ingresa-oficialmente-a-la-prestigiosa-coleccion-de-libros-de-viaje-de-assouline\/","title":{"rendered":"Santo Domingo ingresa oficialmente a la prestigiosa colecci\u00f3n de libros de viaje de Assouline"},"content":{"rendered":"\n<p>El ministro de Turismo, David Collado, anunci\u00f3 que la Rep\u00fablica Dominicana y su capital, Santo Domingo, han sido incorporadas oficialmente a la reconocida colecci\u00f3n de libros de viaje de la editorial Assouline, una de las m\u00e1s exclusivas y admiradas a nivel mundial.<\/p>\n\n\n<div class=\"wp-block-image\">\n<figure class=\"aligncenter size-large\"><img decoding=\"async\" src=\"https:\/\/noticias.mitur.gob.do\/wp-content\/uploads\/2025\/12\/Assouline.avif\" alt=\"\"\/><\/figure>\n<\/div>\n\n\n<p>El lanzamiento se realiz\u00f3 en la ciudad de Nueva York, en un evento encabezado por Collado junto a Alexandre Assouline, presidente de la firma, ante medios especializados en turismo y cultura. La obra, dedicada a la Ciudad Primada de Am\u00e9rica, celebra la esencia, historia y elegancia de Santo Domingo, destacando su riqueza cultural y arquitect\u00f3nica.<\/p>\n\n\n\n<p>Collado destaco en sus redes sociales, que antes de su presentaci\u00f3n oficial, el libro ya hab\u00eda alcanzado un \u00e9xito notable agot\u00e1ndose dos veces en todas las tiendas Assouline alrededor del mundo. \u201cUna muestra del creciente inter\u00e9s global por nuestra historia, cultura y estilo\u201d.<\/p>\n\n\n\n<p>La edici\u00f3n cuenta con el impecable trabajo editorial de Rossana Rivera y la colaboraci\u00f3n de reconocidas figuras como Patricia Read, Manuel Garc\u00eda Ar\u00e9valo, Manuel Garc\u00eda y Juan Mubarack, quienes aportaron su visi\u00f3n para capturar la esencia de la capital dominicana.<\/p>\n\n\n\n<p>El libro, dedicado a Patricia Reid, quien falleci\u00f3 antes de su impresi\u00f3n, destaca lugares ic\u00f3nicos como la Zona Colonial, el Malec\u00f3n y la Plaza de Espa\u00f1a, capturando la esencia de una metr\u00f3poli que sigue evolucionando.<\/p>\n\n\n\n<p>Con 288 p\u00e1ginas y m\u00e1s de 200 ilustraciones,&nbsp;<em>Santo Domingo<\/em>&nbsp;se suma a la colecci\u00f3n&nbsp;<em>Travel Series<\/em>&nbsp;de Assouline, consolidando a la ciudad como un destino de lujo y cultura en el Caribe.<\/p>\n\n\n\n<p>Con esta inclusi\u00f3n, Santo Domingo se suma a destinos ic\u00f3nicos como Par\u00eds, Nueva York y Marrakech, consolidando su posici\u00f3n como una ciudad vibrante y sofisticada que atrae a viajeros en busca de experiencias \u00fanicas.<\/p>\n","protected":false},"excerpt":{"rendered":"<p>El ministro de Turismo, David Collado, anunci\u00f3 que la Rep\u00fablica Dominicana y su capital, Santo Domingo, han sido incorporadas oficialmente a la reconocida colecci\u00f3n de libros de viaje de la&hellip; <\/p>\n","protected":false},"author":2,"featured_media":74748,"comment_status":"closed","ping_status":"closed","sticky":false,"template":"","format":"standard","meta":{"fifu_image_url":"https:\/\/noticias.mitur.gob.do\/wp-content\/uploads\/2025\/12\/Assouline.avif","fifu_image_alt":"","footnotes":""},"categories":[172],"tags":[],"class_list":["post-74745","post","type-post","status-publish","format-standard","has-post-thumbnail","hentry","category-turismo"],"_links":{"self":[{"href":"https:\/\/elmundodelosnegocios.com.do\/v1\/wp-json\/wp\/v2\/posts\/74745","targetHints":{"allow":["GET"]}}],"collection":[{"href":"https:\/\/elmundodelosnegocios.com.do\/v1\/wp-json\/wp\/v2\/posts"}],"about":[{"href":"https:\/\/elmundodelosnegocios.com.do\/v1\/wp-json\/wp\/v2\/types\/post"}],"author":[{"embeddable":true,"href":"https:\/\/elmundodelosnegocios.com.do\/v1\/wp-json\/wp\/v2\/users\/2"}],"replies":[{"embeddable":true,"href":"https:\/\/elmundodelosnegocios.com.do\/v1\/wp-json\/wp\/v2\/comments?post=74745"}],"version-history":[{"count":1,"href":"https:\/\/elmundodelosnegocios.com.do\/v1\/wp-json\/wp\/v2\/posts\/74745\/revisions"}],"predecessor-version":[{"id":74747,"href":"https:\/\/elmundodelosnegocios.com.do\/v1\/wp-json\/wp\/v2\/posts\/74745\/revisions\/74747"}],"wp:featuredmedia":[{"embeddable":true,"href":"https:\/\/elmundodelosnegocios.com.do\/v1\/wp-json\/wp\/v2\/media\/74748"}],"wp:attachment":[{"href":"https:\/\/elmundodelosnegocios.com.do\/v1\/wp-json\/wp\/v2\/media?parent=74745"}],"wp:term":[{"taxonomy":"category","embeddable":true,"href":"https:\/\/elmundodelosnegocios.com.do\/v1\/wp-json\/wp\/v2\/categories?post=74745"},{"taxonomy":"post_tag","embeddable":true,"href":"https:\/\/elmundodelosnegocios.com.do\/v1\/wp-json\/wp\/v2\/tags?post=74745"}],"curies":[{"name":"wp","href":"https:\/\/api.w.org\/{rel}","templated":true}]}}