{"id":74746,"date":"2025-12-05T21:33:14","date_gmt":"2025-12-06T02:03:14","guid":{"rendered":"https:\/\/elmundodelosnegocios.com.do\/v1\/?p=74746"},"modified":"2025-12-05T21:33:18","modified_gmt":"2025-12-06T02:03:18","slug":"celebra-constructora-vaherra-quinto-aniversario-y-anuncia-proximo-proyecto-en-santo-domingo","status":"publish","type":"post","link":"https:\/\/elmundodelosnegocios.com.do\/v1\/celebra-constructora-vaherra-quinto-aniversario-y-anuncia-proximo-proyecto-en-santo-domingo\/","title":{"rendered":"Celebra Constructora Vaherra quinto aniversario y anuncia pr\u00f3ximo proyecto en Santo Domingo"},"content":{"rendered":"\n<p>La constructora Vaherra celebr\u00f3 su quinto aniversario de operaciones en el pa\u00eds, consolid\u00e1ndose como una empresa visionaria y comprometida con el desarrollo inmobiliario nacional.&nbsp;<\/p>\n\n\n<div class=\"wp-block-image\">\n<figure class=\"aligncenter size-large\"><img loading=\"lazy\" decoding=\"async\" width=\"1024\" height=\"576\" src=\"https:\/\/elmundodelosnegocios.com.do\/v1\/wp-content\/uploads\/2025\/12\/unnamed-1024x576.png\" alt=\"\" class=\"wp-image-74749\" srcset=\"https:\/\/elmundodelosnegocios.com.do\/v1\/wp-content\/uploads\/2025\/12\/unnamed-1024x576.png 1024w, https:\/\/elmundodelosnegocios.com.do\/v1\/wp-content\/uploads\/2025\/12\/unnamed-300x169.png 300w, https:\/\/elmundodelosnegocios.com.do\/v1\/wp-content\/uploads\/2025\/12\/unnamed-768x432.png 768w, https:\/\/elmundodelosnegocios.com.do\/v1\/wp-content\/uploads\/2025\/12\/unnamed.png 1100w\" sizes=\"auto, (max-width: 1024px) 100vw, 1024px\" \/><\/figure>\n<\/div>\n\n\n<p>En un emotivo acto encabezado por su fundador y CEO, Carlos Vargas Herrera, la constructora comparti\u00f3 con aliados, clientes, colaboradores e invitados especiales los hitos alcanzados desde su nacimiento y los nuevos desaf\u00edos que marcar\u00e1n su evoluci\u00f3n en los pr\u00f3ximos a\u00f1os.<\/p>\n\n\n\n<p>Durante su discurso, Vargas Herrera expres\u00f3 que el aniversario no representa \u00fanicamente un logro empresarial, sino tambi\u00e9n la materializaci\u00f3n de un sue\u00f1o familiar. Record\u00f3 los inicios de la empresa, cuando\u2014siendo apenas un estudiante de Ingenier\u00eda Civil\u2014decidi\u00f3 lanzar su primer proyecto inmobiliario en el Gran Santo Domingo, \u2018Vientos del Este\u2019, asumiendo riesgos que muchos consideraron prematuros. Sin embargo, se\u00f1al\u00f3 que la disciplina, la fe y un profundo sentido de prop\u00f3sito fueron los pilares que permitieron que la visi\u00f3n de Vaherra tomara forma.<\/p>\n\n\n\n<p>El joven empresario destac\u00f3 la influencia de su padre, Carlos Vargas, y su abuelo, Samuel Herrera, figuras que definieron su car\u00e1cter y su pasi\u00f3n por construir m\u00e1s que edificios: construir legado, oportunidades y transformaci\u00f3n. En honor a ellos \u2014y a los valores transmitidos\u2014 naci\u00f3 el nombre Vaherra, acr\u00f3nimo de Vargas Herrera.<\/p>\n\n\n\n<p>Vargas Herrera enfatiz\u00f3 que, para la empresa, construir significa apostar por el futuro, por el pa\u00eds y por la capacidad de convertir espacios en sue\u00f1os habitables. Reconoci\u00f3 que cada avance de la compa\u00f1\u00eda ha sido posible gracias al respaldo de sus colaboradores y al compromiso de un equipo de trabajo excepcional.<\/p>\n\n\n\n<p>Como parte de la celebraci\u00f3n, el CEO anunci\u00f3 oficialmente el lanzamiento de la fase 2 de \u2018Vientos del Mar\u2019, un nuevo proyecto ubicado en Juan Dolio que refuerza el compromiso de la empresa con la calidad y el desarrollo de experiencias residenciales modernas y exclusivas.<\/p>\n\n\n\n<p>\u201cLo mejor de Vaherra est\u00e1 por construirse\u201d, expres\u00f3 Vargas Herrera, reafirmando que este quinto aniversario es solo el comienzo de una etapa de mayor expansi\u00f3n y crecimiento.<\/p>\n","protected":false},"excerpt":{"rendered":"<p>La constructora Vaherra celebr\u00f3 su quinto aniversario de operaciones en el pa\u00eds, consolid\u00e1ndose como una empresa visionaria y comprometida con el desarrollo inmobiliario nacional.&nbsp; En un emotivo acto encabezado por&hellip; <\/p>\n","protected":false},"author":2,"featured_media":74751,"comment_status":"closed","ping_status":"closed","sticky":false,"template":"","format":"standard","meta":{"fifu_image_url":"https:\/\/elmundodelosnegocios.com.do\/v1\/wp-content\/uploads\/2025\/12\/unnamed.png","fifu_image_alt":"","footnotes":""},"categories":[69],"tags":[],"class_list":["post-74746","post","type-post","status-publish","format-standard","has-post-thumbnail","hentry","category-construccion"],"_links":{"self":[{"href":"https:\/\/elmundodelosnegocios.com.do\/v1\/wp-json\/wp\/v2\/posts\/74746","targetHints":{"allow":["GET"]}}],"collection":[{"href":"https:\/\/elmundodelosnegocios.com.do\/v1\/wp-json\/wp\/v2\/posts"}],"about":[{"href":"https:\/\/elmundodelosnegocios.com.do\/v1\/wp-json\/wp\/v2\/types\/post"}],"author":[{"embeddable":true,"href":"https:\/\/elmundodelosnegocios.com.do\/v1\/wp-json\/wp\/v2\/users\/2"}],"replies":[{"embeddable":true,"href":"https:\/\/elmundodelosnegocios.com.do\/v1\/wp-json\/wp\/v2\/comments?post=74746"}],"version-history":[{"count":1,"href":"https:\/\/elmundodelosnegocios.com.do\/v1\/wp-json\/wp\/v2\/posts\/74746\/revisions"}],"predecessor-version":[{"id":74750,"href":"https:\/\/elmundodelosnegocios.com.do\/v1\/wp-json\/wp\/v2\/posts\/74746\/revisions\/74750"}],"wp:featuredmedia":[{"embeddable":true,"href":"https:\/\/elmundodelosnegocios.com.do\/v1\/wp-json\/wp\/v2\/media\/74751"}],"wp:attachment":[{"href":"https:\/\/elmundodelosnegocios.com.do\/v1\/wp-json\/wp\/v2\/media?parent=74746"}],"wp:term":[{"taxonomy":"category","embeddable":true,"href":"https:\/\/elmundodelosnegocios.com.do\/v1\/wp-json\/wp\/v2\/categories?post=74746"},{"taxonomy":"post_tag","embeddable":true,"href":"https:\/\/elmundodelosnegocios.com.do\/v1\/wp-json\/wp\/v2\/tags?post=74746"}],"curies":[{"name":"wp","href":"https:\/\/api.w.org\/{rel}","templated":true}]}}