{"id":74795,"date":"2025-12-01T11:01:37","date_gmt":"2025-12-01T15:31:37","guid":{"rendered":"https:\/\/elmundodelosnegocios.com.do\/v1\/?p=74795"},"modified":"2025-12-07T11:02:48","modified_gmt":"2025-12-07T15:32:48","slug":"inversion-extranjera-se-expande-en-republica-dominicana-con-instalacion-de-planta-productora-de-cerveza-corona","status":"publish","type":"post","link":"https:\/\/elmundodelosnegocios.com.do\/v1\/inversion-extranjera-se-expande-en-republica-dominicana-con-instalacion-de-planta-productora-de-cerveza-corona\/","title":{"rendered":"Inversi\u00f3n extranjera se expande en Rep\u00fablica Dominicana con instalaci\u00f3n de planta productora de cerveza Corona"},"content":{"rendered":"\n<p>Santo Domingo.-&nbsp;<strong>El presidente Luis Abinader<\/strong>&nbsp;recibi\u00f3 la visita de&nbsp;<strong>ejecutivos de<\/strong>&nbsp;<strong>Anheuser-Busch InBev<\/strong>, empresa productora de la&nbsp;<strong>cerveza Corona<\/strong>, quienes le informaron que la Rep\u00fablica Dominicana ha sido seleccionada como&nbsp;<strong>sede<\/strong>&nbsp;para la&nbsp;<strong>producci\u00f3n<\/strong>&nbsp;de esta&nbsp;<strong>ic\u00f3nica marca de cerveza<\/strong>.<\/p>\n\n\n<div class=\"wp-block-image\">\n<figure class=\"aligncenter size-large\"><img decoding=\"async\" src=\"https:\/\/presidencia.gob.do\/sites\/default\/files\/styles\/large\/public\/news\/2025-11\/1001018216.jpg?itok=AemeqThv\" alt=\"\"\/><\/figure>\n<\/div>\n\n\n<p>Esta importante inversi\u00f3n extranjera es la evidencia de la&nbsp;<strong>confianza de inversionistas<\/strong>&nbsp;en la&nbsp;<strong>seguridad jur\u00eddica y salud econ\u00f3mica del pa\u00eds,<\/strong>&nbsp;gracias a las pol\u00edticas del Gobierno y al refuerzo de la&nbsp;<strong>institucionalidad<\/strong>&nbsp;durante los \u00faltimos a\u00f1os.<\/p>\n\n\n\n<p>El presidente Abinader felicit\u00f3 por la decisi\u00f3n a&nbsp;<strong>Jean Jereissati<\/strong>, CEO de Zona Middle Am\u00e9ricas AB Inbev, y&nbsp;<strong>Fabi\u00e1n Su\u00e1rez<\/strong>, presidente de CND, junto con&nbsp;<strong>Luis \u00c1lvarez y Jochi P\u00e9rez<\/strong>, ejecutivos de Anheuser-Busch InBev, y resalt\u00f3 la &nbsp;connotaci\u00f3n de esta inversi\u00f3n para el&nbsp;<strong>crecimiento de la econom\u00eda local y la generaci\u00f3n de empleos<\/strong>.<\/p>\n\n\n\n<p><em>\u00abLogros como estos se deben a la confianza de los inversionistas en el Gobierno dominicano, por el ambiente de estabilidad econ\u00f3mica, juroridica y social\u00bb,&nbsp;<\/em>asegur\u00f3 el mandatario dominicano.<\/p>\n\n\n\n<p>La producci\u00f3n de la cerveza Corona es un&nbsp;<strong>logro significativo<\/strong>&nbsp;para el pa\u00eds y un ejemplo de la capacidad de la naci\u00f3n para atraer&nbsp;<strong>inversiones de alta calidad<\/strong>. La empresa Anheuser-Busch InBev es&nbsp;<strong>una de las mayores cerveceras<\/strong>&nbsp;<strong>del mundo<\/strong>&nbsp;y su presencia en el pa\u00eds es un&nbsp;<strong>voto de confianza<\/strong>&nbsp;en la econom\u00eda dominicana.<\/p>\n\n\n\n<figure class=\"wp-block-image\"><img decoding=\"async\" src=\"https:\/\/presidencia.gob.do\/sites\/default\/files\/inline-images\/1001018202.jpg\" alt=\"\"\/><\/figure>\n\n\n\n<p>La visita de los ejecutivos de Anheuser-Busch InBev al presidente Abinader refleja la indudable&nbsp;<strong>relaci\u00f3n entre los sectores p\u00fablico y privado<\/strong>, y una demostraci\u00f3n del compromiso de ambos en&nbsp;<strong>trabajar juntos<\/strong>&nbsp;para impulsar el crecimiento econ\u00f3mico y el desarrollo de la Rep\u00fablica Dominicana.<\/p>\n\n\n\n<p>En el encuentro, realizado en el despacho presidencial del Palacio Nacional, tambi\u00e9n estuvieron presentes el ministro de la Presidencia,&nbsp;<strong>Jos\u00e9 Ignacio Paliza,<\/strong>&nbsp;y de Industria Comercio y Mipymes,&nbsp;<strong>V\u00edctor \u201cIto\u201d Bison\u00f3.<\/strong><\/p>\n","protected":false},"excerpt":{"rendered":"<p>Santo Domingo.-&nbsp;El presidente Luis Abinader&nbsp;recibi\u00f3 la visita de&nbsp;ejecutivos de&nbsp;Anheuser-Busch InBev, empresa productora de la&nbsp;cerveza Corona, quienes le informaron que la Rep\u00fablica Dominicana ha sido seleccionada como&nbsp;sede&nbsp;para la&nbsp;producci\u00f3n&nbsp;de esta&nbsp;ic\u00f3nica marca de&hellip; <\/p>\n","protected":false},"author":2,"featured_media":74797,"comment_status":"closed","ping_status":"closed","sticky":false,"template":"","format":"standard","meta":{"fifu_image_url":"https:\/\/presidencia.gob.do\/sites\/default\/files\/styles\/large\/public\/news\/2025-11\/1001018216.jpg?itok=AemeqThv","fifu_image_alt":"","footnotes":""},"categories":[74],"tags":[],"class_list":["post-74795","post","type-post","status-publish","format-standard","has-post-thumbnail","hentry","category-comercio-internacional"],"_links":{"self":[{"href":"https:\/\/elmundodelosnegocios.com.do\/v1\/wp-json\/wp\/v2\/posts\/74795","targetHints":{"allow":["GET"]}}],"collection":[{"href":"https:\/\/elmundodelosnegocios.com.do\/v1\/wp-json\/wp\/v2\/posts"}],"about":[{"href":"https:\/\/elmundodelosnegocios.com.do\/v1\/wp-json\/wp\/v2\/types\/post"}],"author":[{"embeddable":true,"href":"https:\/\/elmundodelosnegocios.com.do\/v1\/wp-json\/wp\/v2\/users\/2"}],"replies":[{"embeddable":true,"href":"https:\/\/elmundodelosnegocios.com.do\/v1\/wp-json\/wp\/v2\/comments?post=74795"}],"version-history":[{"count":1,"href":"https:\/\/elmundodelosnegocios.com.do\/v1\/wp-json\/wp\/v2\/posts\/74795\/revisions"}],"predecessor-version":[{"id":74796,"href":"https:\/\/elmundodelosnegocios.com.do\/v1\/wp-json\/wp\/v2\/posts\/74795\/revisions\/74796"}],"wp:featuredmedia":[{"embeddable":true,"href":"https:\/\/elmundodelosnegocios.com.do\/v1\/wp-json\/wp\/v2\/media\/74797"}],"wp:attachment":[{"href":"https:\/\/elmundodelosnegocios.com.do\/v1\/wp-json\/wp\/v2\/media?parent=74795"}],"wp:term":[{"taxonomy":"category","embeddable":true,"href":"https:\/\/elmundodelosnegocios.com.do\/v1\/wp-json\/wp\/v2\/categories?post=74795"},{"taxonomy":"post_tag","embeddable":true,"href":"https:\/\/elmundodelosnegocios.com.do\/v1\/wp-json\/wp\/v2\/tags?post=74795"}],"curies":[{"name":"wp","href":"https:\/\/api.w.org\/{rel}","templated":true}]}}